{"id":12039,"date":"2021-10-28T15:29:04","date_gmt":"2021-10-28T15:29:04","guid":{"rendered":"http:\/\/www.pasadenahoy.com\/primero\/?p=12039"},"modified":"2021-10-28T15:29:07","modified_gmt":"2021-10-28T15:29:07","slug":"la-fundacion-comunitaria-de-pasadena-honrara-virtualmente-a-los-heroes-locales-el-jueves","status":"publish","type":"post","link":"http:\/\/www.pasadenahoy.com\/primero\/la-comunidad\/la-fundacion-comunitaria-de-pasadena-honrara-virtualmente-a-los-heroes-locales-el-jueves\/","title":{"rendered":"La Fundaci\u00f3n Comunitaria de Pasadena honrar\u00e1 virtualmente a los h\u00e9roes locales el jueves"},"content":{"rendered":"\n<p>La Fundaci\u00f3n Comunitaria de Pasadena (PCF) honrar\u00e1 a los h\u00e9roes locales el jueves durante una celebraci\u00f3n virtual de los h\u00e9roes locales que destaca el importante trabajo realizado por organizaciones sin fines de lucro en el \u00e1rea metropolitana de Pasadena.<\/p>\n\n\n\n<figure class=\"wp-block-image alignnone size-large\"><figure class=\"alignnone\"><img loading=\"lazy\" width=\"700\" height=\"378\" src=\"http:\/\/www.pasadenahoy.com\/primero\/wp-content\/uploads\/2021\/10\/pic-4-12.jpg\" alt=\"\" class=\"wp-image-12040\" srcset=\"http:\/\/www.pasadenahoy.com\/primero\/wp-content\/uploads\/2021\/10\/pic-4-12.jpg 700w, http:\/\/www.pasadenahoy.com\/primero\/wp-content\/uploads\/2021\/10\/pic-4-12-300x162.jpg 300w, http:\/\/www.pasadenahoy.com\/primero\/wp-content\/uploads\/2021\/10\/pic-4-12-241x130.jpg 241w, http:\/\/www.pasadenahoy.com\/primero\/wp-content\/uploads\/2021\/10\/pic-4-12-333x180.jpg 333w, http:\/\/www.pasadenahoy.com\/primero\/wp-content\/uploads\/2021\/10\/pic-4-12-360x194.jpg 360w\" sizes=\"100vw\" \/><\/figure><\/figure>\n\n\n\n<p>El t\u00e9rmino &#8220;h\u00e9roes locales&#8221;, seg\u00fan una declaraci\u00f3n de PCF, incluye a los l\u00edderes y al personal de las organizaciones sin fines de lucro en el \u00e1rea que trabajan para lograr un impacto significativo en las vidas de los residentes. Tambi\u00e9n incluyen donantes generosos cuyo apoyo permite al PCF otorgar importantes subvenciones cada a\u00f1o.<\/p>\n\n\n\n<p>Durante m\u00e1s de 22 a\u00f1os, la celebraci\u00f3n se ha realizado tradicionalmente en persona en el Club Universitario de Pasadena pero tuvo que ser virtual desde el a\u00f1o pasado debido a la pandemia.<\/p>\n\n\n\n<p>El evento del jueves, que comienza al mediod\u00eda, est\u00e1 abierto a los miembros del p\u00fablico, que pueden conectarse a trav\u00e9s de Zoom a trav\u00e9s de <a href=\"https:\/\/us02web.zoom.us\/j\/88515856552?pwd=VVlwLzRKb2oxNVZUTWY4ejlscjFsUT09\">https:\/\/us02web.zoom.us\/j\/88515856552?pwd=VVlwLzRKb2oxNVZUTWY4ejlscjFsUT09<\/a>. La identificaci\u00f3n de la reuni\u00f3n es 885 1585 6552 y el c\u00f3digo de acceso es 597217.<\/p>\n\n\n\n<p>Este a\u00f1o, el alcalde de Pasadena, Victor Gordo, inicia el programa de 45 minutos presentando un video que ayudar\u00e1 a los residentes de Pasadena a apreciar el trabajo continuo que se necesita para construir y nutrir una comunidad saludable, dijo Sarah Hilbert, gerente de comunicaciones y marketing de PCF.<\/p>\n\n\n\n<p>\u201cEl video se enfocar\u00e1 en la Iniciativa de Vacuna Equitativa, que reuni\u00f3 a PCF con el Departamento de Salud P\u00fablica de nuestra ciudad, el Hospital Huntington y organizaciones sin fines de lucro locales como NAACP, Ministerios Harambee y Planned Parenthood Pasadena y San Gabriel Valley para garantizar que TODOS los residentes pudieran recibir Vacunas COVID-19 \u201d, dijo Hilbert.<\/p>\n\n\n\n<p>\u201cJuntos, con fondos de PCF, estas organizaciones pudieron establecer cl\u00ednicas de vacunaci\u00f3n emergentes en el vecindario para atender a los vecinos de toda la ciudad\u201d, dijo. &#8220;Estamos muy orgullosos de financiar esta incre\u00edble colaboraci\u00f3n y ser\u00e1 un punto culminante caracter\u00edstico de nuestro evento&#8221;.<\/p>\n\n\n\n<p>El evento tambi\u00e9n mostrar\u00e1 que, para finales de este a\u00f1o, PCF habr\u00e1 otorgado $ 2.7 millones directamente a organizaciones locales sin fines de lucro.<\/p>\n\n\n\n<p>Bajo su Programa de Subvenciones de Capital, el PCF ha otorgado $ 659,000 a organizaciones sin fines de lucro locales para ayudar con proyectos de infraestructura de misi\u00f3n cr\u00edtica. Tres de los beneficiarios, Door of Hope, Pasadena Heritage y Villa Esperanza Services, recibieron $ 50,000 cada uno como un premio especial \u00fanico que se espera sea transformador para sus misiones.<\/p>\n\n\n\n<p>Adem\u00e1s de la Iniciativa de Vacunas Equitativas, PCF tambi\u00e9n ha apoyado el Programa de Subvenciones para Peque\u00f1as Empresas COVID-19 de la ciudad al ayudar a 59 peque\u00f1as empresas, la mayor\u00eda de ellas propiedad de minor\u00edas, a recibir fondos para ayudar a mantener sus puertas abiertas durante este tiempo peligroso.<\/p>\n\n\n\n<p>La fundaci\u00f3n ha otorgado casi $ 100,000 como parte de su Programa de Subvenciones de Recuperaci\u00f3n de Artes Visuales y Esc\u00e9nicas que proporciona fondos de ayuda a las organizaciones art\u00edsticas locales gravemente afectadas por la pandemia, y a trav\u00e9s de su Programa de Becas PCF ha apoyado a 28 graduados del Distrito Escolar Unificado de Pasadena que asisten a Pasadena City College.<\/p>\n\n\n\n<p>La fundaci\u00f3n tambi\u00e9n anunciar\u00e1 el debut de dos nuevos programas de subvenciones: un Programa de Subvenciones para el Bienestar Animal, con $ 25,000 en fondos para Pasadena Humane y PAWS \/ LA; y un Programa de Subvenciones para la Equidad Racial que tiene la intenci\u00f3n de otorgar hasta $ 250,000 en premios a partir de finales de este a\u00f1o.<\/p>\n\n\n\n<p>\u201cEl evento brinda una gran inspiraci\u00f3n para involucrarnos m\u00e1s en nuestra comunidad y para apoyar tanto los esfuerzos de PCF como los de las organizaciones sin fines de lucro locales\u201d, dijo Hilbert.<\/p>\n","protected":false},"excerpt":{"rendered":"<p>La Fundaci\u00f3n Comunitaria de Pasadena (PCF) honrar\u00e1 a los h\u00e9roes locales el jueves durante una celebraci\u00f3n virtual de los h\u00e9roes locales que destaca el importante trabajo realizado por organizaciones sin fines de lucro en el \u00e1rea metropolitana de Pasadena. El t\u00e9rmino &#8220;h\u00e9roes locales&#8221;, seg\u00fan una declaraci\u00f3n de PCF, incluye a los l\u00edderes y al personal de las organizaciones sin fines de lucro en el \u00e1rea que trabajan para lograr un impacto significativo en las vidas de los residentes. Tambi\u00e9n incluyen [&hellip;]<\/p>\n","protected":false},"author":4,"featured_media":0,"comment_status":"open","ping_status":"closed","sticky":false,"template":"","format":"standard","meta":[],"categories":[4],"tags":[],"acf":[],"_links":{"self":[{"href":"http:\/\/www.pasadenahoy.com\/primero\/wp-json\/wp\/v2\/posts\/12039"}],"collection":[{"href":"http:\/\/www.pasadenahoy.com\/primero\/wp-json\/wp\/v2\/posts"}],"about":[{"href":"http:\/\/www.pasadenahoy.com\/primero\/wp-json\/wp\/v2\/types\/post"}],"author":[{"embeddable":true,"href":"http:\/\/www.pasadenahoy.com\/primero\/wp-json\/wp\/v2\/users\/4"}],"replies":[{"embeddable":true,"href":"http:\/\/www.pasadenahoy.com\/primero\/wp-json\/wp\/v2\/comments?post=12039"}],"version-history":[{"count":2,"href":"http:\/\/www.pasadenahoy.com\/primero\/wp-json\/wp\/v2\/posts\/12039\/revisions"}],"predecessor-version":[{"id":12042,"href":"http:\/\/www.pasadenahoy.com\/primero\/wp-json\/wp\/v2\/posts\/12039\/revisions\/12042"}],"wp:attachment":[{"href":"http:\/\/www.pasadenahoy.com\/primero\/wp-json\/wp\/v2\/media?parent=12039"}],"wp:term":[{"taxonomy":"category","embeddable":true,"href":"http:\/\/www.pasadenahoy.com\/primero\/wp-json\/wp\/v2\/categories?post=12039"},{"taxonomy":"post_tag","embeddable":true,"href":"http:\/\/www.pasadenahoy.com\/primero\/wp-json\/wp\/v2\/tags?post=12039"}],"curies":[{"name":"wp","href":"https:\/\/api.w.org\/{rel}","templated":true}]}}