{"id":12043,"date":"2021-10-28T15:33:06","date_gmt":"2021-10-28T15:33:06","guid":{"rendered":"http:\/\/www.pasadenahoy.com\/primero\/?p=12043"},"modified":"2021-10-28T15:33:09","modified_gmt":"2021-10-28T15:33:09","slug":"adolescente-azotado-con-pistola-durante-un-enfrentamiento-en-pasadena","status":"publish","type":"post","link":"http:\/\/www.pasadenahoy.com\/primero\/la-comunidad\/adolescente-azotado-con-pistola-durante-un-enfrentamiento-en-pasadena\/","title":{"rendered":"Adolescente azotado con pistola durante un enfrentamiento en Pasadena"},"content":{"rendered":"\n<figure class=\"wp-block-image alignnone size-large\"><figure class=\"alignnone\"><img loading=\"lazy\" width=\"700\" height=\"378\" src=\"http:\/\/www.pasadenahoy.com\/primero\/wp-content\/uploads\/2021\/10\/pic-5-5.png\" alt=\"\" class=\"wp-image-12044\" srcset=\"http:\/\/www.pasadenahoy.com\/primero\/wp-content\/uploads\/2021\/10\/pic-5-5.png 700w, http:\/\/www.pasadenahoy.com\/primero\/wp-content\/uploads\/2021\/10\/pic-5-5-300x162.png 300w, http:\/\/www.pasadenahoy.com\/primero\/wp-content\/uploads\/2021\/10\/pic-5-5-241x130.png 241w, http:\/\/www.pasadenahoy.com\/primero\/wp-content\/uploads\/2021\/10\/pic-5-5-333x180.png 333w, http:\/\/www.pasadenahoy.com\/primero\/wp-content\/uploads\/2021\/10\/pic-5-5-360x194.png 360w\" sizes=\"100vw\" \/><figcaption><span class=\"caption-text\">\u00a9 Colaboradores de OpenStreetMap<\/span><\/figcaption><\/figure><\/figure>\n\n\n\n<p>Un adolescente fue azotado con una pistola el martes en Pasadena durante lo que la polic\u00eda cree que fue un enfrentamiento relacionado con pandillas.<\/p>\n\n\n\n<p>El incidente se desarroll\u00f3 alrededor de las 11:55 a.m. en Daisy Avenue y Nina Street, seg\u00fan el teniente de polic\u00eda de Pasadena, Sean Dawkins.<\/p>\n\n\n\n<p>La v\u00edctima de 17 a\u00f1os caminaba por la calle cuando vio a otra persona, a quien reconoci\u00f3, con una pistola metida en la cintura, dijo el teniente.<\/p>\n\n\n\n<p>Luego de un intercambio de palabras, el sospechoso apunt\u00f3 con el arma al adolescente y los dos se involucraron en una pelea, dijo. El atacante finalmente golpe\u00f3 al adolescente en la cabeza con la pistola, caus\u00e1ndole laceraciones en la cabeza y la cara.<\/p>\n\n\n\n<p>El adolescente fue llevado a un hospital para recibir tratamiento por lesiones que no ponen en peligro su vida, dijo Dawkins.<\/p>\n\n\n\n<p>No se conoc\u00eda una descripci\u00f3n del sospechoso, ya que la joven v\u00edctima no parec\u00eda estar cooperando completamente con los investigadores, dijo.<\/p>\n\n\n\n<p>No hubo m\u00e1s detalles disponibles.<\/p>\n\n\n\n<p>Cualquier persona que tenga informaci\u00f3n puede comunicarse con el Departamento de Polic\u00eda de Pasadena al (626) 744-4501. Las pistas tambi\u00e9n se pueden enviar de forma an\u00f3nima a <a href=\"https:\/\/www.lacrimestoppers.org\/\">L.A. Regional Crime Stoppers <\/a>al (800) 222-8477.<\/p>\n","protected":false},"excerpt":{"rendered":"<p>Un adolescente fue azotado con una pistola el martes en Pasadena durante lo que la polic\u00eda cree que fue un enfrentamiento relacionado con pandillas. El incidente se desarroll\u00f3 alrededor de las 11:55 a.m. en Daisy Avenue y Nina Street, seg\u00fan el teniente de polic\u00eda de Pasadena, Sean Dawkins. La v\u00edctima de 17 a\u00f1os caminaba por la calle cuando vio a otra persona, a quien reconoci\u00f3, con una pistola metida en la cintura, dijo el teniente. Luego de un intercambio de [&hellip;]<\/p>\n","protected":false},"author":4,"featured_media":0,"comment_status":"open","ping_status":"closed","sticky":false,"template":"","format":"standard","meta":[],"categories":[4],"tags":[],"acf":[],"_links":{"self":[{"href":"http:\/\/www.pasadenahoy.com\/primero\/wp-json\/wp\/v2\/posts\/12043"}],"collection":[{"href":"http:\/\/www.pasadenahoy.com\/primero\/wp-json\/wp\/v2\/posts"}],"about":[{"href":"http:\/\/www.pasadenahoy.com\/primero\/wp-json\/wp\/v2\/types\/post"}],"author":[{"embeddable":true,"href":"http:\/\/www.pasadenahoy.com\/primero\/wp-json\/wp\/v2\/users\/4"}],"replies":[{"embeddable":true,"href":"http:\/\/www.pasadenahoy.com\/primero\/wp-json\/wp\/v2\/comments?post=12043"}],"version-history":[{"count":2,"href":"http:\/\/www.pasadenahoy.com\/primero\/wp-json\/wp\/v2\/posts\/12043\/revisions"}],"predecessor-version":[{"id":12046,"href":"http:\/\/www.pasadenahoy.com\/primero\/wp-json\/wp\/v2\/posts\/12043\/revisions\/12046"}],"wp:attachment":[{"href":"http:\/\/www.pasadenahoy.com\/primero\/wp-json\/wp\/v2\/media?parent=12043"}],"wp:term":[{"taxonomy":"category","embeddable":true,"href":"http:\/\/www.pasadenahoy.com\/primero\/wp-json\/wp\/v2\/categories?post=12043"},{"taxonomy":"post_tag","embeddable":true,"href":"http:\/\/www.pasadenahoy.com\/primero\/wp-json\/wp\/v2\/tags?post=12043"}],"curies":[{"name":"wp","href":"https:\/\/api.w.org\/{rel}","templated":true}]}}