{"id":12058,"date":"2021-10-29T15:27:11","date_gmt":"2021-10-29T15:27:11","guid":{"rendered":"http:\/\/www.pasadenahoy.com\/primero\/?p=12058"},"modified":"2021-10-29T15:27:14","modified_gmt":"2021-10-29T15:27:14","slug":"empleados-de-jpl-protestaran-por-mandato-federal-de-vacunacion-covid-19","status":"publish","type":"post","link":"http:\/\/www.pasadenahoy.com\/primero\/la-comunidad\/empleados-de-jpl-protestaran-por-mandato-federal-de-vacunacion-covid-19\/","title":{"rendered":"Empleados de JPL protestar\u00e1n por mandato federal de vacunaci\u00f3n COVID-19"},"content":{"rendered":"\n<div class=\"wp-block-image alignright\"><figure class=\"alignright size-large\"><img loading=\"lazy\" width=\"360\" height=\"463\" src=\"http:\/\/www.pasadenahoy.com\/primero\/wp-content\/uploads\/2021\/10\/pic-2-1.png\" alt=\"\" class=\"wp-image-12059\" srcset=\"http:\/\/www.pasadenahoy.com\/primero\/wp-content\/uploads\/2021\/10\/pic-2-1.png 360w, http:\/\/www.pasadenahoy.com\/primero\/wp-content\/uploads\/2021\/10\/pic-2-1-233x300.png 233w, http:\/\/www.pasadenahoy.com\/primero\/wp-content\/uploads\/2021\/10\/pic-2-1-101x130.png 101w, http:\/\/www.pasadenahoy.com\/primero\/wp-content\/uploads\/2021\/10\/pic-2-1-140x180.png 140w\" sizes=\"100vw\" \/><\/figure><\/div>\n\n\n\n<p>Un grupo de empleados del Laboratorio de Propulsi\u00f3n a Chorro de la NASA est\u00e1 planeando una demostraci\u00f3n en Pasadena el lunes para denunciar un mandato federal de vacunaci\u00f3n que requerir\u00e1 que todos los empleados del JPL est\u00e9n completamente vacunados para el 8 de diciembre o enfrentar un posible despido.<\/p>\n\n\n\n<p>Los miembros del grupo JPLNoVaxMandate planean realizar su protesta desde las 7 a.m. hasta el mediod\u00eda en Oak Grove Drive y Foothill Boulevard, cerca de Hahamongna Watershed Park, dijeron los organizadores.<\/p>\n\n\n\n<p>De acuerdo con un mandato federal que afecta a todos los contratistas federales, incluido el JPL, los empleados deber\u00e1n recibir sus dosis finales de vacuna antes del 23 de noviembre para cumplir con el requisito, ya que la vacunaci\u00f3n no se considera completa hasta dos semanas despu\u00e9s de la dosis final.<\/p>\n\n\n\n<p>&#8220;A partir del 8 de diciembre de 2021, la vacunaci\u00f3n ser\u00e1 una condici\u00f3n de empleo para los empleados del JPL y un requisito para los afiliados y contratistas con distintivo que trabajen para el JPL, independientemente de si trabaja en el laboratorio, en otra instalaci\u00f3n del JPL o fuera del sitio&#8221;. los estados de la <a href=\"http:\/\/policy states.\">pol\u00edtica<\/a>.<\/p>\n\n\n\n<p>Aquellos que no cumplan con el requisito ser\u00e1n colocados en una licencia sin goce de sueldo de seis semanas, dijo el administrador comercial de JPL y miembro de JPLNoVaxMandate, Taylor Ingram.<\/p>\n\n\n\n<p>\u201cY en ese momento, si no nos vacunamos, perderemos nuestros trabajos. JPL no nos ha dado la opci\u00f3n de continuar probando. Esto se aplica a los empleados que trabajan en casa a tiempo completo, empleados que trabajan fuera del estado \u201d, dijo.<\/p>\n\n\n\n<p>&#8220;As\u00ed que vamos a perder nuestros trabajos y creemos que hay hasta 1.000 empleados en JPL que no han recibido la vacuna&#8221;, seg\u00fan Ingram. &#8220;Sin embargo, no tenemos ninguna forma de averiguar cu\u00e1l es ese n\u00famero en realidad a menos que comencemos a protestar y a hacer que otros empleados se den cuenta de nuestro movimiento&#8221;.<\/p>\n\n\n\n<p>La manifestaci\u00f3n no est\u00e1 en oposici\u00f3n a la vacunaci\u00f3n, sino en apoyo de la libertad personal, dijo el t\u00e9cnico de desarrollo de ingenier\u00eda de JPL y miembro de JPLNoVaxMandate, Caleb Macy.<\/p>\n\n\n\n<p>\u201cHay varios de nosotros que estamos muy preocupados por las implicaciones para nuestras libertades. Y si el gobierno, o cualquier otra persona, tiene el derecho de decirte lo que tienes que tener en tu cuerpo, eso te lleva por un camino muy oscuro \u201d, dijo.<\/p>\n\n\n\n<p>\u201cTenemos tanto personas vacunadas como no vacunadas en nuestro grupo, pero todo el mundo solo quiere defender la soberan\u00eda del cuerpo, el derecho a elegir y la libertad m\u00e9dica\u201d, dijo Macy.<\/p>\n\n\n\n<p>Varios empleados expresaron su preocupaci\u00f3n por el enfoque de las exenciones m\u00e9dicas o religiosas de la pol\u00edtica.<\/p>\n\n\n\n<p>Se implementar\u00e1 un procedimiento para que los empleados soliciten exenciones el 1 de noviembre, seg\u00fan Ingram.<\/p>\n\n\n\n<p>\u201cPero no nos dan informaci\u00f3n clara sobre c\u00f3mo va a ir. Solo nos han dado ejemplos de c\u00f3mo podr\u00eda verse el papeleo y no se ha definido un proceso claro &#8220;, dijo.<\/p>\n\n\n\n<p>\u201cSolo nos dan un per\u00edodo de ocho d\u00edas para solicitar una exenci\u00f3n para este proceso, y luego se cerrar\u00e1. Y no hay un cronograma definido en cuanto a cu\u00e1nto tiempo tomar\u00e1 informarnos, tampoco, o cualquier tipo de proceso de apelaci\u00f3n en el lugar &#8220;.<\/p>\n\n\n\n<p>Macy tambi\u00e9n se opuso a la pol\u00edtica de exenciones.<\/p>\n\n\n\n<p>&#8220;Parece que est\u00e1n tratando de correr el tiempo y no permiten realmente ajustes razonables o disentimiento de simplemente hacer fila y vacunarse o perder su trabajo&#8221;, dijo.<\/p>\n\n\n\n<p>\u201cPorque que te digan: &#8216;Haz esto o perder\u00e1s tu trabajo, perder\u00e1s aquello por lo que has trabajado, todo por lo que has trabajado en tu carrera, no puedes mantener a tu familia&#8217;, eso no te da una opci\u00f3n . Eso te obliga, y eso est\u00e1 mal &#8220;.<\/p>\n\n\n\n<p>JPL ha sido tradicionalmente un lugar seguro para trabajar, agreg\u00f3 Macy. \u201cEs alucinante para m\u00ed que si bien no hay una categor\u00eda aqu\u00ed en las pautas del JPL, esta es una ofensa disparable. Estamos hablando de un f\u00e1rmaco experimental &#8220;.<\/p>\n\n\n\n<p>El problema es mucho mayor que el de cualquier empleador, dijo.<\/p>\n\n\n\n<p>\u201cLa protesta no es solo para JPL. Es por la libertad de todos y su derecho a elegir lo que entra en su cuerpo y poder tener creencias firmemente arraigadas &#8220;, dijo.<\/p>\n\n\n\n<p>\u201cTodos nosotros en este grupo y muchas otras personas aqu\u00ed en JPL estamos considerando la posibilidad de perder nuestros trabajos, y estamos de acuerdo con esa consecuencia, porque estas son nuestras creencias y nuestros principios, y vamos a mantenernos firmes. ellos \u201d, dijo Macy.<\/p>\n\n\n\n<p>Otro empleado, que pidi\u00f3 que no se publicara su nombre, dijo que era abrumador enfrentarse a una posible &#8220;aniquilaci\u00f3n profesional&#8221; por el mandato de la vacuna.<\/p>\n\n\n\n<p>\u201cPas\u00e9 seis a\u00f1os recibiendo educaci\u00f3n para este campo y cuando lo hice no ten\u00eda la impresi\u00f3n de que me iban a obligar a recibir inyecciones m\u00e9dicas para esta carrera\u201d, dijo. \u201cY ahora me enfrento a la imposibilidad de seguir adelante con mi carrera. As\u00ed que hay muchos de nosotros en este barco y es tr\u00e1gico. Es cruel, honestamente &#8220;.<\/p>\n","protected":false},"excerpt":{"rendered":"<p>Un grupo de empleados del Laboratorio de Propulsi\u00f3n a Chorro de la NASA est\u00e1 planeando una demostraci\u00f3n en Pasadena el lunes para denunciar un mandato federal de vacunaci\u00f3n que requerir\u00e1 que todos los empleados del JPL est\u00e9n completamente vacunados para el 8 de diciembre o enfrentar un posible despido. Los miembros del grupo JPLNoVaxMandate planean realizar su protesta desde las 7 a.m. hasta el mediod\u00eda en Oak Grove Drive y Foothill Boulevard, cerca de Hahamongna Watershed Park, dijeron los organizadores. [&hellip;]<\/p>\n","protected":false},"author":4,"featured_media":12059,"comment_status":"open","ping_status":"closed","sticky":false,"template":"","format":"standard","meta":[],"categories":[4],"tags":[],"acf":[],"_links":{"self":[{"href":"http:\/\/www.pasadenahoy.com\/primero\/wp-json\/wp\/v2\/posts\/12058"}],"collection":[{"href":"http:\/\/www.pasadenahoy.com\/primero\/wp-json\/wp\/v2\/posts"}],"about":[{"href":"http:\/\/www.pasadenahoy.com\/primero\/wp-json\/wp\/v2\/types\/post"}],"author":[{"embeddable":true,"href":"http:\/\/www.pasadenahoy.com\/primero\/wp-json\/wp\/v2\/users\/4"}],"replies":[{"embeddable":true,"href":"http:\/\/www.pasadenahoy.com\/primero\/wp-json\/wp\/v2\/comments?post=12058"}],"version-history":[{"count":2,"href":"http:\/\/www.pasadenahoy.com\/primero\/wp-json\/wp\/v2\/posts\/12058\/revisions"}],"predecessor-version":[{"id":12061,"href":"http:\/\/www.pasadenahoy.com\/primero\/wp-json\/wp\/v2\/posts\/12058\/revisions\/12061"}],"wp:featuredmedia":[{"embeddable":true,"href":"http:\/\/www.pasadenahoy.com\/primero\/wp-json\/wp\/v2\/media\/12059"}],"wp:attachment":[{"href":"http:\/\/www.pasadenahoy.com\/primero\/wp-json\/wp\/v2\/media?parent=12058"}],"wp:term":[{"taxonomy":"category","embeddable":true,"href":"http:\/\/www.pasadenahoy.com\/primero\/wp-json\/wp\/v2\/categories?post=12058"},{"taxonomy":"post_tag","embeddable":true,"href":"http:\/\/www.pasadenahoy.com\/primero\/wp-json\/wp\/v2\/tags?post=12058"}],"curies":[{"name":"wp","href":"https:\/\/api.w.org\/{rel}","templated":true}]}}