{"id":12088,"date":"2021-11-01T15:35:25","date_gmt":"2021-11-01T15:35:25","guid":{"rendered":"http:\/\/www.pasadenahoy.com\/primero\/?p=12088"},"modified":"2021-11-01T15:35:27","modified_gmt":"2021-11-01T15:35:27","slug":"el-consejo-esta-listo-para-tomar-hoy-la-decision-final-sobre-la-eliminacion-del-estacionamiento-gratuito-de-90-minutos-en-las-estructuras-de-estacionamiento-propiedad-de-la-ciudad","status":"publish","type":"post","link":"http:\/\/www.pasadenahoy.com\/primero\/el-gobierno-local\/el-consejo-esta-listo-para-tomar-hoy-la-decision-final-sobre-la-eliminacion-del-estacionamiento-gratuito-de-90-minutos-en-las-estructuras-de-estacionamiento-propiedad-de-la-ciudad\/","title":{"rendered":"El Consejo est\u00e1 listo para tomar hoy la decisi\u00f3n final sobre la eliminaci\u00f3n del estacionamiento gratuito de 90 minutos en las estructuras de estacionamiento propiedad de la ciudad"},"content":{"rendered":"\n<figure class=\"wp-block-image alignnone size-large\"><figure class=\"alignnone\"><img loading=\"lazy\" width=\"700\" height=\"378\" src=\"http:\/\/www.pasadenahoy.com\/primero\/wp-content\/uploads\/2021\/11\/pic-2.jpg\" alt=\"\" class=\"wp-image-12089\" srcset=\"http:\/\/www.pasadenahoy.com\/primero\/wp-content\/uploads\/2021\/11\/pic-2.jpg 700w, http:\/\/www.pasadenahoy.com\/primero\/wp-content\/uploads\/2021\/11\/pic-2-300x162.jpg 300w, http:\/\/www.pasadenahoy.com\/primero\/wp-content\/uploads\/2021\/11\/pic-2-241x130.jpg 241w, http:\/\/www.pasadenahoy.com\/primero\/wp-content\/uploads\/2021\/11\/pic-2-333x180.jpg 333w, http:\/\/www.pasadenahoy.com\/primero\/wp-content\/uploads\/2021\/11\/pic-2-360x194.jpg 360w\" sizes=\"100vw\" \/><\/figure><\/figure>\n\n\n\n<p>A partir de julio, es posible que los conductores no puedan estacionar sus veh\u00edculos en las estructuras de estacionamiento de la ciudad de forma gratuita durante los primeros 90 minutos.<\/p>\n\n\n\n<p>El lunes, el Concejo Municipal votar\u00e1 para eliminar el per\u00edodo de estacionamiento gratuito de 90 minutos en todas las estructuras de estacionamiento de propiedad de la ciudad aplicables. El nuevo programa de tarifas de estacionamiento modifica la estructura de tarifas por hora para cobrar $ 1 por las primeras dos horas, $ 2 por cada hora subsiguiente con una tarifa m\u00e1xima diaria de $ 12 en las estructuras de estacionamiento de la ciudad a partir del 1 de julio.<\/p>\n\n\n\n<p>La ciudad posee nueve estacionamientos en las \u00e1reas del Civic Center y Old Pasadena. El asunto fue abordado por el Comit\u00e9 de Servicios Municipales a principios de este mes. El comit\u00e9 vot\u00f3 para implementar los cambios.<\/p>\n\n\n\n<p>La votaci\u00f3n del consejo tambi\u00e9n autorizar\u00eda la implementaci\u00f3n de un sistema de validaci\u00f3n que permitir\u00eda a las empresas locales comprar validaciones de estacionamiento para su uso en los garajes de la ciudad a las tarifas establecidas en el programa general de tarifas de la ciudad.<\/p>\n\n\n\n<p>El cambio se utilizar\u00eda para financiar las reparaciones de los garajes de la ciudad. El fondo de estacionamiento de la ciudad no tiene actualmente el dinero disponible para estas reparaciones. Hist\u00f3ricamente, los ingresos del Fondo 407 solo han podido cubrir los costos operativos y son insuficientes para hacer frente a reparaciones m\u00e1s importantes.<\/p>\n\n\n\n<p>&#8220;El informe del consultor identific\u00f3 reparaciones necesarias por valor de $ 12,150,427 en toda la cartera de la ciudad, con aproximadamente $ 9.5 millones de estas reparaciones recomendadas para ser completadas para fines del a\u00f1o fiscal 2024&#8221;, seg\u00fan un informe del personal contenido en la agenda del consejo del lunes. \u201cEstos costos a corto plazo se priorizan como m\u00e1s urgentes en funci\u00f3n de la antig\u00fcedad del equipo actual que necesita reemplazo, o la urgencia de la necesidad de reparaci\u00f3n en funci\u00f3n de la viabilidad futura de la instalaci\u00f3n\u201d.<\/p>\n\n\n\n<p>Los gastos en los garajes de la ciudad han aumentado aproximadamente un 3% por a\u00f1o durante los \u00faltimos 20 a\u00f1os.<\/p>\n\n\n\n<p>El Fondo 407 finaliz\u00f3 el a\u00f1o fiscal 2021 con un saldo de fondos de $ 429,186, que es inferior a aproximadamente $ 5 millones. Se proyecta que el Fondo 407 finalizar\u00e1 el a\u00f1o fiscal 2022 con un saldo de fondo negativo de &#8211; $ 1,519,796.<\/p>\n\n\n\n<p>El trabajo que se debe realizar antes de fines de 2024 incluye reparaciones y actualizaciones en los sistemas de escape de mon\u00f3xido de carbono en tres garajes propiedad de la ciudad, mejora de los sistemas y cabinas de ascensores envejecidos en ocho garajes, instalaci\u00f3n de un nuevo revestimiento en la azotea de un garaje y mejora de la sistemas de iluminaci\u00f3n en las nueve estructuras.<\/p>\n","protected":false},"excerpt":{"rendered":"<p>A partir de julio, es posible que los conductores no puedan estacionar sus veh\u00edculos en las estructuras de estacionamiento de la ciudad de forma gratuita durante los primeros 90 minutos. El lunes, el Concejo Municipal votar\u00e1 para eliminar el per\u00edodo de estacionamiento gratuito de 90 minutos en todas las estructuras de estacionamiento de propiedad de la ciudad aplicables. El nuevo programa de tarifas de estacionamiento modifica la estructura de tarifas por hora para cobrar $ 1 por las primeras dos [&hellip;]<\/p>\n","protected":false},"author":4,"featured_media":12089,"comment_status":"open","ping_status":"closed","sticky":false,"template":"","format":"standard","meta":[],"categories":[6],"tags":[],"acf":[],"_links":{"self":[{"href":"http:\/\/www.pasadenahoy.com\/primero\/wp-json\/wp\/v2\/posts\/12088"}],"collection":[{"href":"http:\/\/www.pasadenahoy.com\/primero\/wp-json\/wp\/v2\/posts"}],"about":[{"href":"http:\/\/www.pasadenahoy.com\/primero\/wp-json\/wp\/v2\/types\/post"}],"author":[{"embeddable":true,"href":"http:\/\/www.pasadenahoy.com\/primero\/wp-json\/wp\/v2\/users\/4"}],"replies":[{"embeddable":true,"href":"http:\/\/www.pasadenahoy.com\/primero\/wp-json\/wp\/v2\/comments?post=12088"}],"version-history":[{"count":2,"href":"http:\/\/www.pasadenahoy.com\/primero\/wp-json\/wp\/v2\/posts\/12088\/revisions"}],"predecessor-version":[{"id":12091,"href":"http:\/\/www.pasadenahoy.com\/primero\/wp-json\/wp\/v2\/posts\/12088\/revisions\/12091"}],"wp:featuredmedia":[{"embeddable":true,"href":"http:\/\/www.pasadenahoy.com\/primero\/wp-json\/wp\/v2\/media\/12089"}],"wp:attachment":[{"href":"http:\/\/www.pasadenahoy.com\/primero\/wp-json\/wp\/v2\/media?parent=12088"}],"wp:term":[{"taxonomy":"category","embeddable":true,"href":"http:\/\/www.pasadenahoy.com\/primero\/wp-json\/wp\/v2\/categories?post=12088"},{"taxonomy":"post_tag","embeddable":true,"href":"http:\/\/www.pasadenahoy.com\/primero\/wp-json\/wp\/v2\/tags?post=12088"}],"curies":[{"name":"wp","href":"https:\/\/api.w.org\/{rel}","templated":true}]}}