{"id":12096,"date":"2021-11-01T15:46:59","date_gmt":"2021-11-01T15:46:59","guid":{"rendered":"http:\/\/www.pasadenahoy.com\/primero\/?p=12096"},"modified":"2021-11-01T15:47:02","modified_gmt":"2021-11-01T15:47:02","slug":"teamsters-para-demostrar-su-apoyo-al-contrato-de-estacionamiento","status":"publish","type":"post","link":"http:\/\/www.pasadenahoy.com\/primero\/la-comunidad\/teamsters-para-demostrar-su-apoyo-al-contrato-de-estacionamiento\/","title":{"rendered":"Teamsters para demostrar su apoyo al contrato de estacionamiento"},"content":{"rendered":"\n<figure class=\"wp-block-image alignnone size-large\"><figure class=\"alignnone\"><img loading=\"lazy\" width=\"700\" height=\"378\" src=\"http:\/\/www.pasadenahoy.com\/primero\/wp-content\/uploads\/2021\/11\/pic-4.jpeg\" alt=\"\" class=\"wp-image-12097\" srcset=\"http:\/\/www.pasadenahoy.com\/primero\/wp-content\/uploads\/2021\/11\/pic-4.jpeg 700w, http:\/\/www.pasadenahoy.com\/primero\/wp-content\/uploads\/2021\/11\/pic-4-300x162.jpeg 300w, http:\/\/www.pasadenahoy.com\/primero\/wp-content\/uploads\/2021\/11\/pic-4-241x130.jpeg 241w, http:\/\/www.pasadenahoy.com\/primero\/wp-content\/uploads\/2021\/11\/pic-4-333x180.jpeg 333w, http:\/\/www.pasadenahoy.com\/primero\/wp-content\/uploads\/2021\/11\/pic-4-360x194.jpeg 360w\" sizes=\"100vw\" \/><figcaption><span class=\"caption-text\">Los camioneros se manifiestan frente al Ayuntamiento de Pasadena el viernes 29 de octubre de 2021 y planean regresar el lunes siguiente. [Foto cortes\u00eda]<\/span><\/figcaption><\/figure><\/figure>\n\n\n\n<p>Los camioneros locales el lunes planean manifestarse frente al Ayuntamiento en apoyo de un contrato de tres a\u00f1os por $ 9 millones con Parking Concepts Inc. que pondr\u00eda los nueve garajes de propiedad de la ciudad bajo el control de una compa\u00f1\u00eda de administraci\u00f3n.<br>El evento se llevar\u00e1 a cabo de 10 a.<\/p>\n\n\n\n<p>Los Teamsters realizaron una manifestaci\u00f3n similar el viernes.<\/p>\n\n\n\n<p>\u201cLa ciudad otorgar\u00e1 un contrato de administraci\u00f3n de estacionamiento para los nueve estacionamientos de Pasadena a un contratista\u201d, dijo Beto L\u00f3pez de Teamsters Local 911. \u201cAl hacer esto, la ciudad de Pasadena puede ahorrar hasta $ 2 millones, seg\u00fan dos auditor\u00edas realizadas en 2018 y 2019. La ciudad realiz\u00f3 una solicitud de propuestas (RFP) y evalu\u00f3 a varias empresas para esta RFP y al personal decidido a recomendar el contrato a la empresa de estacionamiento que recibi\u00f3 la puntuaci\u00f3n m\u00e1s alta del panel de RFP, as\u00ed como tres votos del Comit\u00e9 de Servicios Municipales. Uno de los miembros del consejo en el comit\u00e9 vot\u00f3 no en contra de la recomendaci\u00f3n del personal y puede intentar otorgarla a otra empresa que ocup\u00f3 el tercer lugar en la evaluaci\u00f3n del panel &#8220;.<\/p>\n\n\n\n<p>Teamsters Local 911 representa a m\u00e1s de 4,500 asistentes de estacionamiento en todo el condado de Los \u00c1ngeles, incluido Pasadena.<\/p>\n\n\n\n<p>La semana pasada, el Comit\u00e9 de Servicios Municipales del consejo aprob\u00f3 la recomendaci\u00f3n del Departamento de Transporte para que la ciudad celebre el contrato con Parking Concepts Inc. para la administraci\u00f3n, operaci\u00f3n y mantenimiento de las nueve estructuras de estacionamiento propiedad de la ciudad.<\/p>\n\n\n\n<p>Actualmente, los estacionamientos est\u00e1n siendo operados por tres proveedores contratados por separado.<\/p>\n\n\n\n<p>La ciudad posee nueve estacionamientos ubicados en las \u00e1reas del Civic Center y Old Pasadena.<\/p>\n\n\n\n<p>Los tres garajes de Old Pasadena (Schoolhouse, DeLacey y Marriott) son operados actualmente por Parking Concepts, Inc., bajo un contrato con Old Pasadena Management District en nombre de la ciudad.<\/p>\n\n\n\n<p>Cinco de los seis garajes restantes del Civic Center (Holly, Paseo Subterranean, Los Robles, Marengo y Del Mar) son operados por Modern Parking, Inc., bajo contrato con la ciudad.<\/p>\n\n\n\n<p>Un garaje del Centro C\u00edvico, Plaza Las Fuentes, es operado por ABM, bajo un contrato con Downtown Properties en nombre de la ciudad.<\/p>\n\n\n\n<p>En 2013, la ciudad contrat\u00f3 a Lance, Soll y Lunghard, Contadores P\u00fablicos Certificados (LSL) para realizar una auditor\u00eda de las operaciones de estacionamiento de la ciudad. El 20 de octubre de 2014, se presentaron las recomendaciones de auditor\u00eda de LSL al Comit\u00e9 de Auditor\u00eda \/ Finanzas del consejo. La auditor\u00eda recomend\u00f3 que la ciudad deber\u00eda supervisar directamente las funciones de ingresos del garaje, tanto transitorias como mensuales, para evitar cualquier p\u00e9rdida de ingresos.<\/p>\n\n\n\n<p>\u201cLa combinaci\u00f3n de todos los garajes bajo un solo operador permitir\u00e1 un plan de personal m\u00e1s eficiente que no solo ahorra costos de mano de obra sino que tambi\u00e9n brinda una experiencia de servicio al cliente positiva m\u00e1s consistente para los usuarios del sistema de garaje\u201d, seg\u00fan un informe del personal de la ciudad.<\/p>\n","protected":false},"excerpt":{"rendered":"<p>Los camioneros locales el lunes planean manifestarse frente al Ayuntamiento en apoyo de un contrato de tres a\u00f1os por $ 9 millones con Parking Concepts Inc. que pondr\u00eda los nueve garajes de propiedad de la ciudad bajo el control de una compa\u00f1\u00eda de administraci\u00f3n.El evento se llevar\u00e1 a cabo de 10 a. Los Teamsters realizaron una manifestaci\u00f3n similar el viernes. \u201cLa ciudad otorgar\u00e1 un contrato de administraci\u00f3n de estacionamiento para los nueve estacionamientos de Pasadena a un contratista\u201d, dijo Beto [&hellip;]<\/p>\n","protected":false},"author":4,"featured_media":0,"comment_status":"open","ping_status":"closed","sticky":false,"template":"","format":"standard","meta":[],"categories":[4],"tags":[],"acf":[],"_links":{"self":[{"href":"http:\/\/www.pasadenahoy.com\/primero\/wp-json\/wp\/v2\/posts\/12096"}],"collection":[{"href":"http:\/\/www.pasadenahoy.com\/primero\/wp-json\/wp\/v2\/posts"}],"about":[{"href":"http:\/\/www.pasadenahoy.com\/primero\/wp-json\/wp\/v2\/types\/post"}],"author":[{"embeddable":true,"href":"http:\/\/www.pasadenahoy.com\/primero\/wp-json\/wp\/v2\/users\/4"}],"replies":[{"embeddable":true,"href":"http:\/\/www.pasadenahoy.com\/primero\/wp-json\/wp\/v2\/comments?post=12096"}],"version-history":[{"count":2,"href":"http:\/\/www.pasadenahoy.com\/primero\/wp-json\/wp\/v2\/posts\/12096\/revisions"}],"predecessor-version":[{"id":12099,"href":"http:\/\/www.pasadenahoy.com\/primero\/wp-json\/wp\/v2\/posts\/12096\/revisions\/12099"}],"wp:attachment":[{"href":"http:\/\/www.pasadenahoy.com\/primero\/wp-json\/wp\/v2\/media?parent=12096"}],"wp:term":[{"taxonomy":"category","embeddable":true,"href":"http:\/\/www.pasadenahoy.com\/primero\/wp-json\/wp\/v2\/categories?post=12096"},{"taxonomy":"post_tag","embeddable":true,"href":"http:\/\/www.pasadenahoy.com\/primero\/wp-json\/wp\/v2\/tags?post=12096"}],"curies":[{"name":"wp","href":"https:\/\/api.w.org\/{rel}","templated":true}]}}