{"id":12100,"date":"2021-11-01T15:50:31","date_gmt":"2021-11-01T15:50:31","guid":{"rendered":"http:\/\/www.pasadenahoy.com\/primero\/?p=12100"},"modified":"2021-11-01T15:50:33","modified_gmt":"2021-11-01T15:50:33","slug":"la-ordenanza-enmendada-sobre-el-cannabis-se-presenta-al-consejo-para-una-segunda-lectura-esta-noche","status":"publish","type":"post","link":"http:\/\/www.pasadenahoy.com\/primero\/el-gobierno-local\/la-ordenanza-enmendada-sobre-el-cannabis-se-presenta-al-consejo-para-una-segunda-lectura-esta-noche\/","title":{"rendered":"La ordenanza enmendada sobre el cannabis se presenta al Consejo para una segunda lectura esta noche"},"content":{"rendered":"\n<figure class=\"wp-block-image alignnone size-large\"><figure class=\"alignnone\"><img loading=\"lazy\" width=\"700\" height=\"378\" src=\"http:\/\/www.pasadenahoy.com\/primero\/wp-content\/uploads\/2021\/11\/pic-5.jpg\" alt=\"\" class=\"wp-image-12101\" srcset=\"http:\/\/www.pasadenahoy.com\/primero\/wp-content\/uploads\/2021\/11\/pic-5.jpg 700w, http:\/\/www.pasadenahoy.com\/primero\/wp-content\/uploads\/2021\/11\/pic-5-300x162.jpg 300w, http:\/\/www.pasadenahoy.com\/primero\/wp-content\/uploads\/2021\/11\/pic-5-241x130.jpg 241w, http:\/\/www.pasadenahoy.com\/primero\/wp-content\/uploads\/2021\/11\/pic-5-333x180.jpg 333w, http:\/\/www.pasadenahoy.com\/primero\/wp-content\/uploads\/2021\/11\/pic-5-360x194.jpg 360w\" sizes=\"100vw\" \/><\/figure><\/figure>\n\n\n\n<p>El Ayuntamiento de la ciudad est\u00e1 programado para el lunes realizar la segunda lectura de la ordenanza de cannabis enmendada de la ciudad.<\/p>\n\n\n\n<p>La semana pasada, los concejales John Kennedy, Felicia Williams y Gene Masuda votaron en contra de la ordenanza revisada.<\/p>\n\n\n\n<p>Kennedy se\u00f1al\u00f3 que la ordenanza enmendada colocar\u00eda dispensarios adicionales en su distrito.<\/p>\n\n\n\n<p>Las nuevas regulaciones permitir\u00edan que el n\u00famero de minoristas de cannabis aumentara en el Distrito 3 de Kennedy y disminuir\u00eda la distancia requerida entre los minoristas de 1,000 pies a 450 pies.<\/p>\n\n\n\n<p>En correspondencia con el Ayuntamiento, algunos vecinos tambi\u00e9n expresaron su oposici\u00f3n a la ordenanza.<\/p>\n\n\n\n<p>\u201cComo residente de Pasadena y madre, estoy incre\u00edblemente preocupada por las enmiendas propuestas al c\u00f3digo municipal de la ciudad que permiten licencias adicionales para los minoristas de cannabis. Aumentar el n\u00famero de minoristas de cannabis afectar\u00e1 gravemente la salud y la seguridad de mi hijo y de otros j\u00f3venes de nuestra comunidad \u201d, escribi\u00f3 Jennifer Jim\u00e9nez en una carta que fue duplicada y firmada por varios residentes.<\/p>\n\n\n\n<p>\u201cSiempre consider\u00e9 a la ciudad de Pasadena como una de las ciudades m\u00e1s seguras para mi familia y para m\u00ed y permitir que esto suceda hace que sea dif\u00edcil de creer\u201d, dice la carta.<\/p>\n\n\n\n<p>Los concejales que apoyaron la ordenanza afirmaron que estaban siguiendo las \u00f3rdenes de los votantes, pero los residentes locales votaron para permitir solo un dispensario por distrito del consejo. En 2018, el 63% de los votantes aprob\u00f3 la Medida CC, que permite un m\u00e1ximo de seis dispensarios, uno por distrito, y requiere que cada tienda mantenga una distancia de otros dispensarios, as\u00ed como de iglesias, escuelas, bibliotecas y parques.<\/p>\n\n\n\n<p>\u201cEsta legislaci\u00f3n es necesaria para permitir sitios potenciales adicionales en los que se pueda establecer un uso minorista de cannabis\u201d, seg\u00fan un informe del personal de la ciudad. \u201cLa disminuci\u00f3n en la distancia de separaci\u00f3n y el aumento de hasta tres sitios por distrito del consejo abrir\u00e1n sitios potenciales adicionales. Se mantendr\u00e1 el l\u00edmite de seis permisos en toda la ciudad, por lo que el n\u00famero potencial absoluto de minoristas no aumentar\u00e1. Esta legislaci\u00f3n tambi\u00e9n es necesaria para corregir un error en la separaci\u00f3n de la distancia de los laboratorios de cannabis y otros usos del cannabis, para que sean compatibles con otros requisitos de separaci\u00f3n similares.<\/p>\n\n\n\n<p>En Pasadena, cost\u00f3 $ 14,000 solo para ingresar al proceso de aprobaci\u00f3n de cannabis de la ciudad, que algunos dicen que mantuvo a las minor\u00edas fuera del proceso.<\/p>\n\n\n\n<p>La ciudad eligi\u00f3 seis dispensarios en 2019 con Integral, Atrium, Sweetflower, Medmen, Harvest y Tony Fong seleccionados para avanzar en el proceso.<\/p>\n\n\n\n<p>Hasta ahora, solo Integral y Tony Fong han abierto.<\/p>\n\n\n\n<p>Seg\u00fan un informe del personal, Harvest tiene planes de abrir en el Distrito 3.<\/p>\n","protected":false},"excerpt":{"rendered":"<p>El Ayuntamiento de la ciudad est\u00e1 programado para el lunes realizar la segunda lectura de la ordenanza de cannabis enmendada de la ciudad. La semana pasada, los concejales John Kennedy, Felicia Williams y Gene Masuda votaron en contra de la ordenanza revisada. Kennedy se\u00f1al\u00f3 que la ordenanza enmendada colocar\u00eda dispensarios adicionales en su distrito. Las nuevas regulaciones permitir\u00edan que el n\u00famero de minoristas de cannabis aumentara en el Distrito 3 de Kennedy y disminuir\u00eda la distancia requerida entre los minoristas [&hellip;]<\/p>\n","protected":false},"author":4,"featured_media":0,"comment_status":"open","ping_status":"closed","sticky":false,"template":"","format":"standard","meta":[],"categories":[6],"tags":[],"acf":[],"_links":{"self":[{"href":"http:\/\/www.pasadenahoy.com\/primero\/wp-json\/wp\/v2\/posts\/12100"}],"collection":[{"href":"http:\/\/www.pasadenahoy.com\/primero\/wp-json\/wp\/v2\/posts"}],"about":[{"href":"http:\/\/www.pasadenahoy.com\/primero\/wp-json\/wp\/v2\/types\/post"}],"author":[{"embeddable":true,"href":"http:\/\/www.pasadenahoy.com\/primero\/wp-json\/wp\/v2\/users\/4"}],"replies":[{"embeddable":true,"href":"http:\/\/www.pasadenahoy.com\/primero\/wp-json\/wp\/v2\/comments?post=12100"}],"version-history":[{"count":2,"href":"http:\/\/www.pasadenahoy.com\/primero\/wp-json\/wp\/v2\/posts\/12100\/revisions"}],"predecessor-version":[{"id":12103,"href":"http:\/\/www.pasadenahoy.com\/primero\/wp-json\/wp\/v2\/posts\/12100\/revisions\/12103"}],"wp:attachment":[{"href":"http:\/\/www.pasadenahoy.com\/primero\/wp-json\/wp\/v2\/media?parent=12100"}],"wp:term":[{"taxonomy":"category","embeddable":true,"href":"http:\/\/www.pasadenahoy.com\/primero\/wp-json\/wp\/v2\/categories?post=12100"},{"taxonomy":"post_tag","embeddable":true,"href":"http:\/\/www.pasadenahoy.com\/primero\/wp-json\/wp\/v2\/tags?post=12100"}],"curies":[{"name":"wp","href":"https:\/\/api.w.org\/{rel}","templated":true}]}}