{"id":12112,"date":"2021-11-01T16:03:35","date_gmt":"2021-11-01T16:03:35","guid":{"rendered":"http:\/\/www.pasadenahoy.com\/primero\/?p=12112"},"modified":"2021-11-01T16:03:37","modified_gmt":"2021-11-01T16:03:37","slug":"incidente-de-road-rage-conduce-a-un-tiroteo-la-victima-resulta-herida-por-el-vidrio-del-parabrisas-roto","status":"publish","type":"post","link":"http:\/\/www.pasadenahoy.com\/primero\/la-comunidad\/incidente-de-road-rage-conduce-a-un-tiroteo-la-victima-resulta-herida-por-el-vidrio-del-parabrisas-roto\/","title":{"rendered":"Incidente de Road Rage conduce a un tiroteo, la v\u00edctima resulta herida por el vidrio del parabrisas roto"},"content":{"rendered":"\n<figure class=\"wp-block-image alignnone size-large\"><figure class=\"alignnone\"><img loading=\"lazy\" width=\"700\" height=\"378\" src=\"http:\/\/www.pasadenahoy.com\/primero\/wp-content\/uploads\/2021\/11\/pic-8.png\" alt=\"\" class=\"wp-image-12113\" srcset=\"http:\/\/www.pasadenahoy.com\/primero\/wp-content\/uploads\/2021\/11\/pic-8.png 700w, http:\/\/www.pasadenahoy.com\/primero\/wp-content\/uploads\/2021\/11\/pic-8-300x162.png 300w, http:\/\/www.pasadenahoy.com\/primero\/wp-content\/uploads\/2021\/11\/pic-8-241x130.png 241w, http:\/\/www.pasadenahoy.com\/primero\/wp-content\/uploads\/2021\/11\/pic-8-333x180.png 333w, http:\/\/www.pasadenahoy.com\/primero\/wp-content\/uploads\/2021\/11\/pic-8-360x194.png 360w\" sizes=\"100vw\" \/><figcaption><span class=\"caption-text\">\u00a9 Colaboradores de OpenStreetMap<\/span><\/figcaption><\/figure><\/figure>\n\n\n\n<p>Una maniobra de tr\u00e1fico menor realizada por una mujer local que conduc\u00eda por North Ramond Avenue el domingo por la noche provoc\u00f3 un tiroteo por parte de un pasajero en otro autom\u00f3vil.<\/p>\n\n\n\n<p>El teniente de la polic\u00eda de Pasadena, Sean Dawkins, dijo que la v\u00edctima acababa de salir de su casa alrededor de las 8:15 p.m. y condujo hacia el sur, detr\u00e1s de otro autom\u00f3vil que viajaba por la calle. Provocada por razones desconocidas, la v\u00edctima toc\u00f3 la bocina y pas\u00f3 al otro autom\u00f3vil.<\/p>\n\n\n\n<p>Cuando lleg\u00f3 a la intersecci\u00f3n de Raymond Avenue con East Hammond Street, el otro autom\u00f3vil se le acerc\u00f3 por el lado del conductor.<\/p>\n\n\n\n<p>El veh\u00edculo sospechoso puede haber bloqueado brevemente o parcialmente el autom\u00f3vil de la v\u00edctima, seg\u00fan los mensajes enviados a Pasadena Now.<\/p>\n\n\n\n<p>&#8220;As\u00ed que b\u00e1sicamente lo mismo que ella hizo, ahora pasaba al veh\u00edculo de la v\u00edctima&#8221;, dijo Dawkins, cuando &#8220;el pasajero trasero del veh\u00edculo sospechoso sac\u00f3 el brazo por la ventana y luego dispar\u00f3 dos rondas y golpe\u00f3 al veh\u00edculo de la v\u00edctima&#8221;.<\/p>\n\n\n\n<p>La v\u00edctima no fue alcanzada por ninguna de las balas, pero sufri\u00f3 heridas faciales por los cristales voladores, dijo.<\/p>\n\n\n\n<p>Ella proporcion\u00f3 a la polic\u00eda solo una descripci\u00f3n \u201cescasa\u201d de sus atacantes, dijo Dawkins: un sed\u00e1n de cuatro puertas que conten\u00eda al menos dos hombres hispanos.<\/p>\n\n\n\n<p>La v\u00edctima fue transportada por el Departamento de Bomberos de Pasadena. Param\u00e9dicos a un hospital local para el tratamiento de sus heridas.<\/p>\n","protected":false},"excerpt":{"rendered":"<p>Una maniobra de tr\u00e1fico menor realizada por una mujer local que conduc\u00eda por North Ramond Avenue el domingo por la noche provoc\u00f3 un tiroteo por parte de un pasajero en otro autom\u00f3vil. El teniente de la polic\u00eda de Pasadena, Sean Dawkins, dijo que la v\u00edctima acababa de salir de su casa alrededor de las 8:15 p.m. y condujo hacia el sur, detr\u00e1s de otro autom\u00f3vil que viajaba por la calle. Provocada por razones desconocidas, la v\u00edctima toc\u00f3 la bocina y [&hellip;]<\/p>\n","protected":false},"author":4,"featured_media":0,"comment_status":"open","ping_status":"closed","sticky":false,"template":"","format":"standard","meta":[],"categories":[4],"tags":[],"acf":[],"_links":{"self":[{"href":"http:\/\/www.pasadenahoy.com\/primero\/wp-json\/wp\/v2\/posts\/12112"}],"collection":[{"href":"http:\/\/www.pasadenahoy.com\/primero\/wp-json\/wp\/v2\/posts"}],"about":[{"href":"http:\/\/www.pasadenahoy.com\/primero\/wp-json\/wp\/v2\/types\/post"}],"author":[{"embeddable":true,"href":"http:\/\/www.pasadenahoy.com\/primero\/wp-json\/wp\/v2\/users\/4"}],"replies":[{"embeddable":true,"href":"http:\/\/www.pasadenahoy.com\/primero\/wp-json\/wp\/v2\/comments?post=12112"}],"version-history":[{"count":2,"href":"http:\/\/www.pasadenahoy.com\/primero\/wp-json\/wp\/v2\/posts\/12112\/revisions"}],"predecessor-version":[{"id":12115,"href":"http:\/\/www.pasadenahoy.com\/primero\/wp-json\/wp\/v2\/posts\/12112\/revisions\/12115"}],"wp:attachment":[{"href":"http:\/\/www.pasadenahoy.com\/primero\/wp-json\/wp\/v2\/media?parent=12112"}],"wp:term":[{"taxonomy":"category","embeddable":true,"href":"http:\/\/www.pasadenahoy.com\/primero\/wp-json\/wp\/v2\/categories?post=12112"},{"taxonomy":"post_tag","embeddable":true,"href":"http:\/\/www.pasadenahoy.com\/primero\/wp-json\/wp\/v2\/tags?post=12112"}],"curies":[{"name":"wp","href":"https:\/\/api.w.org\/{rel}","templated":true}]}}