{"id":12128,"date":"2021-11-02T15:12:19","date_gmt":"2021-11-02T15:12:19","guid":{"rendered":"http:\/\/www.pasadenahoy.com\/primero\/?p=12128"},"modified":"2021-11-02T15:12:22","modified_gmt":"2021-11-02T15:12:22","slug":"muere-herido-en-un-tiroteo-la-semana-pasada-en-pasadena","status":"publish","type":"post","link":"http:\/\/www.pasadenahoy.com\/primero\/la-comunidad\/muere-herido-en-un-tiroteo-la-semana-pasada-en-pasadena\/","title":{"rendered":"Muere herido en un tiroteo la semana pasada en Pasadena"},"content":{"rendered":"\n<figure class=\"wp-block-image alignnone size-large\"><figure class=\"alignnone\"><img loading=\"lazy\" width=\"700\" height=\"378\" src=\"http:\/\/www.pasadenahoy.com\/primero\/wp-content\/uploads\/2021\/11\/pic-1.png\" alt=\"\" class=\"wp-image-12129\" srcset=\"http:\/\/www.pasadenahoy.com\/primero\/wp-content\/uploads\/2021\/11\/pic-1.png 700w, http:\/\/www.pasadenahoy.com\/primero\/wp-content\/uploads\/2021\/11\/pic-1-300x162.png 300w, http:\/\/www.pasadenahoy.com\/primero\/wp-content\/uploads\/2021\/11\/pic-1-241x130.png 241w, http:\/\/www.pasadenahoy.com\/primero\/wp-content\/uploads\/2021\/11\/pic-1-333x180.png 333w, http:\/\/www.pasadenahoy.com\/primero\/wp-content\/uploads\/2021\/11\/pic-1-360x194.png 360w\" sizes=\"100vw\" \/><figcaption><span class=\"caption-text\">Mapa de localizaci\u00f3n, cuadra 1000 de North Summit Avenue en Pasadena<\/span><\/figcaption><\/figure><\/figure>\n\n\n\n<p>Un hombre de 24 a\u00f1os que recibi\u00f3 un disparo y result\u00f3 gravemente herido la semana pasada en Pasadena sucumbi\u00f3 a sus heridas en un hospital durante el fin de semana, dijeron las autoridades el lunes.<\/p>\n\n\n\n<p>La v\u00edctima, descrita como residente de Pasadena, muri\u00f3 el viernes por la tarde despu\u00e9s de que le quitaron el soporte vital, seg\u00fan el teniente de la polic\u00eda de Pasadena, William Grisafe.<\/p>\n\n\n\n<p>Los oficiales forenses a\u00fan no revelaron su identidad.<\/p>\n\n\n\n<p>El hombre, junto con un hombre de Altadena de 24 a\u00f1os, fueron baleados y heridos de gravedad alrededor de las 9:45 p.m. el 25 de octubre en la cuadra 1000 de North Summit Avenue, dijo el teniente Sean Dawkins en ese momento.<\/p>\n\n\n\n<p>Los testigos informaron haber escuchado disparos poco antes de que los dos heridos fueran llevados a una sala de emergencias local en un autom\u00f3vil privado, dijo la polic\u00eda.<\/p>\n\n\n\n<p>Los oficiales encontraron evidencia del tiroteo a lo largo de Summit Avenue, dijo Dawkins.<\/p>\n\n\n\n<p>No se dispuso de m\u00e1s detalles, incluida una descripci\u00f3n del sospechoso.<\/p>\n\n\n\n<p>El tiroteo fue uno de los 11 reportados entre el 22 de octubre y el lunes.<\/p>\n\n\n\n<p>Adem\u00e1s del tiroteo ahora fatal, otras cinco personas resultaron heridas en la ola de violencia: tres por disparos, una por un vidrio que sali\u00f3 disparado de una ventana rota por una bala y una por haber sido azotada con una pistola durante un tiroteo, seg\u00fan la polic\u00eda.<\/p>\n\n\n\n<p>La polic\u00eda y los funcionarios de la ciudad organizaron una \u201creuni\u00f3n comunitaria de emergencia\u201d en Robinson Park el jueves para discutir los tiroteos, que luego fueron seis durante la semana anterior.<\/p>\n\n\n\n<p>Cualquiera que tenga informaci\u00f3n sobre cualquiera de los tiroteos puede comunicarse con el Departamento de Polic\u00eda de Pasadena al (626) 744-4501. Las pistas tambi\u00e9n se pueden enviar de forma an\u00f3nima a <a href=\"https:\/\/www.lacrimestoppers.org\/\">L.A. Regional Crime Stoppers<\/a> al (800) 222-8477.<\/p>\n\n\n\n<p>Relacionado:<\/p>\n\n\n\n<p><a href=\"https:\/\/www.pasadenanow.com\/main\/2-men-critically-wounded-in-pasadena-shooting\">2 hombres gravemente heridos en tiroteo en Pasadena<\/a><\/p>\n\n\n\n<p><a href=\"https:\/\/www.pasadenanow.com\/main\/police-city-officials-host-emergency-community-meeting-in-response-to-recent-pasadena-gun-violence\">La polic\u00eda y los funcionarios de la ciudad organizan una &#8220;reuni\u00f3n comunitaria de emergencia&#8221; en respuesta a la reciente violencia con armas de fuego en Pasadena<\/a><\/p>\n\n\n\n<p><a href=\"https:\/\/www.pasadenanow.com\/main\/road-rage-incident-leads-to-shooting-victim-injured-by-shattered-windshield-glass\">Incidente de Road Rage conduce a un tiroteo, la v\u00edctima resulta herida por el cristal del parabrisas roto<\/a><\/p>\n\n\n\n<p><a href=\"https:\/\/www.pasadenanow.com\/main\/car-to-car-shooting-reported-along-washington-boulevard-in-pasadena\">Tiroteo de autom\u00f3vil a autom\u00f3vil reportado a lo largo de Washington Boulevard en Pasadena<\/a><\/p>\n\n\n\n<p><a href=\"https:\/\/www.pasadenanow.com\/main\/lyft-driver-dodges-gunfire-during-pasadena-robbery\">Conductor de Lyft esquiva disparos durante el robo de Pasadena<\/a><\/p>\n\n\n\n<p><a href=\"https:\/\/www.pasadenanow.com\/main\/bullet-pierces-pasadena-home-with-woman-toddler-inside\">Una bala atraviesa una casa en Pasadena con una mujer y un ni\u00f1o peque\u00f1o adentro<\/a><\/p>\n\n\n\n<p><a href=\"https:\/\/www.pasadenanow.com\/main\/woman-shot-another-pistol-whipped-during-halloween-party-in-pasadena\">Mujer baleada, otra pistola azotada durante la fiesta de Halloween en Pasadena a la que asistieron cientos<\/a><\/p>\n\n\n\n<p><a href=\"https:\/\/www.pasadenanow.com\/main\/1-hurt-in-wednesday-night-car-to-car-shooting-in-pasadena\">1 herido en tiroteo coche a coche el mi\u00e9rcoles por la noche en Pasadena<\/a><\/p>\n\n\n\n<p><a href=\"https:\/\/www.pasadenanow.com\/main\/man-severely-wounded-in-shooting-at-robinson-park-in-pasadena\">Hombre gravemente herido en tiroteo en Robinson Park en Pasadena<\/a><\/p>\n","protected":false},"excerpt":{"rendered":"<p>Un hombre de 24 a\u00f1os que recibi\u00f3 un disparo y result\u00f3 gravemente herido la semana pasada en Pasadena sucumbi\u00f3 a sus heridas en un hospital durante el fin de semana, dijeron las autoridades el lunes. La v\u00edctima, descrita como residente de Pasadena, muri\u00f3 el viernes por la tarde despu\u00e9s de que le quitaron el soporte vital, seg\u00fan el teniente de la polic\u00eda de Pasadena, William Grisafe. Los oficiales forenses a\u00fan no revelaron su identidad. El hombre, junto con un hombre [&hellip;]<\/p>\n","protected":false},"author":4,"featured_media":12129,"comment_status":"open","ping_status":"closed","sticky":false,"template":"","format":"standard","meta":[],"categories":[4],"tags":[],"acf":[],"_links":{"self":[{"href":"http:\/\/www.pasadenahoy.com\/primero\/wp-json\/wp\/v2\/posts\/12128"}],"collection":[{"href":"http:\/\/www.pasadenahoy.com\/primero\/wp-json\/wp\/v2\/posts"}],"about":[{"href":"http:\/\/www.pasadenahoy.com\/primero\/wp-json\/wp\/v2\/types\/post"}],"author":[{"embeddable":true,"href":"http:\/\/www.pasadenahoy.com\/primero\/wp-json\/wp\/v2\/users\/4"}],"replies":[{"embeddable":true,"href":"http:\/\/www.pasadenahoy.com\/primero\/wp-json\/wp\/v2\/comments?post=12128"}],"version-history":[{"count":2,"href":"http:\/\/www.pasadenahoy.com\/primero\/wp-json\/wp\/v2\/posts\/12128\/revisions"}],"predecessor-version":[{"id":12131,"href":"http:\/\/www.pasadenahoy.com\/primero\/wp-json\/wp\/v2\/posts\/12128\/revisions\/12131"}],"wp:featuredmedia":[{"embeddable":true,"href":"http:\/\/www.pasadenahoy.com\/primero\/wp-json\/wp\/v2\/media\/12129"}],"wp:attachment":[{"href":"http:\/\/www.pasadenahoy.com\/primero\/wp-json\/wp\/v2\/media?parent=12128"}],"wp:term":[{"taxonomy":"category","embeddable":true,"href":"http:\/\/www.pasadenahoy.com\/primero\/wp-json\/wp\/v2\/categories?post=12128"},{"taxonomy":"post_tag","embeddable":true,"href":"http:\/\/www.pasadenahoy.com\/primero\/wp-json\/wp\/v2\/tags?post=12128"}],"curies":[{"name":"wp","href":"https:\/\/api.w.org\/{rel}","templated":true}]}}