{"id":12132,"date":"2021-11-02T15:16:11","date_gmt":"2021-11-02T15:16:11","guid":{"rendered":"http:\/\/www.pasadenahoy.com\/primero\/?p=12132"},"modified":"2021-11-02T15:16:14","modified_gmt":"2021-11-02T15:16:14","slug":"el-ayuntamiento-aprueba-la-eliminacion-del-estacionamiento-gratuito-de-90-minutos-en-pasadena","status":"publish","type":"post","link":"http:\/\/www.pasadenahoy.com\/primero\/el-gobierno-local\/el-ayuntamiento-aprueba-la-eliminacion-del-estacionamiento-gratuito-de-90-minutos-en-pasadena\/","title":{"rendered":"El Ayuntamiento aprueba la eliminaci\u00f3n del estacionamiento gratuito de 90 minutos en Pasadena"},"content":{"rendered":"\n<figure class=\"wp-block-image alignnone size-large\"><figure class=\"alignnone\"><img loading=\"lazy\" width=\"700\" height=\"378\" src=\"http:\/\/www.pasadenahoy.com\/primero\/wp-content\/uploads\/2021\/11\/pic-2-1.jpg\" alt=\"\" class=\"wp-image-12133\" srcset=\"http:\/\/www.pasadenahoy.com\/primero\/wp-content\/uploads\/2021\/11\/pic-2-1.jpg 700w, http:\/\/www.pasadenahoy.com\/primero\/wp-content\/uploads\/2021\/11\/pic-2-1-300x162.jpg 300w, http:\/\/www.pasadenahoy.com\/primero\/wp-content\/uploads\/2021\/11\/pic-2-1-241x130.jpg 241w, http:\/\/www.pasadenahoy.com\/primero\/wp-content\/uploads\/2021\/11\/pic-2-1-333x180.jpg 333w, http:\/\/www.pasadenahoy.com\/primero\/wp-content\/uploads\/2021\/11\/pic-2-1-360x194.jpg 360w\" sizes=\"100vw\" \/><\/figure><\/figure>\n\n\n\n<p>El Ayuntamiento aprob\u00f3 por unanimidad el lunes una propuesta para eliminar el estacionamiento gratuito de 90 minutos en los estacionamientos de Pasadena para reforzar los fondos para la reparaci\u00f3n y el mantenimiento de las nueve estructuras de estacionamiento de la ciudad ubicadas en \u00e1reas dentro del Civic Center y Old Pasadena. .<\/p>\n\n\n\n<p>Con la nueva pol\u00edtica, a los automovilistas se les cobrar\u00e1 $ 1 por las primeras dos horas y $ 2 por cada hora subsiguiente de estacionamiento, con una tarifa m\u00e1xima diaria de estacionamiento de $ 12, a partir de julio del pr\u00f3ximo a\u00f1o.<\/p>\n\n\n\n<p>La propuesta aprobada tambi\u00e9n allana el camino para la implementaci\u00f3n de un sistema que permite a las empresas locales comprar validaciones de estacionamiento para su uso en los garajes de la ciudad a las tarifas establecidas en la lista general de tarifas.<\/p>\n\n\n\n<p>Los miembros de la comunidad han expresado reacciones encontradas a la propuesta del departamento de transporte.<\/p>\n\n\n\n<p>\u201cEn un momento en que las empresas est\u00e1n pasando apuros, es injusto hacer que los due\u00f1os de las tiendas enfrenten la decisi\u00f3n de ofrecer validaci\u00f3n y asumir el costo del estacionamiento para los clientes\u201d, dijo el residente de Pasadena, Lorig Mushegain.<\/p>\n\n\n\n<p>\u201cS\u00e9 que Pasadena atiende a visitantes de muchas ciudades, pero si la ciudad quiere alentar a los lugare\u00f1os a que contin\u00faen frecuentando las tiendas y los restaurantes de Pasadena, lo \u00faltimo que deber\u00eda hacer es eliminar el estacionamiento gratuito de 90 minutos\u201d, agreg\u00f3 Mushegain.<\/p>\n\n\n\n<p>El presidente del Old Pasadena Management District (OPMD), Steve Mulheim, dijo que la organizaci\u00f3n apoya un\u00e1nimemente la propuesta.<\/p>\n\n\n\n<p>\u201cOPMD ha defendido firmemente las tarifas de garaje existentes y el per\u00edodo gratuito de 90 minutos durante muchos a\u00f1os, pero reconocemos la necesidad de generar ingresos adicionales para financiar reparaciones diferidas, as\u00ed como otros servicios y comodidades que mejoran la experiencia de estacionamiento, y que los consumidores de hoy esperan \u201d, dijo.<\/p>\n\n\n\n<p>Mulheim agreg\u00f3 que la OPMD considera que la estructura de tarifas propuesta es &#8220;muy justa&#8221;.<\/p>\n\n\n\n<p>Marilyn Buchanan, miembro de la junta de OPMD, tambi\u00e9n expres\u00f3 su apoyo a la propuesta y dijo que aumentar las tarifas para la reparaci\u00f3n necesaria es una &#8220;decisi\u00f3n prudente&#8221;.<\/p>\n\n\n\n<p>\u201cS\u00e9 que siempre hemos tratado de mantener los 90 minutos gratis para atraer visitantes a comprar en Old Pasadena, pero con suerte, dado que el aumento de la tarifa seguir\u00e1 siendo el mismo en el l\u00edmite de 2 horas, creo que este es un paso inteligente. tomar y, con suerte, no perder demasiados aparcadores &#8220;.<\/p>\n\n\n\n<p>Respondiendo a las preocupaciones sobre el impacto potencial de la nueva pol\u00edtica en las empresas, el vicealcalde Andy Wilson coment\u00f3 que la mejora de las estructuras de estacionamiento ser\u00e1 beneficiosa no solo para el p\u00fablico sino tambi\u00e9n para los minoristas.<\/p>\n\n\n\n<p>Anteriormente, el concejal Tyron Hampton inst\u00f3 al personal a estudiar la posibilidad de ofrecer tarifas con descuento para los residentes de Pasadena, ya que expres\u00f3 su preocupaci\u00f3n de que la eliminaci\u00f3n del estacionamiento gratuito los disuadir\u00e1 de patrocinar los negocios locales.<\/p>\n\n\n\n<p>\u201cCreo que tener alg\u00fan nivel de calidad beneficia no solo a la seguridad p\u00fablica de los visitantes, sino tambi\u00e9n a las empresas que utilizan los garajes\u201d, dijo Wilson.<\/p>\n\n\n\n<p>Para el alcalde V\u00edctor Gordo, la mejora de las estructuras de la ciudad alentar\u00e1 a los visitantes a regresar a Pasadena para experimentar una experiencia de estacionamiento \u201cagradable\u201d.<\/p>\n\n\n\n<p>&#8220;Esto no es algo que ninguno de nosotros quisiera hacer, pero creo que es algo que tenemos la responsabilidad de hacer para asegurarnos de mantener los garajes&#8221;.<\/p>\n\n\n\n<p>\u201cLa gente viene a Pasadena para comprar y usar estos garajes. Es su primera impresi\u00f3n de la ciudad y cuando se suben a su autom\u00f3vil para irse, es su \u00faltima impresi\u00f3n. As\u00ed que creo que tenemos la responsabilidad de mejorar esa impresi\u00f3n \u201d, dijo Gordo.<\/p>\n\n\n\n<p>Seg\u00fan el informe del personal, las reparaciones y mejoras para las nueve estructuras de estacionamiento costar\u00edan m\u00e1s de $ 12 millones. Se recomienda que se completen reparaciones por valor de $ 9,5 millones para 2024.<\/p>\n\n\n\n<p>Se espera que los cambios recomendados en la estructura de tarifas generen un estimado de $ 2.9 millones en ingresos adicionales por a\u00f1o, seg\u00fan el personal de la ciudad.<\/p>\n\n\n\n<p>Mientras tanto, el gerente de estacionamiento Jon Hamblen dijo que incluso con la pr\u00f3xima implementaci\u00f3n de la nueva estructura de tarifas, el departamento de transporte continuar\u00e1 brindando el per\u00edodo de gracia de 15 minutos para todos los que planean estacionar en garajes p\u00fablicos.<\/p>\n\n\n\n<p>\u201cEl procedimiento est\u00e1ndar en este momento en todas nuestras instalaciones es que hay un per\u00edodo de gracia de 15 minutos. Est\u00e1 dise\u00f1ado para personas que ingresan a las instalaciones por cualquier motivo \u201d, dijo Hamblen. &#8220;Lo mantendremos&#8221;.<\/p>\n\n\n\n<p>Dentro del per\u00edodo de 15 minutos, las personas tendr\u00e1n la opci\u00f3n de abandonar la estructura del estacionamiento, sin que se les cobre, dijo Hamblen.<\/p>\n","protected":false},"excerpt":{"rendered":"<p>El Ayuntamiento aprob\u00f3 por unanimidad el lunes una propuesta para eliminar el estacionamiento gratuito de 90 minutos en los estacionamientos de Pasadena para reforzar los fondos para la reparaci\u00f3n y el mantenimiento de las nueve estructuras de estacionamiento de la ciudad ubicadas en \u00e1reas dentro del Civic Center y Old Pasadena. . Con la nueva pol\u00edtica, a los automovilistas se les cobrar\u00e1 $ 1 por las primeras dos horas y $ 2 por cada hora subsiguiente de estacionamiento, con una [&hellip;]<\/p>\n","protected":false},"author":4,"featured_media":12133,"comment_status":"open","ping_status":"closed","sticky":false,"template":"","format":"standard","meta":[],"categories":[6],"tags":[],"acf":[],"_links":{"self":[{"href":"http:\/\/www.pasadenahoy.com\/primero\/wp-json\/wp\/v2\/posts\/12132"}],"collection":[{"href":"http:\/\/www.pasadenahoy.com\/primero\/wp-json\/wp\/v2\/posts"}],"about":[{"href":"http:\/\/www.pasadenahoy.com\/primero\/wp-json\/wp\/v2\/types\/post"}],"author":[{"embeddable":true,"href":"http:\/\/www.pasadenahoy.com\/primero\/wp-json\/wp\/v2\/users\/4"}],"replies":[{"embeddable":true,"href":"http:\/\/www.pasadenahoy.com\/primero\/wp-json\/wp\/v2\/comments?post=12132"}],"version-history":[{"count":2,"href":"http:\/\/www.pasadenahoy.com\/primero\/wp-json\/wp\/v2\/posts\/12132\/revisions"}],"predecessor-version":[{"id":12135,"href":"http:\/\/www.pasadenahoy.com\/primero\/wp-json\/wp\/v2\/posts\/12132\/revisions\/12135"}],"wp:featuredmedia":[{"embeddable":true,"href":"http:\/\/www.pasadenahoy.com\/primero\/wp-json\/wp\/v2\/media\/12133"}],"wp:attachment":[{"href":"http:\/\/www.pasadenahoy.com\/primero\/wp-json\/wp\/v2\/media?parent=12132"}],"wp:term":[{"taxonomy":"category","embeddable":true,"href":"http:\/\/www.pasadenahoy.com\/primero\/wp-json\/wp\/v2\/categories?post=12132"},{"taxonomy":"post_tag","embeddable":true,"href":"http:\/\/www.pasadenahoy.com\/primero\/wp-json\/wp\/v2\/tags?post=12132"}],"curies":[{"name":"wp","href":"https:\/\/api.w.org\/{rel}","templated":true}]}}