{"id":12158,"date":"2021-11-03T15:05:52","date_gmt":"2021-11-03T15:05:52","guid":{"rendered":"http:\/\/www.pasadenahoy.com\/primero\/?p=12158"},"modified":"2021-11-03T15:05:56","modified_gmt":"2021-11-03T15:05:56","slug":"la-comision-se-entera-de-las-consecuencias-de-las-recientes-enmiendas-a-la-ordenanza-de-preservacion-historica","status":"publish","type":"post","link":"http:\/\/www.pasadenahoy.com\/primero\/el-gobierno-local\/la-comision-se-entera-de-las-consecuencias-de-las-recientes-enmiendas-a-la-ordenanza-de-preservacion-historica\/","title":{"rendered":"La Comisi\u00f3n se entera de las consecuencias de las recientes enmiendas a la ordenanza de preservaci\u00f3n hist\u00f3rica"},"content":{"rendered":"\n<figure class=\"wp-block-image alignnone size-large\"><figure class=\"alignnone\"><img loading=\"lazy\" width=\"700\" height=\"378\" src=\"http:\/\/www.pasadenahoy.com\/primero\/wp-content\/uploads\/2021\/11\/pic-1-1.jpg\" alt=\"\" class=\"wp-image-12159\" srcset=\"http:\/\/www.pasadenahoy.com\/primero\/wp-content\/uploads\/2021\/11\/pic-1-1.jpg 700w, http:\/\/www.pasadenahoy.com\/primero\/wp-content\/uploads\/2021\/11\/pic-1-1-300x162.jpg 300w, http:\/\/www.pasadenahoy.com\/primero\/wp-content\/uploads\/2021\/11\/pic-1-1-241x130.jpg 241w, http:\/\/www.pasadenahoy.com\/primero\/wp-content\/uploads\/2021\/11\/pic-1-1-333x180.jpg 333w, http:\/\/www.pasadenahoy.com\/primero\/wp-content\/uploads\/2021\/11\/pic-1-1-360x194.jpg 360w\" sizes=\"100vw\" \/><\/figure><\/figure>\n\n\n\n<p>La Comisi\u00f3n de Preservaci\u00f3n Hist\u00f3rica escuch\u00f3 las preocupaciones del personal de la ciudad sobre las recientes enmiendas a la Ordenanza de Preservaci\u00f3n Hist\u00f3rica durante su reuni\u00f3n del martes.<\/p>\n\n\n\n<p>&#8220;La principal preocupaci\u00f3n de implementaci\u00f3n que hemos identificado es que el establecimiento de distritos emblem\u00e1ticos ya no es una herramienta de promoci\u00f3n de vecindario que un vecindario puede proponer para su vecindario para proteger el car\u00e1cter hist\u00f3rico de su vecindario&#8221;, dijo el planificador principal de la ciudad Kevin Johnson a los miembros de la comisi\u00f3n. .<\/p>\n\n\n\n<p>&#8220;Ahora es un proceso que puede ser impuesto por la ciudad en respuesta a que alguien solicite hacer cambios en su casa o sus edificios&#8221;.<\/p>\n\n\n\n<p>La ordenanza revisada, que entr\u00f3 en vigencia en abril pasado, requiere una Evaluaci\u00f3n de Recursos Hist\u00f3ricos (HRE) cuando se propone una demolici\u00f3n o un proyecto importante que afecte a un edificio de 45 a\u00f1os o m\u00e1s.<\/p>\n\n\n\n<p>Antes de la implementaci\u00f3n de la HPO, los distritos emblem\u00e1ticos elegibles se identificaban sin un proceso definido, generalmente a pedido del propietario.<\/p>\n\n\n\n<p>Debido al proceso de HRE, ahora se requiere que la ciudad eval\u00fae si el edificio es elegible o no para la designaci\u00f3n hist\u00f3rica individual o para la designaci\u00f3n como una estructura que contribuye a un hito o distrito hist\u00f3rico elegible.<\/p>\n\n\n\n<p>El personal de la ciudad ha recomendado eliminar del requisito de HRE la evaluaci\u00f3n de la elegibilidad de un nuevo distrito hist\u00f3rico o hist\u00f3rico y limitar esto a la elegibilidad individual \u00fanicamente.<\/p>\n\n\n\n<p>El personal tambi\u00e9n recomienda que el reemplazo de la ventana se especifique como un proyecto menor, a menos que se propongan dos o m\u00e1s cambios al dise\u00f1o de la ventana original. La ordenanza revisada modific\u00f3 la definici\u00f3n de proyectos importantes para incluir el cambio de ventanas.<\/p>\n\n\n\n<p>Rian Barrett, en representaci\u00f3n de la Asociaci\u00f3n de Agentes Inmobiliarios de Pasadena Foothills Association, expres\u00f3 su apoyo a la decisi\u00f3n de la ciudad de devolver el hist\u00f3rico proceso del distrito a los propietarios de viviendas.<\/p>\n\n\n\n<p>&#8220;Apoyamos tentativamente las enmiendas propuestas por el personal a la Ordenanza de Preservaci\u00f3n Hist\u00f3rica&#8221;.<\/p>\n\n\n\n<p>&#8220;La mayor\u00eda de estos cambios propuestos tendr\u00e1n un impacto positivo en la capacidad de los propietarios de realizar las actualizaciones necesarias y de rutina&#8221;, dijo Barrett.<\/p>\n\n\n\n<p>Nina Chomsky, hablando ante la comisi\u00f3n, inst\u00f3 a la ciudad a ser m\u00e1s proactiva a la hora de proteger y salvar los recursos hist\u00f3ricos de la ciudad.<\/p>\n\n\n\n<p>\u201cCreo que la casa individual de una celebridad no es el recurso hist\u00f3rico m\u00e1s importante de la ciudad. Son importantes, pero lo que hace de Pasadena un lugar hist\u00f3rico tan maravilloso son los distritos emblem\u00e1ticos donde preservamos el car\u00e1cter, la escala y el car\u00e1cter hist\u00f3rico de toda la zona &#8220;.<\/p>\n\n\n\n<p>\u201cLo que tenemos que hacer es ser proactivos. Hay un gran trabajo para postularse aqu\u00ed. Necesitamos encuestas, necesitamos obtener subvenciones, necesitamos averiguar d\u00f3nde est\u00e1n estos distritos emblem\u00e1ticos potencialmente elegibles y luego debemos educarnos y comprometernos con eso para poder salvar estas \u00e1reas &#8220;.<\/p>\n\n\n\n<p>Andrew Salimian de Pasadena Heritage expres\u00f3 sus reservas a la propuesta de especificar el reemplazo de ventanas como un proyecto menor.<\/p>\n\n\n\n<p>\u201cSi obtienes una nueva ventana, ser\u00e1 diferente y esa es mi opini\u00f3n. Incluso si obtiene una gran ventana de madera de Anderson o Marvin, todav\u00eda se ver\u00e1 como una ventana moderna &#8220;, dijo Salimian. &#8220;Es necesario pensar un poco en eso&#8221;.<\/p>\n\n\n\n<p>Durante la reuni\u00f3n, algunos miembros de la comisi\u00f3n instaron al personal a incluir en las enmiendas propuestas la consideraci\u00f3n de agregar tipos de ventanas espec\u00edficos como condici\u00f3n para los reemplazos de ventanas para conservar el car\u00e1cter hist\u00f3rico del \u00e1rea.<\/p>\n\n\n\n<p>Asimismo, los comisionados instaron al personal a ser m\u00e1s proactivo en la realizaci\u00f3n de la evaluaci\u00f3n y el relevamiento de los recursos hist\u00f3ricos de la ciudad.<\/p>\n\n\n\n<p>Las enmiendas propuestas volver\u00e1n a la comisi\u00f3n en el futuro para su votaci\u00f3n, seg\u00fan el personal de la ciudad.<\/p>\n","protected":false},"excerpt":{"rendered":"<p>La Comisi\u00f3n de Preservaci\u00f3n Hist\u00f3rica escuch\u00f3 las preocupaciones del personal de la ciudad sobre las recientes enmiendas a la Ordenanza de Preservaci\u00f3n Hist\u00f3rica durante su reuni\u00f3n del martes. &#8220;La principal preocupaci\u00f3n de implementaci\u00f3n que hemos identificado es que el establecimiento de distritos emblem\u00e1ticos ya no es una herramienta de promoci\u00f3n de vecindario que un vecindario puede proponer para su vecindario para proteger el car\u00e1cter hist\u00f3rico de su vecindario&#8221;, dijo el planificador principal de la ciudad Kevin Johnson a los miembros [&hellip;]<\/p>\n","protected":false},"author":4,"featured_media":12159,"comment_status":"open","ping_status":"closed","sticky":false,"template":"","format":"standard","meta":[],"categories":[6],"tags":[],"acf":[],"_links":{"self":[{"href":"http:\/\/www.pasadenahoy.com\/primero\/wp-json\/wp\/v2\/posts\/12158"}],"collection":[{"href":"http:\/\/www.pasadenahoy.com\/primero\/wp-json\/wp\/v2\/posts"}],"about":[{"href":"http:\/\/www.pasadenahoy.com\/primero\/wp-json\/wp\/v2\/types\/post"}],"author":[{"embeddable":true,"href":"http:\/\/www.pasadenahoy.com\/primero\/wp-json\/wp\/v2\/users\/4"}],"replies":[{"embeddable":true,"href":"http:\/\/www.pasadenahoy.com\/primero\/wp-json\/wp\/v2\/comments?post=12158"}],"version-history":[{"count":2,"href":"http:\/\/www.pasadenahoy.com\/primero\/wp-json\/wp\/v2\/posts\/12158\/revisions"}],"predecessor-version":[{"id":12161,"href":"http:\/\/www.pasadenahoy.com\/primero\/wp-json\/wp\/v2\/posts\/12158\/revisions\/12161"}],"wp:featuredmedia":[{"embeddable":true,"href":"http:\/\/www.pasadenahoy.com\/primero\/wp-json\/wp\/v2\/media\/12159"}],"wp:attachment":[{"href":"http:\/\/www.pasadenahoy.com\/primero\/wp-json\/wp\/v2\/media?parent=12158"}],"wp:term":[{"taxonomy":"category","embeddable":true,"href":"http:\/\/www.pasadenahoy.com\/primero\/wp-json\/wp\/v2\/categories?post=12158"},{"taxonomy":"post_tag","embeddable":true,"href":"http:\/\/www.pasadenahoy.com\/primero\/wp-json\/wp\/v2\/tags?post=12158"}],"curies":[{"name":"wp","href":"https:\/\/api.w.org\/{rel}","templated":true}]}}