{"id":12162,"date":"2021-11-03T15:10:43","date_gmt":"2021-11-03T15:10:43","guid":{"rendered":"http:\/\/www.pasadenahoy.com\/primero\/?p=12162"},"modified":"2021-11-03T15:10:46","modified_gmt":"2021-11-03T15:10:46","slug":"el-alcalde-gordo-aplaude-a-las-personas-criticas-del-consejo-por-afirmar-hablar-en-nombre-de-la-comunidad","status":"publish","type":"post","link":"http:\/\/www.pasadenahoy.com\/primero\/el-gobierno-local\/el-alcalde-gordo-aplaude-a-las-personas-criticas-del-consejo-por-afirmar-hablar-en-nombre-de-la-comunidad\/","title":{"rendered":"El alcalde Gordo aplaude a las personas cr\u00edticas del consejo por afirmar hablar en nombre de la comunidad"},"content":{"rendered":"\n<figure class=\"wp-block-image alignnone size-large\"><figure class=\"alignnone\"><img loading=\"lazy\" width=\"700\" height=\"378\" src=\"http:\/\/www.pasadenahoy.com\/primero\/wp-content\/uploads\/2021\/11\/pic-2.png\" alt=\"\" class=\"wp-image-12163\" srcset=\"http:\/\/www.pasadenahoy.com\/primero\/wp-content\/uploads\/2021\/11\/pic-2.png 700w, http:\/\/www.pasadenahoy.com\/primero\/wp-content\/uploads\/2021\/11\/pic-2-300x162.png 300w, http:\/\/www.pasadenahoy.com\/primero\/wp-content\/uploads\/2021\/11\/pic-2-241x130.png 241w, http:\/\/www.pasadenahoy.com\/primero\/wp-content\/uploads\/2021\/11\/pic-2-333x180.png 333w, http:\/\/www.pasadenahoy.com\/primero\/wp-content\/uploads\/2021\/11\/pic-2-360x194.png 360w\" sizes=\"100vw\" \/><figcaption><span class=\"caption-text\">El alcalde V\u00edctor Gordo hablando durante la reuni\u00f3n del Concejo Municipal el lunes 1 de noviembre de 2021. [Captura de pantalla de KPAS]<\/span><\/figcaption><\/figure><\/figure>\n\n\n\n<p>Apenas unos d\u00edas despu\u00e9s de que varios miembros del Concejo Municipal asistieran a una reuni\u00f3n comunitaria para discutir los tiroteos en el noroeste de Pasadena, el alcalde V\u00edctor Gordo respondi\u00f3 a varias personas que afirmaron que el Concejo no aborda las preocupaciones de sus electores.<br>Gordo desafi\u00f3 a las personas que llamaron a la reuni\u00f3n del Concejo Municipal del lunes por la noche despu\u00e9s de que acusaron al Concejo de no responder.<\/p>\n\n\n\n<p>\u201cUstedes no van a la comunidad todos los d\u00edas y dicen que nos ayuden\u201d, dijo Kat Ross.<\/p>\n\n\n\n<p>Otra persona que llam\u00f3 acus\u00f3 a los miembros del consejo de adoptar una tecnolog\u00eda controvertida que usa sensores para detectar disparos sin hacer ninguna investigaci\u00f3n al respecto.<\/p>\n\n\n\n<p>El personal de la ciudad proporcion\u00f3 un informe sobre el sistema ShotSpotter cuando se present\u00f3 ante el Ayuntamiento en septiembre.<\/p>\n\n\n\n<p>Mediante el uso del sistema ShotSpotter, que el consejo aprob\u00f3 y la polic\u00eda planea implementar el pr\u00f3ximo mes, una vez que se detecta un sonido fuerte e impulsivo, se graba y se env\u00eda al Centro de Revisi\u00f3n de Incidentes de ShotSpotter. All\u00ed se somete a dos fases de revisi\u00f3n para determinar si se trata de un disparo leg\u00edtimo o de otra fuente.<\/p>\n\n\n\n<p>Una vez confirmado, la polic\u00eda de Pasadena ser\u00e1 notificada del tiroteo a trav\u00e9s de una aplicaci\u00f3n digital en sus tel\u00e9fonos inteligentes. Todo el proceso ocurre en 60 segundos o menos.<\/p>\n\n\n\n<p>Adem\u00e1s de sus posibles beneficios para salvar vidas, el personal afirm\u00f3 que ShotSpotter disuadir\u00eda los tiroteos y evitar\u00eda la necesidad de investigar incidentes no relacionados con disparos, lo que permitir\u00eda a los oficiales permanecer disponibles en el campo.<\/p>\n\n\n\n<p>La informaci\u00f3n proporcionada por el sistema ShotSpotter tambi\u00e9n puede ayudar a los detectives a resolver la actividad delictiva, seg\u00fan el informe del personal.<\/p>\n\n\n\n<p>\u201cCuando suceden cosas que deber\u00edan ser alarmantes y urgentes, todos arrastran los pies. Es una pena que la gente los averg\u00fcence a todos, que los averg\u00fcencen p\u00fablicamente a todos para que hagan algo que es lo que la gente quiere que se haga en esta ciudad &#8220;, dijo la persona que llam\u00f3. &#8220;Deje de inclinarse ante la polic\u00eda todo el tiempo y realmente escuche lo que quiere la comunidad&#8221;.<\/p>\n\n\n\n<p>Fue entonces cuando Gordo decidi\u00f3 hablar.<\/p>\n\n\n\n<p>\u201cNinguno de los oradores que escuch\u00f3 hoy o que escucha todas las semanas tuvo el coraje de ponerse de pie en el Centro Jackie Robinson y decirle a nuestra comunidad y a nuestros constituyentes &#8216;Voy a hablar por ustedes&#8217;\u201d, dijo Gordo.<\/p>\n\n\n\n<p>Gordo, junto con el concejal John Kennedy, asistieron a una reuni\u00f3n en el Centro Comunitario Jackie Robinson (JRC) para dirigirse a 200 miembros de la comunidad despu\u00e9s de que se dispararan cerca del parque La Pintoresca, en la esquina de North Fair Oaks Avenue y East Washington Boulevard.<\/p>\n\n\n\n<p>El lunes, el autom\u00f3vil de un hombre fue alcanzado por disparos en la cuadra 500 de East Washington Boulevard.<\/p>\n\n\n\n<p>El 27 de octubre, el cuarto tiroteo en tres d\u00edas ocurri\u00f3 cuando estallaron disparos de autom\u00f3vil a autom\u00f3vil en la misma calle cerca de Los Robles, dejando a un hombre herido.<\/p>\n\n\n\n<p>El 26 de octubre, un hombre recibi\u00f3 un disparo y result\u00f3 gravemente herido alrededor de las 5:30 p.m. Martes en Robinson Park cerca de donde jugaban los ni\u00f1os.<\/p>\n\n\n\n<p>M\u00e1s temprano ese d\u00eda, estallaron disparos en un estacionamiento en Fair Oaks Avenue y Washington Boulevard alrededor de las 10:45 a.m.<\/p>\n\n\n\n<p>El 25 de octubre, un tiroteo dej\u00f3 a dos hombres gravemente heridos poco antes de las 10 p.m. en la cuadra 100 de North Summit Avenue. Un hombre de 24 a\u00f1os que recibi\u00f3 un disparo en la cabeza durante ese incidente muri\u00f3 el fin de semana pasado.<\/p>\n\n\n\n<p>&#8220;\u2026 Francamente, no necesito que la gente venga y me diga que hablan en nombre de las personas que represento. Hablo directamente con la gente a la que represento \u201d, dijo Gordo.<\/p>\n\n\n\n<p>\u201cNos presentamos (en el JRC) junto con el Departamento de Polic\u00eda y hablamos directamente con nuestros electores, con las personas que representamos, y yo invitar\u00eda a cualquiera de estos oradores a asistir a estas reuniones donde la gente siente dolor por lo que est\u00e1 sucediendo en su vecindarios y sus parques y d\u00edgales directamente que hablar\u00e9 por usted &#8220;.<\/p>\n","protected":false},"excerpt":{"rendered":"<p>Apenas unos d\u00edas despu\u00e9s de que varios miembros del Concejo Municipal asistieran a una reuni\u00f3n comunitaria para discutir los tiroteos en el noroeste de Pasadena, el alcalde V\u00edctor Gordo respondi\u00f3 a varias personas que afirmaron que el Concejo no aborda las preocupaciones de sus electores.Gordo desafi\u00f3 a las personas que llamaron a la reuni\u00f3n del Concejo Municipal del lunes por la noche despu\u00e9s de que acusaron al Concejo de no responder. \u201cUstedes no van a la comunidad todos los d\u00edas [&hellip;]<\/p>\n","protected":false},"author":4,"featured_media":12163,"comment_status":"open","ping_status":"closed","sticky":false,"template":"","format":"standard","meta":[],"categories":[6],"tags":[],"acf":[],"_links":{"self":[{"href":"http:\/\/www.pasadenahoy.com\/primero\/wp-json\/wp\/v2\/posts\/12162"}],"collection":[{"href":"http:\/\/www.pasadenahoy.com\/primero\/wp-json\/wp\/v2\/posts"}],"about":[{"href":"http:\/\/www.pasadenahoy.com\/primero\/wp-json\/wp\/v2\/types\/post"}],"author":[{"embeddable":true,"href":"http:\/\/www.pasadenahoy.com\/primero\/wp-json\/wp\/v2\/users\/4"}],"replies":[{"embeddable":true,"href":"http:\/\/www.pasadenahoy.com\/primero\/wp-json\/wp\/v2\/comments?post=12162"}],"version-history":[{"count":2,"href":"http:\/\/www.pasadenahoy.com\/primero\/wp-json\/wp\/v2\/posts\/12162\/revisions"}],"predecessor-version":[{"id":12165,"href":"http:\/\/www.pasadenahoy.com\/primero\/wp-json\/wp\/v2\/posts\/12162\/revisions\/12165"}],"wp:featuredmedia":[{"embeddable":true,"href":"http:\/\/www.pasadenahoy.com\/primero\/wp-json\/wp\/v2\/media\/12163"}],"wp:attachment":[{"href":"http:\/\/www.pasadenahoy.com\/primero\/wp-json\/wp\/v2\/media?parent=12162"}],"wp:term":[{"taxonomy":"category","embeddable":true,"href":"http:\/\/www.pasadenahoy.com\/primero\/wp-json\/wp\/v2\/categories?post=12162"},{"taxonomy":"post_tag","embeddable":true,"href":"http:\/\/www.pasadenahoy.com\/primero\/wp-json\/wp\/v2\/tags?post=12162"}],"curies":[{"name":"wp","href":"https:\/\/api.w.org\/{rel}","templated":true}]}}