{"id":12166,"date":"2021-11-03T15:15:04","date_gmt":"2021-11-03T15:15:04","guid":{"rendered":"http:\/\/www.pasadenahoy.com\/primero\/?p=12166"},"modified":"2021-11-03T15:15:06","modified_gmt":"2021-11-03T15:15:06","slug":"el-concejal-kennedy-pide-que-el-concejo-discuta-la-contratacion-del-administrador-de-la-ciudad-en-sesion-cerrada-la-proxima-semana","status":"publish","type":"post","link":"http:\/\/www.pasadenahoy.com\/primero\/el-gobierno-local\/el-concejal-kennedy-pide-que-el-concejo-discuta-la-contratacion-del-administrador-de-la-ciudad-en-sesion-cerrada-la-proxima-semana\/","title":{"rendered":"El concejal Kennedy pide que el concejo discuta la contrataci\u00f3n del administrador de la ciudad en sesi\u00f3n cerrada la pr\u00f3xima semana"},"content":{"rendered":"\n<figure class=\"wp-block-image alignnone size-large\"><figure class=\"alignnone\"><img loading=\"lazy\" width=\"700\" height=\"378\" src=\"http:\/\/www.pasadenahoy.com\/primero\/wp-content\/uploads\/2021\/11\/pic-3-1.jpg\" alt=\"\" class=\"wp-image-12167\" srcset=\"http:\/\/www.pasadenahoy.com\/primero\/wp-content\/uploads\/2021\/11\/pic-3-1.jpg 700w, http:\/\/www.pasadenahoy.com\/primero\/wp-content\/uploads\/2021\/11\/pic-3-1-300x162.jpg 300w, http:\/\/www.pasadenahoy.com\/primero\/wp-content\/uploads\/2021\/11\/pic-3-1-241x130.jpg 241w, http:\/\/www.pasadenahoy.com\/primero\/wp-content\/uploads\/2021\/11\/pic-3-1-333x180.jpg 333w, http:\/\/www.pasadenahoy.com\/primero\/wp-content\/uploads\/2021\/11\/pic-3-1-360x194.jpg 360w\" sizes=\"100vw\" \/><figcaption><span class=\"caption-text\">Concejal John Kennedy<\/span><\/figcaption><\/figure><\/figure>\n\n\n\n<p>Al concluir la reuni\u00f3n del Concejo Municipal del lunes, el concejal John Kennedy pidi\u00f3 al alcalde Victor Gordo que organizara la contrataci\u00f3n de un administrador municipal permanente en sesi\u00f3n cerrada en la agenda de la pr\u00f3xima semana.<\/p>\n\n\n\n<p>La ex administradora de la ciudad, Cynthia Kurtz, asumir\u00e1 el cargo el pr\u00f3ximo mes de forma interina despu\u00e9s de que el administrador de la ciudad, Steve Mermell, se retire el 2 de diciembre.<\/p>\n\n\n\n<p>El administrador de la ciudad, que es responsable de todos los departamentos de la ciudad menos dos, se desempe\u00f1a como director ejecutivo de la ciudad y es responsable de contratar a los jefes de departamento.<\/p>\n\n\n\n<p>Kennedy, quien anteriormente trabaj\u00f3 para la ciudad bajo Kurtz, la elogi\u00f3 y cit\u00f3 varias vacantes pr\u00f3ximas en el Ayuntamiento como motivo de alarma.<\/p>\n\n\n\n<p>Junto con Mermell, la ciudad perder\u00e1 al Jefe de Polic\u00eda John Perez, la Subgerente Municipal Julie Guitierrez, el Gerente General de Agua y Energ\u00eda Gurcharan S. Bawa, y la Directora de Recursos Humanos Jennifer Curtis dentro de los pr\u00f3ximos dos meses.<\/p>\n\n\n\n<p>Kennedy dijo que el equipo de liderazgo ejecutivo de la ciudad ser\u00e1 &#8220;diezmado&#8221; por las salidas.<\/p>\n\n\n\n<p>\u201cAdem\u00e1s, hay una serie de puestos gerenciales de segundo y tercer nivel que est\u00e1n saliendo o est\u00e1n vacantes\u201d, dijo Kennedy el lunes por la noche.<\/p>\n\n\n\n<p>\u201cNo podemos demorarnos en traer un excelente administrador municipal permanente a bordo para reconstruir su propio equipo para dirigir esta ciudad. No es justo ni equitativo esperar que nuestro administrador municipal interino dirija la ciudad con un equipo reducido en un futuro indefinido y, sin embargo, no es apropiado que un interino haga nombramientos permanentes \u201d, dijo.<\/p>\n\n\n\n<p>El puesto de administrador municipal no quedar\u00e1 vacante hasta el 3 de diciembre. Kurtz asumir\u00e1 el puesto de administrador municipal interino en esa fecha.<\/p>\n\n\n\n<p>Kurtz comenzar\u00e1 con una \u201ccapacidad de ayuda adicional\u201d el 10 de noviembre mientras trabaja con Mermell para garantizar una transici\u00f3n sin problemas. Durante ese tiempo, ganar\u00e1 120 d\u00f3lares la hora.<\/p>\n\n\n\n<p>Cuando Mermell anunci\u00f3 su retiro el mes pasado, prometi\u00f3 ayudar en la transici\u00f3n a un nuevo administrador municipal.<\/p>\n\n\n\n<p>\u201cA lo largo de los a\u00f1os, he tenido el placer de conocer a muchos empleados de la ciudad y cuento a muchos de ustedes como amigos ya todos ustedes como colegas\u201d, escribi\u00f3 Mermell. \u201cD\u00eda tras d\u00eda brindan un servicio excepcional a nuestra comunidad y se nota. Siempre ser\u00e1 un gran motivo de orgullo para m\u00ed haber servido como su Administrador Municipal &#8220;.<br>Gordo no dijo el lunes si el tema aparecer\u00eda en la agenda del 8 de noviembre del Ayuntamiento.<\/p>\n\n\n\n<p>Kennedy tambi\u00e9n pidi\u00f3 discusiones de sesiones abiertas en las pr\u00f3ximas reuniones.<br>\u201cEl Concejo Municipal en su conjunto debe seleccionar la empresa de reclutamiento, finalizar las especificaciones del puesto y determinar el proceso de alcance\u201d, dijo Kennedy. \u201cSi hay alg\u00fan subcomit\u00e9 asignado a estas tareas, debe ser aprobado por todo el Ayuntamiento. Asimismo, el plazo debe ser aprobado por todo el Ayuntamiento y todo ello divulgado al p\u00fablico.<\/p>\n\n\n\n<p>\u201cCreo que puede ser prudente que el Concejo Municipal encargue una entrevista de salida confidencial de todo el personal que sale para determinar si hay factores relacionados con su partida que el Concejo Municipal debe conocer\u201d, agreg\u00f3. \u201cEsto permitir\u00e1 al Ayuntamiento emprender una mejor selecci\u00f3n de candidatos calificados para este puesto esencial y garantizar\u00e1 la retenci\u00f3n de nuestro personal como un asunto general\u201d.<\/p>\n\n\n\n<p>Se espera que la ciudad utilice una firma externa para realizar una b\u00fasqueda a nivel nacional del pr\u00f3ximo administrador municipal. Gordo ha prometido un proceso de selecci\u00f3n abierto y transparente.<\/p>\n","protected":false},"excerpt":{"rendered":"<p>Al concluir la reuni\u00f3n del Concejo Municipal del lunes, el concejal John Kennedy pidi\u00f3 al alcalde Victor Gordo que organizara la contrataci\u00f3n de un administrador municipal permanente en sesi\u00f3n cerrada en la agenda de la pr\u00f3xima semana. La ex administradora de la ciudad, Cynthia Kurtz, asumir\u00e1 el cargo el pr\u00f3ximo mes de forma interina despu\u00e9s de que el administrador de la ciudad, Steve Mermell, se retire el 2 de diciembre. El administrador de la ciudad, que es responsable de todos [&hellip;]<\/p>\n","protected":false},"author":4,"featured_media":12167,"comment_status":"open","ping_status":"closed","sticky":false,"template":"","format":"standard","meta":[],"categories":[6],"tags":[],"acf":[],"_links":{"self":[{"href":"http:\/\/www.pasadenahoy.com\/primero\/wp-json\/wp\/v2\/posts\/12166"}],"collection":[{"href":"http:\/\/www.pasadenahoy.com\/primero\/wp-json\/wp\/v2\/posts"}],"about":[{"href":"http:\/\/www.pasadenahoy.com\/primero\/wp-json\/wp\/v2\/types\/post"}],"author":[{"embeddable":true,"href":"http:\/\/www.pasadenahoy.com\/primero\/wp-json\/wp\/v2\/users\/4"}],"replies":[{"embeddable":true,"href":"http:\/\/www.pasadenahoy.com\/primero\/wp-json\/wp\/v2\/comments?post=12166"}],"version-history":[{"count":2,"href":"http:\/\/www.pasadenahoy.com\/primero\/wp-json\/wp\/v2\/posts\/12166\/revisions"}],"predecessor-version":[{"id":12169,"href":"http:\/\/www.pasadenahoy.com\/primero\/wp-json\/wp\/v2\/posts\/12166\/revisions\/12169"}],"wp:featuredmedia":[{"embeddable":true,"href":"http:\/\/www.pasadenahoy.com\/primero\/wp-json\/wp\/v2\/media\/12167"}],"wp:attachment":[{"href":"http:\/\/www.pasadenahoy.com\/primero\/wp-json\/wp\/v2\/media?parent=12166"}],"wp:term":[{"taxonomy":"category","embeddable":true,"href":"http:\/\/www.pasadenahoy.com\/primero\/wp-json\/wp\/v2\/categories?post=12166"},{"taxonomy":"post_tag","embeddable":true,"href":"http:\/\/www.pasadenahoy.com\/primero\/wp-json\/wp\/v2\/tags?post=12166"}],"curies":[{"name":"wp","href":"https:\/\/api.w.org\/{rel}","templated":true}]}}