{"id":12170,"date":"2021-11-03T15:19:02","date_gmt":"2021-11-03T15:19:02","guid":{"rendered":"http:\/\/www.pasadenahoy.com\/primero\/?p=12170"},"modified":"2021-11-03T15:19:05","modified_gmt":"2021-11-03T15:19:05","slug":"condado-de-los-angeles-pasadena-esta-listo-para-comenzar-a-vacunar-a-los-ninos-de-5-a-11-anos","status":"publish","type":"post","link":"http:\/\/www.pasadenahoy.com\/primero\/la-comunidad\/condado-de-los-angeles-pasadena-esta-listo-para-comenzar-a-vacunar-a-los-ninos-de-5-a-11-anos\/","title":{"rendered":"Condado de Los \u00c1ngeles, Pasadena est\u00e1 listo para comenzar a vacunar a los ni\u00f1os de 5 a 11 a\u00f1os"},"content":{"rendered":"\n<figure class=\"wp-block-image alignnone size-large\"><figure class=\"alignnone\"><img loading=\"lazy\" width=\"700\" height=\"378\" src=\"http:\/\/www.pasadenahoy.com\/primero\/wp-content\/uploads\/2021\/11\/pic-4-1.jpg\" alt=\"\" class=\"wp-image-12171\" srcset=\"http:\/\/www.pasadenahoy.com\/primero\/wp-content\/uploads\/2021\/11\/pic-4-1.jpg 700w, http:\/\/www.pasadenahoy.com\/primero\/wp-content\/uploads\/2021\/11\/pic-4-1-300x162.jpg 300w, http:\/\/www.pasadenahoy.com\/primero\/wp-content\/uploads\/2021\/11\/pic-4-1-241x130.jpg 241w, http:\/\/www.pasadenahoy.com\/primero\/wp-content\/uploads\/2021\/11\/pic-4-1-333x180.jpg 333w, http:\/\/www.pasadenahoy.com\/primero\/wp-content\/uploads\/2021\/11\/pic-4-1-360x194.jpg 360w\" sizes=\"100vw\" \/><\/figure><\/figure>\n\n\n\n<p>Los Departamentos de Salud P\u00fablica del Condado de Los \u00c1ngeles y Pasadena recibieron los primeros env\u00edos de dosis pedi\u00e1tricas de la vacuna Pfizer COVID-19 el martes, el mismo d\u00eda en que los Centros para el Control y la Prevenci\u00f3n de Enfermedades de EE. UU. Dieron la aprobaci\u00f3n final a las vacunas para ni\u00f1os de 5 a 11 a\u00f1os.<\/p>\n\n\n\n<p>Las cl\u00ednicas de Pasadena deber\u00edan poder comenzar a vacunar a los ni\u00f1os tan pronto como el lunes, dijo la portavoz de la ciudad de Pasadena, Lisa Derderian, hoy temprano.<\/p>\n\n\n\n<p>La Administraci\u00f3n de Drogas y Alimentos de EE. UU. Aprob\u00f3 las vacunas pedi\u00e1tricas la semana pasada, y un comit\u00e9 asesor de los CDC las aprob\u00f3 el martes por la ma\u00f1ana. La directora de los CDC, la Dra. Rochelle Walensky, dio la aprobaci\u00f3n final el martes por la tarde, haciendo que las vacunas est\u00e9n inmediatamente disponibles para las personas de 5 a 11 a\u00f1os.<\/p>\n\n\n\n<p>La directora de salud p\u00fablica del condado de Los \u00c1ngeles, Barbara Ferrer, dijo que hay 900 proveedores en el condado que est\u00e1n listos para administrar las dosis pedi\u00e1tricas.<\/p>\n\n\n\n<p>\u201cLos sitios que reciben dosis hoy podr\u00edan comenzar con las vacunas ma\u00f1ana (mi\u00e9rcoles) por la tarde o el jueves\u201d, dijo Ferrer a la Junta de Supervisores del condado.<\/p>\n\n\n\n<p>Ella dijo que el condado recibi\u00f3 su primer env\u00edo de dosis pedi\u00e1tricas el martes, y que el condado espera recibir un total de casi 300,000 dosis dentro de la pr\u00f3xima semana a 10 d\u00edas.<\/p>\n\n\n\n<p>Seg\u00fan Ferrer, hay alrededor de 900.000 ni\u00f1os de entre 5 y 11 a\u00f1os en el condado.<\/p>\n\n\n\n<p>&#8220;No anticipamos la escasez y esperamos que haya suficientes vacunas para satisfacer la demanda&#8221;, dijo.<\/p>\n\n\n\n<p>La ciudad de Long Beach, que tiene su propio departamento de salud separado del condado, comenzar\u00e1 a ofrecer las dosis pedi\u00e1tricas a partir del viernes. La ciudad estima que hay 43,900 ni\u00f1os de entre 5 y 11 a\u00f1os que residen en Long Beach.<\/p>\n\n\n\n<p>Si bien las inyecciones pedi\u00e1tricas son una dosis m\u00e1s baja que la vacuna para adultos, las dosis deben administrarse en el mismo horario: dos inyecciones administradas con 21 d\u00edas de diferencia. Ferrer se\u00f1al\u00f3 que los ni\u00f1os deben tener un formulario de consentimiento firmado por un adulto para recibir la vacuna, y algunos sitios de vacunaci\u00f3n requieren que est\u00e9n acompa\u00f1ados por un adulto.<\/p>\n\n\n\n<p>Las vacunas pedi\u00e1tricas se ofrecer\u00e1n bajo una autorizaci\u00f3n de uso de emergencia, la misma autorizaci\u00f3n otorgada a las vacunas Moderna y Johnson &amp; Johnson, y a la vacuna Pfizer para personas de 12 a 15 a\u00f1os. La vacuna de Pfizer tiene la aprobaci\u00f3n federal total para personas de 16 a\u00f1os en adelante.<\/p>\n\n\n\n<p>Seg\u00fan Ferrer, ha habido m\u00e1s de 79.000 casos de COVID durante la pandemia entre ni\u00f1os de 5 a 11 a\u00f1os en el condado, y una muerte. Aproximadamente 37,000 casos han ocurrido en ni\u00f1os hasta los 4 a\u00f1os, tambi\u00e9n con una muerte, y m\u00e1s de 89,000 casos en los de 12 a 17 a\u00f1os, con cinco muertes.<\/p>\n\n\n\n<p>\u201cDurante la semana que termin\u00f3 el 10 de octubre, el 12% de los casos en el condado de Los \u00c1ngeles fueron en ni\u00f1os de 5 a 11 a\u00f1os, y los ni\u00f1os de este grupo de edad comprenden el 9% de la poblaci\u00f3n del condado\u201d, dijo Ferrer la semana pasada.<\/p>\n\n\n\n<p>A pesar de la aprobaci\u00f3n federal de las vacunas para ni\u00f1os de 5 a 11 a\u00f1os, los estudiantes de ese grupo de edad no estar\u00e1n sujetos al mandato de vacunas para estudiantes del Distrito Escolar Unificado de Los \u00c1ngeles. El mandato continuar\u00e1 aplic\u00e1ndose solo a los estudiantes de 12 a\u00f1os en adelante, requiriendo que tengan al menos una dosis antes del 21 de noviembre y la segunda antes del 19 de diciembre.<\/p>\n\n\n\n<p>Los funcionarios del LAUSD emitieron un comunicado el martes diciendo que la vacuna es &#8220;altamente recomendada&#8221; para los estudiantes de 5 a 11 a\u00f1os, y que el distrito comenzar\u00e1 a ofrecer dosis para esa edad a trav\u00e9s de sus cl\u00ednicas m\u00f3viles el 8 de noviembre y a trav\u00e9s de sus cl\u00ednicas escolares el 8 de noviembre. diecis\u00e9is.<\/p>\n\n\n\n<p>En el condado de Los \u00c1ngeles, el 80% de los residentes de 12 a\u00f1os o m\u00e1s han recibido al menos una dosis de la vacuna, mientras que el 72% est\u00e1n completamente vacunados, seg\u00fan el condado. Entre la poblaci\u00f3n general del condado de 10,3 millones de personas, incluidos los menores de 12 a\u00f1os que a\u00fan no son elegibles para las vacunas, el 69% ha recibido al menos una dosis y el 61% est\u00e1 completamente vacunado.<\/p>\n\n\n\n<p>Los residentes negros contin\u00faan teniendo las tasas de vacunaci\u00f3n m\u00e1s bajas, con solo el 56% que ha recibido al menos una dosis. Eso se compara con el 64% de los residentes latinos, el 74% de los residentes blancos y el 83% de los asi\u00e1ticos.<\/p>\n\n\n\n<p>Los residentes negros m\u00e1s j\u00f3venes tienen tasas de vacunaci\u00f3n particularmente bajas, con el grupo de edad m\u00e1s joven al 43% con al menos una dosis.<\/p>\n","protected":false},"excerpt":{"rendered":"<p>Los Departamentos de Salud P\u00fablica del Condado de Los \u00c1ngeles y Pasadena recibieron los primeros env\u00edos de dosis pedi\u00e1tricas de la vacuna Pfizer COVID-19 el martes, el mismo d\u00eda en que los Centros para el Control y la Prevenci\u00f3n de Enfermedades de EE. UU. Dieron la aprobaci\u00f3n final a las vacunas para ni\u00f1os de 5 a 11 a\u00f1os. Las cl\u00ednicas de Pasadena deber\u00edan poder comenzar a vacunar a los ni\u00f1os tan pronto como el lunes, dijo la portavoz de la [&hellip;]<\/p>\n","protected":false},"author":4,"featured_media":0,"comment_status":"open","ping_status":"closed","sticky":false,"template":"","format":"standard","meta":[],"categories":[4],"tags":[],"acf":[],"_links":{"self":[{"href":"http:\/\/www.pasadenahoy.com\/primero\/wp-json\/wp\/v2\/posts\/12170"}],"collection":[{"href":"http:\/\/www.pasadenahoy.com\/primero\/wp-json\/wp\/v2\/posts"}],"about":[{"href":"http:\/\/www.pasadenahoy.com\/primero\/wp-json\/wp\/v2\/types\/post"}],"author":[{"embeddable":true,"href":"http:\/\/www.pasadenahoy.com\/primero\/wp-json\/wp\/v2\/users\/4"}],"replies":[{"embeddable":true,"href":"http:\/\/www.pasadenahoy.com\/primero\/wp-json\/wp\/v2\/comments?post=12170"}],"version-history":[{"count":2,"href":"http:\/\/www.pasadenahoy.com\/primero\/wp-json\/wp\/v2\/posts\/12170\/revisions"}],"predecessor-version":[{"id":12173,"href":"http:\/\/www.pasadenahoy.com\/primero\/wp-json\/wp\/v2\/posts\/12170\/revisions\/12173"}],"wp:attachment":[{"href":"http:\/\/www.pasadenahoy.com\/primero\/wp-json\/wp\/v2\/media?parent=12170"}],"wp:term":[{"taxonomy":"category","embeddable":true,"href":"http:\/\/www.pasadenahoy.com\/primero\/wp-json\/wp\/v2\/categories?post=12170"},{"taxonomy":"post_tag","embeddable":true,"href":"http:\/\/www.pasadenahoy.com\/primero\/wp-json\/wp\/v2\/tags?post=12170"}],"curies":[{"name":"wp","href":"https:\/\/api.w.org\/{rel}","templated":true}]}}