{"id":12174,"date":"2021-11-03T15:23:49","date_gmt":"2021-11-03T15:23:49","guid":{"rendered":"http:\/\/www.pasadenahoy.com\/primero\/?p=12174"},"modified":"2021-11-03T15:23:52","modified_gmt":"2021-11-03T15:23:52","slug":"cansado-de-mascaras-el-condado-de-los-angeles-presenta-un-escenario-para-levantar-el-mandato-de-la-mascara-covid","status":"publish","type":"post","link":"http:\/\/www.pasadenahoy.com\/primero\/la-comunidad\/cansado-de-mascaras-el-condado-de-los-angeles-presenta-un-escenario-para-levantar-el-mandato-de-la-mascara-covid\/","title":{"rendered":"\u00bfCansado de m\u00e1scaras? El condado de Los \u00c1ngeles presenta un escenario para levantar el mandato de la m\u00e1scara COVID"},"content":{"rendered":"\n<figure class=\"wp-block-image alignnone size-large\"><figure class=\"alignnone\"><img loading=\"lazy\" width=\"700\" height=\"378\" src=\"http:\/\/www.pasadenahoy.com\/primero\/wp-content\/uploads\/2021\/11\/pic5.jpg\" alt=\"\" class=\"wp-image-12175\" srcset=\"http:\/\/www.pasadenahoy.com\/primero\/wp-content\/uploads\/2021\/11\/pic5.jpg 700w, http:\/\/www.pasadenahoy.com\/primero\/wp-content\/uploads\/2021\/11\/pic5-300x162.jpg 300w, http:\/\/www.pasadenahoy.com\/primero\/wp-content\/uploads\/2021\/11\/pic5-241x130.jpg 241w, http:\/\/www.pasadenahoy.com\/primero\/wp-content\/uploads\/2021\/11\/pic5-333x180.jpg 333w, http:\/\/www.pasadenahoy.com\/primero\/wp-content\/uploads\/2021\/11\/pic5-360x194.jpg 360w\" sizes=\"100vw\" \/><\/figure><\/figure>\n\n\n\n<p>El director de salud del condado de Los \u00c1ngeles present\u00f3 el martes una serie de criterios que se est\u00e1n monitoreando para un posible levantamiento de los mandatos de uso de mascarillas en grandes eventos al aire libre y en entornos interiores como lugares de trabajo, pero los requisitos probablemente significan que las cubiertas faciales estar\u00e1n disponibles en el nuevo a\u00f1o.<\/p>\n\n\n\n<p>El condado ha mantenido sus estrictos requisitos de enmascaramiento a pesar de las crecientes cifras de vacunaci\u00f3n y las tendencias a la baja en las hospitalizaciones e infecciones por COVID-19.<\/p>\n\n\n\n<p>En declaraciones a la Junta de Supervisores del condado, Barbara Ferrer dijo que el Departamento de Salud P\u00fablica ha desarrollado una lista de m\u00e9tricas clave que el condado debe cumplir antes de que se pueda levantar el mandato de la m\u00e1scara para grandes eventos al aire libre y en ambientes interiores con menos de 1,000 personas.<\/p>\n\n\n\n<p>En particular, el condado debe tener tres semanas consecutivas de transmisi\u00f3n de virus &#8220;moderada&#8221; seg\u00fan lo definido por los Centros para el Control y la Prevenci\u00f3n de Enfermedades de EE. UU. Eso significa que el condado debe tener una tasa acumulativa de casos nuevos en siete d\u00edas de menos de 50 por cada 100,000 residentes. Seg\u00fan los CDC, la tasa actual del condado es de 83 por cada 100.000 residentes, lo que sit\u00faa al condado en la categor\u00eda de transmisi\u00f3n &#8220;sustancial&#8221;. Ferrer se\u00f1al\u00f3 que la tasa del condado la semana pasada fue de alrededor de 72, lo que significa que la transmisi\u00f3n del virus ha aumentado en los \u00faltimos siete d\u00edas.<\/p>\n\n\n\n<p>Otros criterios que se deben alcanzar para considerar el levantamiento de los requisitos de enmascaramiento son tres semanas consecutivas de bajas cifras de hospitalizaci\u00f3n, una tasa de vacunaci\u00f3n completa del 80% de los residentes de 12 a\u00f1os o m\u00e1s y ning\u00fan informe emergente de &#8220;variantes preocupantes&#8221; de COVID-19 de amplia circulaci\u00f3n que podr\u00eda dar lugar a nuevos brotes de infecciones.<\/p>\n\n\n\n<p>Para entornos interiores de personas de menos de 1,000 personas, incluidos los lugares de trabajo, se deben cumplir todos los mismos criterios, y dichos entornos deben tener un sistema de verificaci\u00f3n de vacunas implementado y la vacunaci\u00f3n completa de todos los empleados y clientes, con otros requisitos para aquellos con exenciones de vacunas.<\/p>\n\n\n\n<p>El n\u00famero de hospitalizaciones ha ca\u00eddo dr\u00e1sticamente en el condado desde el aumento repentino de casos en el verano en el que el n\u00famero de pacientes lleg\u00f3 a 1.800. Sin embargo, la disminuci\u00f3n se ha estancado en las \u00faltimas semanas, con el n\u00famero de pacientes con COVID en el condado en 653 hasta el martes, seg\u00fan cifras estatales.<\/p>\n\n\n\n<p>Al 28 de octubre, el 80% de los residentes del condado de 12 a\u00f1os en adelante hab\u00edan recibido al menos una dosis de la vacuna y el 72% estaban completamente vacunados. Ferrer dijo que tiene la esperanza de que el condado alcance el 80% de vacunaci\u00f3n completa de todos los residentes de ese grupo de edad para las vacaciones de invierno.<\/p>\n\n\n\n<p>Ferrer dijo que tiene la esperanza de que el condado &#8220;pueda alcanzar un nivel m\u00e1s bajo de transmisi\u00f3n comunitaria que nos posicione para usar los criterios \u2026 para eliminar los requisitos de enmascaramiento&#8221;.<\/p>\n\n\n\n<p>\u201cHasta entonces, si bien la transmisi\u00f3n sigue siendo sustancial, debemos seguir aplicando protecciones, entendiendo que la propagaci\u00f3n significativa del virus afecta a las personas no vacunadas y resulta cada vez m\u00e1s en infecciones posteriores a la vacunaci\u00f3n entre las personas vacunadas\u201d, dijo. &#8220;La propagaci\u00f3n sustancial tambi\u00e9n crea un caldo de cultivo f\u00e9rtil para nuevas variantes que pueden amenazar nuestro progreso hasta la fecha&#8221;.<\/p>\n\n\n\n<p>Ferrer se\u00f1al\u00f3 que el condado ha visto aumentos en las tasas de infecci\u00f3n y hospitalizaciones durante la semana pasada, lo que refleja las tendencias observadas en algunos otros condados de California y en el extranjero en lugares como el Reino Unido, Francia, Alemania e Italia.<\/p>\n\n\n\n<p>\u201cLas tendencias en otros lugares significan la necesidad de permanecer vigilantes y concentrados en prevenir un aumento significativo del invierno\u201d, dijo.<\/p>\n\n\n\n<p>Las 653 hospitalizaciones por COVID en el condado hasta el martes representaron una ligera ca\u00edda con respecto al lunes, cuando se reportaron 659. De los hospitalizados, 166 estaban siendo tratados en cuidados intensivos, frente a los 173 del lunes.<\/p>\n\n\n\n<p>Ferrer inform\u00f3 de otras 17 muertes por COVID el martes, lo que le dio al condado un n\u00famero total de muertos de 26,661. Tambi\u00e9n anunci\u00f3 896 nuevos casos, para un total acumulado de pandemias de 1,495,014.<\/p>\n\n\n\n<p>La tasa diaria promedio m\u00f3vil de personas que dieron positivo por el virus fue de alrededor del 1% hasta el martes.<\/p>\n","protected":false},"excerpt":{"rendered":"<p>El director de salud del condado de Los \u00c1ngeles present\u00f3 el martes una serie de criterios que se est\u00e1n monitoreando para un posible levantamiento de los mandatos de uso de mascarillas en grandes eventos al aire libre y en entornos interiores como lugares de trabajo, pero los requisitos probablemente significan que las cubiertas faciales estar\u00e1n disponibles en el nuevo a\u00f1o. El condado ha mantenido sus estrictos requisitos de enmascaramiento a pesar de las crecientes cifras de vacunaci\u00f3n y las tendencias [&hellip;]<\/p>\n","protected":false},"author":4,"featured_media":0,"comment_status":"open","ping_status":"closed","sticky":false,"template":"","format":"standard","meta":[],"categories":[4],"tags":[],"acf":[],"_links":{"self":[{"href":"http:\/\/www.pasadenahoy.com\/primero\/wp-json\/wp\/v2\/posts\/12174"}],"collection":[{"href":"http:\/\/www.pasadenahoy.com\/primero\/wp-json\/wp\/v2\/posts"}],"about":[{"href":"http:\/\/www.pasadenahoy.com\/primero\/wp-json\/wp\/v2\/types\/post"}],"author":[{"embeddable":true,"href":"http:\/\/www.pasadenahoy.com\/primero\/wp-json\/wp\/v2\/users\/4"}],"replies":[{"embeddable":true,"href":"http:\/\/www.pasadenahoy.com\/primero\/wp-json\/wp\/v2\/comments?post=12174"}],"version-history":[{"count":2,"href":"http:\/\/www.pasadenahoy.com\/primero\/wp-json\/wp\/v2\/posts\/12174\/revisions"}],"predecessor-version":[{"id":12177,"href":"http:\/\/www.pasadenahoy.com\/primero\/wp-json\/wp\/v2\/posts\/12174\/revisions\/12177"}],"wp:attachment":[{"href":"http:\/\/www.pasadenahoy.com\/primero\/wp-json\/wp\/v2\/media?parent=12174"}],"wp:term":[{"taxonomy":"category","embeddable":true,"href":"http:\/\/www.pasadenahoy.com\/primero\/wp-json\/wp\/v2\/categories?post=12174"},{"taxonomy":"post_tag","embeddable":true,"href":"http:\/\/www.pasadenahoy.com\/primero\/wp-json\/wp\/v2\/tags?post=12174"}],"curies":[{"name":"wp","href":"https:\/\/api.w.org\/{rel}","templated":true}]}}