{"id":12193,"date":"2021-11-04T15:24:35","date_gmt":"2021-11-04T15:24:35","guid":{"rendered":"http:\/\/www.pasadenahoy.com\/primero\/?p=12193"},"modified":"2021-11-04T15:24:38","modified_gmt":"2021-11-04T15:24:38","slug":"grupos-comunitarios-organizaran-un-festival-de-bienestar-en-altadena-en-respuesta-a-la-violencia-reciente-en-el-area","status":"publish","type":"post","link":"http:\/\/www.pasadenahoy.com\/primero\/la-comunidad\/grupos-comunitarios-organizaran-un-festival-de-bienestar-en-altadena-en-respuesta-a-la-violencia-reciente-en-el-area\/","title":{"rendered":"Grupos comunitarios organizar\u00e1n un festival de bienestar en Altadena en respuesta a la violencia reciente en el \u00e1rea"},"content":{"rendered":"\n<div class=\"wp-block-image alignright\"><figure class=\"alignright size-large\"><img loading=\"lazy\" width=\"401\" height=\"512\" src=\"http:\/\/www.pasadenahoy.com\/primero\/wp-content\/uploads\/2021\/11\/pic-3-2.jpg\" alt=\"\" class=\"wp-image-12194\" srcset=\"http:\/\/www.pasadenahoy.com\/primero\/wp-content\/uploads\/2021\/11\/pic-3-2.jpg 401w, http:\/\/www.pasadenahoy.com\/primero\/wp-content\/uploads\/2021\/11\/pic-3-2-235x300.jpg 235w, http:\/\/www.pasadenahoy.com\/primero\/wp-content\/uploads\/2021\/11\/pic-3-2-102x130.jpg 102w, http:\/\/www.pasadenahoy.com\/primero\/wp-content\/uploads\/2021\/11\/pic-3-2-141x180.jpg 141w, http:\/\/www.pasadenahoy.com\/primero\/wp-content\/uploads\/2021\/11\/pic-3-2-360x460.jpg 360w\" sizes=\"100vw\" \/><\/figure><\/div>\n\n\n\n<p>Un grupo comunitario con sede en Altadena dedicado a reducir la violencia en Pasadena y Altadena se est\u00e1 asociando con otras organizaciones para llevar a cabo un festival de salud y bienestar en Loma Alta Park en Altadena el s\u00e1bado para ayudar a unir los vecindarios locales afectados por un reciente aumento en la violencia con armas de fuego en el pasado. dos semanas.<\/p>\n\n\n\n<p>MyTribeRise se est\u00e1 asociando con el Ayuntamiento de Altadena, Side Street Project, Altadena Safe Streets, Pasadena Black Pages, United We Stand Up, el Departamento de Parques y Recreaci\u00f3n del Condado de Los \u00c1ngeles, las ciudades de Altadena y Pasadena y otros para organizar la Activate Peace en el Festival del Parque desde el mediod\u00eda hasta las 4 pm en el parque, 3330 N. Lincoln Ave., seg\u00fan el director ejecutivo y cofundador de MyTribeRise, Heavenly Hughes.<\/p>\n\n\n\n<p>El evento tiene como objetivo unir a las comunidades de Altadena y Pasadena, as\u00ed como a las diferentes generaciones dentro de las comunidades, en un ambiente positivo a la luz del reciente aumento de tiroteos en el \u00e1rea, dijeron los organizadores.<\/p>\n\n\n\n<p>El \u00e1rea de Pasadena y Altadena vio al menos 12 tiroteos entre el 22 de octubre y el lunes, dejando un hombre muerto y siete personas heridas, seg\u00fan funcionarios del Departamento de Polic\u00eda de Pasadena y del Departamento del Sheriff del Condado de Los \u00c1ngeles.<\/p>\n\n\n\n<p>&#8220;Sabemos que hemos visto un aumento en la violencia en nuestra \u00e1rea de Pasadena y Altadena, y este evento es espec\u00edficamente para unir a Pasadena y Altadena&#8221;, dijo Hughes.<\/p>\n\n\n\n<p>\u201cNecesitamos ser el ejemplo de paz, no importa cu\u00e1nto veamos cosas que no nos gusta ver en nuestra comunidad\u201d, dijo. &#8220;Necesitamos ser un ejemplo de lo que nos gustar\u00eda ver en nuestra comunidad&#8221;.<\/p>\n\n\n\n<p>El festival incluir\u00e1 un juego de smushball, presentaciones en vivo, un orador motivacional, artes y manualidades, yoga, un curso de habilidades en patines y bicicletas, camiones de comida, puestos de informaci\u00f3n y \u201cuna serie de actividades intergeneracionales\u201d, dijo Hughes.<\/p>\n\n\n\n<p>\u201cRealmente pensamos que es importante que nuestros mayores puedan llegar a nuestra juventud para poder dar sabidur\u00eda y conocimiento, por eso queremos unir a nuestros mayores y nuestros mayores con nuestra juventud para que podamos comenzar a tener un di\u00e1logo que realmente traiga conexi\u00f3n y correcci\u00f3n.&#8221;<\/p>\n\n\n\n<p>El festival est\u00e1 destinado a ser &#8220;un espacio donde podamos hablar entre nosotros&#8221;, seg\u00fan Hughes.<\/p>\n\n\n\n<p>\u201cLa gente est\u00e1 sufriendo. A la gente le est\u00e1n disparando. La gente tiene miedo de estar en la calle \u201d, dijo.<\/p>\n\n\n\n<p>\u201cLas personas, creo, que est\u00e1n en esta rivalidad en este momento, a veces solo necesitan que alguien les muestre que hay otras opciones en la vida adem\u00e1s de pelear entre s\u00ed. Algunas personas lo llaman gangbanging. Tenemos que llegar a ellos a trav\u00e9s de nuestro ejemplo. Y creemos que si llegamos a uno, le ense\u00f1amos a uno, entonces esa persona llegar\u00e1 a uno, le ense\u00f1ar\u00e1 a uno \u201d, dijo Hughes.<\/p>\n\n\n\n<p>\u201cEste evento contar\u00e1 con Bloods y Crips en el evento mostrando c\u00f3mo pueden trabajar juntos en un espacio de Altadena y Pasadena y ser productivos y retribuir a la comunidad\u201d, dijo.<\/p>\n\n\n\n<p>El festival del s\u00e1bado es parte de la campa\u00f1a &#8220;Peace in the Park\u2018 Dena \u2019&#8221; de MyTribeRise, que ha estado en marcha durante varios meses, seg\u00fan Hughes.<\/p>\n\n\n\n<p>Dorothy Wong, miembro del Concejo Municipal de Altadena, quien tambi\u00e9n es miembro fundador de Altadena Safe Streets, dijo que es vital que los residentes se sientan seguros al moverse por el \u00e1rea.<\/p>\n\n\n\n<p>Utiliz\u00e1ndose a s\u00ed misma como ejemplo, dijo: \u201cCuando necesito moverme de manera segura en bicicleta desde Altadena a Pasadena, conf\u00edo en la seguridad de las calles y los caminos para llegar, digamos, al sistema Gold Line para poder conectarme. As\u00ed que la conexi\u00f3n y luego las conexiones intencionales, multiculturales, las conexiones de edades intergeneracionales, son realmente importantes. Es por eso que estamos haciendo este evento en particular &#8220;, dijo.<\/p>\n\n\n\n<p>\u201cLos residentes quieren tener una sensaci\u00f3n de seguridad en el parque\u201d, dijo Wong. &#8220;Y entonces todo se reduce a, en mi humilde opini\u00f3n, c\u00f3mo nos involucramos, nos conectamos y nos entendemos&#8221;.<\/p>\n\n\n\n<p>&#8220;Tambi\u00e9n estamos tratando de centrarnos en algunos problemas de movilidad y seguridad del tr\u00e1fico&#8221;, dijo.<\/p>\n\n\n\n<p>Sobre todo, Hughes dijo que el mensaje que esperaba que tuviera el festival era que \u201csomos parte de una comunidad que se ama unos a otros\u201d.<\/p>\n\n\n\n<p>\u201cNo importa lo que estemos viendo con este repunte de la violencia, nos amamos unos a otros. Tenemos compasi\u00f3n unos por otros y queremos que la gente tenga una sensaci\u00f3n de paz \u201d, dijo. &#8220;Queremos que sientan que pueden ocupar y activar su comunidad sin tener miedo, sin estar en un espacio donde hay mucha tensi\u00f3n&#8221;.<\/p>\n\n\n\n<p>M\u00e1s informaci\u00f3n sobre MyTribeRise est\u00e1 disponible en el sitio web de la organizaci\u00f3n en <a href=\"https:\/\/mytriberise.org\/\">mytriberise.org.<\/a><\/p>\n\n\n\n<p>Relacionado:<\/p>\n\n\n\n<p><a href=\"https:\/\/www.pasadenanow.com\/main\/pasadena-man-wounded-in-shooting-last-week-dies-from-injuries\">Muere herido en un tiroteo la semana pasada en Pasadena<\/a><\/p>\n\n\n\n<p><a href=\"https:\/\/www.pasadenanow.com\/main\/2-men-critically-wounded-in-pasadena-shooting\">2 hombres gravemente heridos en tiroteo en Pasadena<\/a><\/p>\n\n\n\n<p><a href=\"https:\/\/www.pasadenanow.com\/main\/road-rage-incident-leads-to-shooting-victim-injured-by-shattered-windshield-glass\">La polic\u00eda y los funcionarios de la ciudad organizan una &#8220;reuni\u00f3n comunitaria de emergencia&#8221; en respuesta a la reciente violencia con armas de fuego en Pasadena<\/a><\/p>\n\n\n\n<p><a href=\"https:\/\/www.pasadenanow.com\/main\/road-rage-incident-leads-to-shooting-victim-injured-by-shattered-windshield-glass\">Incidente de Road Rage conduce a un tiroteo, la v\u00edctima resulta herida por el vidrio del parabrisas roto<\/a><\/p>\n\n\n\n<p><a href=\"https:\/\/www.pasadenanow.com\/main\/car-to-car-shooting-reported-along-washington-boulevard-in-pasadena\">Tiroteo de autom\u00f3vil a autom\u00f3vil reportado a lo largo de Washington Boulevard en Pasadena<\/a><\/p>\n\n\n\n<p><a href=\"https:\/\/www.pasadenanow.com\/main\/lyft-driver-dodges-gunfire-during-pasadena-robbery\">Conductor de Lyft esquiva disparos durante el robo de Pasadena<\/a><\/p>\n\n\n\n<p><a href=\"https:\/\/www.pasadenanow.com\/main\/bullet-pierces-pasadena-home-with-woman-toddler-inside\">Una bala atraviesa una casa en Pasadena con una mujer y un ni\u00f1o peque\u00f1o adentro<\/a><\/p>\n\n\n\n<p><a href=\"https:\/\/www.pasadenanow.com\/main\/woman-shot-another-pistol-whipped-during-halloween-party-in-pasadena\">Mujer shot, otra fiesta de Halloween azotada con pistola durante la fiesta de Halloween en Pasadena a la que asistieron cientos<\/a><\/p>\n\n\n\n<p><a href=\"https:\/\/www.pasadenanow.com\/main\/1-hurt-in-wednesday-night-car-to-car-shooting-in-pasadena\">1 herido en tiroteo coche a coche el mi\u00e9rcoles por la noche en Pasadena<\/a><\/p>\n\n\n\n<p><a href=\"https:\/\/www.pasadenanow.com\/main\/man-severely-wounded-in-shooting-at-robinson-park-in-pasadena\">Hombre gravemente herido en tiroteo en Robinson Park en Pasadena<\/a><\/p>\n\n\n\n<p><\/p>\n","protected":false},"excerpt":{"rendered":"<p>Un grupo comunitario con sede en Altadena dedicado a reducir la violencia en Pasadena y Altadena se est\u00e1 asociando con otras organizaciones para llevar a cabo un festival de salud y bienestar en Loma Alta Park en Altadena el s\u00e1bado para ayudar a unir los vecindarios locales afectados por un reciente aumento en la violencia con armas de fuego en el pasado. dos semanas. MyTribeRise se est\u00e1 asociando con el Ayuntamiento de Altadena, Side Street Project, Altadena Safe Streets, Pasadena [&hellip;]<\/p>\n","protected":false},"author":4,"featured_media":12194,"comment_status":"open","ping_status":"closed","sticky":false,"template":"","format":"standard","meta":[],"categories":[4],"tags":[],"acf":[],"_links":{"self":[{"href":"http:\/\/www.pasadenahoy.com\/primero\/wp-json\/wp\/v2\/posts\/12193"}],"collection":[{"href":"http:\/\/www.pasadenahoy.com\/primero\/wp-json\/wp\/v2\/posts"}],"about":[{"href":"http:\/\/www.pasadenahoy.com\/primero\/wp-json\/wp\/v2\/types\/post"}],"author":[{"embeddable":true,"href":"http:\/\/www.pasadenahoy.com\/primero\/wp-json\/wp\/v2\/users\/4"}],"replies":[{"embeddable":true,"href":"http:\/\/www.pasadenahoy.com\/primero\/wp-json\/wp\/v2\/comments?post=12193"}],"version-history":[{"count":2,"href":"http:\/\/www.pasadenahoy.com\/primero\/wp-json\/wp\/v2\/posts\/12193\/revisions"}],"predecessor-version":[{"id":12196,"href":"http:\/\/www.pasadenahoy.com\/primero\/wp-json\/wp\/v2\/posts\/12193\/revisions\/12196"}],"wp:featuredmedia":[{"embeddable":true,"href":"http:\/\/www.pasadenahoy.com\/primero\/wp-json\/wp\/v2\/media\/12194"}],"wp:attachment":[{"href":"http:\/\/www.pasadenahoy.com\/primero\/wp-json\/wp\/v2\/media?parent=12193"}],"wp:term":[{"taxonomy":"category","embeddable":true,"href":"http:\/\/www.pasadenahoy.com\/primero\/wp-json\/wp\/v2\/categories?post=12193"},{"taxonomy":"post_tag","embeddable":true,"href":"http:\/\/www.pasadenahoy.com\/primero\/wp-json\/wp\/v2\/tags?post=12193"}],"curies":[{"name":"wp","href":"https:\/\/api.w.org\/{rel}","templated":true}]}}