{"id":12228,"date":"2021-11-05T15:15:49","date_gmt":"2021-11-05T15:15:49","guid":{"rendered":"http:\/\/www.pasadenahoy.com\/primero\/?p=12228"},"modified":"2021-11-05T15:15:51","modified_gmt":"2021-11-05T15:15:51","slug":"funcionarios-de-salud-publica-instan-a-una-planificacion-segura-del-dia-de-accion-de-gracias","status":"publish","type":"post","link":"http:\/\/www.pasadenahoy.com\/primero\/la-comunidad\/funcionarios-de-salud-publica-instan-a-una-planificacion-segura-del-dia-de-accion-de-gracias\/","title":{"rendered":"Funcionarios de salud p\u00fablica instan a una planificaci\u00f3n segura del D\u00eda de Acci\u00f3n de Gracias"},"content":{"rendered":"\n<figure class=\"wp-block-image alignnone size-large\"><figure class=\"alignnone\"><img loading=\"lazy\" width=\"700\" height=\"378\" src=\"http:\/\/www.pasadenahoy.com\/primero\/wp-content\/uploads\/2021\/11\/pic5.png\" alt=\"\" class=\"wp-image-12229\" srcset=\"http:\/\/www.pasadenahoy.com\/primero\/wp-content\/uploads\/2021\/11\/pic5.png 700w, http:\/\/www.pasadenahoy.com\/primero\/wp-content\/uploads\/2021\/11\/pic5-300x162.png 300w, http:\/\/www.pasadenahoy.com\/primero\/wp-content\/uploads\/2021\/11\/pic5-241x130.png 241w, http:\/\/www.pasadenahoy.com\/primero\/wp-content\/uploads\/2021\/11\/pic5-333x180.png 333w, http:\/\/www.pasadenahoy.com\/primero\/wp-content\/uploads\/2021\/11\/pic5-360x194.png 360w\" sizes=\"100vw\" \/><\/figure><\/figure>\n\n\n\n<p>Con el D\u00eda de Acci\u00f3n de Gracias a tres semanas de distancia, los funcionarios de salud p\u00fablica instan a las familias a celebrar de manera segura.<\/p>\n\n\n\n<p>Los funcionarios est\u00e1n particularmente preocupados de que las reuniones navide\u00f1as, junto con un clima m\u00e1s fresco, puedan ayudar a provocar otra oleada viral, dijo la directora de salud p\u00fablica del condado de Los \u00c1ngeles, Barbara Ferrer.<\/p>\n\n\n\n<p>\u201cOtra estrategia importante para prevenir un aumento significativo este invierno es planificar reuniones festivas seguras\u201d, dijo Ferrer.<\/p>\n\n\n\n<p>Idealmente, todas las personas elegibles para la vacunaci\u00f3n deber\u00edan estar completamente vacunadas cuando asistan a una reuni\u00f3n, dijo Ferrer.<\/p>\n\n\n\n<p>&#8220;Si esto no es posible, recomendamos permanecer en el lugar hasta que todos los que puedan vacunarse est\u00e9n completamente vacunados y, si es posible, que se re\u00fanan al aire libre&#8221;, dijo.<\/p>\n\n\n\n<p>&#8220;Mantenga las reuniones peque\u00f1as, y si hay personas de alto riesgo o no vacunadas, incluidos los adultos mayores y las personas con sistemas inmunol\u00f3gicos debilitados, use mascarillas en el interior cuando no coma o beba, y al aire libre si hay mucha gente&#8221;, continu\u00f3 Ferrer.<\/p>\n\n\n\n<p>Tambi\u00e9n aconsej\u00f3 a las personas que se mantengan alejadas de las personas que no pertenecen al hogar mientras comen, especialmente si lo hacen en interiores.<\/p>\n\n\n\n<p>\u201cNinguno de nosotros quiere terminar enfermo, hospitalizado o tener que estar en cuarentena o aislado durante las vacaciones de diciembre debido a las exposiciones que tuvimos durante el D\u00eda de Acci\u00f3n de Gracias\u201d, dijo Ferrer.<\/p>\n\n\n\n<p>El condado de Los \u00c1ngeles vio 1.829 nuevas infecciones y 12 muertes el jueves, elevando el total del condado a 1.498.393 casos del virus y 26.695 muertes, dijo Ferrer.<\/p>\n\n\n\n<p>En todo el condado, 662 pacientes fueron hospitalizados con COVID-19, agreg\u00f3. La tasa de positividad de la prueba diaria del jueves se midi\u00f3 en 1,6%.<\/p>\n\n\n\n<p>El Departamento de Salud P\u00fablica de Pasadena document\u00f3 10 nuevas infecciones y ninguna muerte el jueves. La ciudad ha visto un total de 12,596 casos de COVID-19 y 363 muertes.<\/p>\n\n\n\n<p>El n\u00famero medio de infecciones diarias durante la semana anterior se situ\u00f3 en 12,1, seg\u00fan los registros de la ciudad.<\/p>\n\n\n\n<p>Los funcionarios del Distrito Escolar Unificado de Pasadena informaron 26 infecciones entre estudiantes y cinco entre maestros durante la semana anterior.<\/p>\n\n\n\n<p>Los funcionarios del Departamento de Salud P\u00fablica de California informaron el jueves 5.608 nuevos casos de COVID-19 y 113 muertes, lo que eleva el total de la pandemia en todo el estado a 4.680.273 infecciones y 71.759 muertes.<\/p>\n\n\n\n<p>La tasa de positividad semanal del estado aument\u00f3 ligeramente a 2.4%, seg\u00fan datos del CDPH.<\/p>\n\n\n\n<p>Hasta el jueves, el condado de Los \u00c1ngeles representaba el 32% de las infecciones por COVID-19 de California y el 37% de las muertes del estado.<\/p>\n","protected":false},"excerpt":{"rendered":"<p>Con el D\u00eda de Acci\u00f3n de Gracias a tres semanas de distancia, los funcionarios de salud p\u00fablica instan a las familias a celebrar de manera segura. Los funcionarios est\u00e1n particularmente preocupados de que las reuniones navide\u00f1as, junto con un clima m\u00e1s fresco, puedan ayudar a provocar otra oleada viral, dijo la directora de salud p\u00fablica del condado de Los \u00c1ngeles, Barbara Ferrer. \u201cOtra estrategia importante para prevenir un aumento significativo este invierno es planificar reuniones festivas seguras\u201d, dijo Ferrer. Idealmente, [&hellip;]<\/p>\n","protected":false},"author":4,"featured_media":0,"comment_status":"open","ping_status":"closed","sticky":false,"template":"","format":"standard","meta":[],"categories":[4],"tags":[],"acf":[],"_links":{"self":[{"href":"http:\/\/www.pasadenahoy.com\/primero\/wp-json\/wp\/v2\/posts\/12228"}],"collection":[{"href":"http:\/\/www.pasadenahoy.com\/primero\/wp-json\/wp\/v2\/posts"}],"about":[{"href":"http:\/\/www.pasadenahoy.com\/primero\/wp-json\/wp\/v2\/types\/post"}],"author":[{"embeddable":true,"href":"http:\/\/www.pasadenahoy.com\/primero\/wp-json\/wp\/v2\/users\/4"}],"replies":[{"embeddable":true,"href":"http:\/\/www.pasadenahoy.com\/primero\/wp-json\/wp\/v2\/comments?post=12228"}],"version-history":[{"count":2,"href":"http:\/\/www.pasadenahoy.com\/primero\/wp-json\/wp\/v2\/posts\/12228\/revisions"}],"predecessor-version":[{"id":12231,"href":"http:\/\/www.pasadenahoy.com\/primero\/wp-json\/wp\/v2\/posts\/12228\/revisions\/12231"}],"wp:attachment":[{"href":"http:\/\/www.pasadenahoy.com\/primero\/wp-json\/wp\/v2\/media?parent=12228"}],"wp:term":[{"taxonomy":"category","embeddable":true,"href":"http:\/\/www.pasadenahoy.com\/primero\/wp-json\/wp\/v2\/categories?post=12228"},{"taxonomy":"post_tag","embeddable":true,"href":"http:\/\/www.pasadenahoy.com\/primero\/wp-json\/wp\/v2\/tags?post=12228"}],"curies":[{"name":"wp","href":"https:\/\/api.w.org\/{rel}","templated":true}]}}