{"id":12232,"date":"2021-11-05T15:34:08","date_gmt":"2021-11-05T15:34:08","guid":{"rendered":"http:\/\/www.pasadenahoy.com\/primero\/?p=12232"},"modified":"2021-11-05T15:45:04","modified_gmt":"2021-11-05T15:45:04","slug":"miles-de-enfermeras-y-profesionales-de-la-salud-se-preparan-para-atacar-a-kaiser-permanente-a-partir-del-15-de-noviembre","status":"publish","type":"post","link":"http:\/\/www.pasadenahoy.com\/primero\/la-comunidad\/miles-de-enfermeras-y-profesionales-de-la-salud-se-preparan-para-atacar-a-kaiser-permanente-a-partir-del-15-de-noviembre\/","title":{"rendered":"Miles de enfermeras y profesionales de la salud se preparan para atacar a Kaiser Permanente a partir del 15 de noviembre"},"content":{"rendered":"\n<figure class=\"wp-block-image alignnone size-large\"><figure class=\"alignnone\"><img loading=\"lazy\" width=\"700\" height=\"378\" src=\"http:\/\/www.pasadenahoy.com\/primero\/wp-content\/uploads\/2021\/11\/pic-6-1.jpeg\" alt=\"\" class=\"wp-image-12233\" srcset=\"http:\/\/www.pasadenahoy.com\/primero\/wp-content\/uploads\/2021\/11\/pic-6-1.jpeg 700w, http:\/\/www.pasadenahoy.com\/primero\/wp-content\/uploads\/2021\/11\/pic-6-1-300x162.jpeg 300w, http:\/\/www.pasadenahoy.com\/primero\/wp-content\/uploads\/2021\/11\/pic-6-1-241x130.jpeg 241w, http:\/\/www.pasadenahoy.com\/primero\/wp-content\/uploads\/2021\/11\/pic-6-1-333x180.jpeg 333w, http:\/\/www.pasadenahoy.com\/primero\/wp-content\/uploads\/2021\/11\/pic-6-1-360x194.jpeg 360w\" sizes=\"100vw\" \/><\/figure><\/figure>\n\n\n\n<p>Las enfermeras registradas, los trabajadores de la salud y sus partidarios se manifestaron y marcharon en Pasadena cerca de la sede de Kaiser Permanente en el sur de California el 30 de octubre. [Fotograf\u00eda cortes\u00eda de UNAC \/ UHCP]<br>El jueves, United Nurses Associations of California \/ Union of Health Care Professionals inform\u00f3 que sus miembros entregaron un aviso de diez d\u00edas de huelga contra Kaiser Permanente, que cubr\u00eda a 21,000 enfermeras registradas, farmac\u00e9uticos, parteras, fisioterapeutas y terapeutas ocupacionales, enfermeras practicantes, asistentes m\u00e9dicos y otros. en todo el sur de California.<\/p>\n\n\n\n<p>La sede regional de Kaiser Permanente en el sur de California se encuentra en Pasadena.<\/p>\n\n\n\n<p>El sindicato dijo que la \u00faltima vez que UNAC \/ UHCP atac\u00f3 a Kaiser fue en 1980, antes de que nacieran muchos de sus miembros actuales. En 1995, los miembros votaron para autorizar una huelga, pero llegaron a un acuerdo antes de la huelga.<\/p>\n\n\n\n<p>Los 7,400 miembros de United Steelworkers (USW) Local 7600 en el sur de California y los 3,400 miembros de la Federaci\u00f3n de Enfermeras y Profesionales de la Salud de Oregon (OFNHP) est\u00e1n comprometidos a atacar a Kaiser Permanente a partir del mismo d\u00eda, seg\u00fan UNAC \/ UHCP.<\/p>\n\n\n\n<p>La huelga probablemente afectar\u00eda a 366 instalaciones en el sur de California, incluidos hospitales y centros m\u00e9dicos, as\u00ed como cientos de cl\u00ednicas, cl\u00ednicas de atenci\u00f3n r\u00e1pida en las tiendas Target y edificios de consultorios m\u00e9dicos desde Bakersfield hasta San Diego y Los \u00c1ngeles hasta el Inland Empire. dijo el sindicato.<\/p>\n\n\n\n<p>Las enfermeras registradas y los profesionales de la salud estar\u00edan en huelga por las propuestas salariales de Kaiser Permanente.<\/p>\n\n\n\n<p>El sindicato caracteriza las propuestas de Kaiser Permanente como la reducci\u00f3n de los salarios de los empleados actuales y la reducci\u00f3n de los salarios de los trabajadores entrantes en un momento en que el pa\u00eds est\u00e1 experimentando una crisis nacional de personal de atenci\u00f3n m\u00e9dica.<\/p>\n\n\n\n<p>\u201cKP, que cuenta con miles de millones de d\u00f3lares en efectivo, no ha abordado las propuestas sindicales que abordar\u00edan problemas urgentes como la escasez de personal, la justicia racial y el acceso equitativo a la salud\u201d, dijo un comunicado del sindicato.<\/p>\n\n\n\n<p>A fines de la semana pasada, la vicepresidenta senior de recursos humanos de Kaiser Permanente, Arlene Peasnall, le dijo a Pasadena Now que Kaiser Permanente y Alliance of Health Care Unions comenzaron la negociaci\u00f3n nacional en abril de 2021.<\/p>\n\n\n\n<p>\u201cAunque nuestro contrato nacional expir\u00f3 a fines de septiembre, hemos continuado reuni\u00e9ndonos con la Alianza y negociando de buena fe\u201d, dijo Peasnall. \u201cHemos progresado en muchas \u00e1reas importantes y hemos extendido una oferta econ\u00f3mica inicial con aumentos salariales y sin consecuencias para el plan de jubilaci\u00f3n actual o nuestros excelentes beneficios l\u00edderes en el mercado. Los aumentos salariales propuestos se suman al salario y los beneficios que ya son l\u00edderes en el mercado y reciben nuestros empleados, seg\u00fan lo confirmado por encuestas salariales independientes y los propios datos del gobierno compilados por los Centros de Servicios de Medicare y Medicaid &#8220;.<\/p>\n\n\n\n<p>\u201cCreemos en nuestra sociedad, creemos en nuestros empleados, creemos en nuestros l\u00edderes laborales. Si bien entendemos las t\u00e1cticas de negociaci\u00f3n que se utilizan, creemos que nos uniremos y encontraremos una soluci\u00f3n mutuamente beneficiosa &#8220;.<\/p>\n","protected":false},"excerpt":{"rendered":"<p>Las enfermeras registradas, los trabajadores de la salud y sus partidarios se manifestaron y marcharon en Pasadena cerca de la sede de Kaiser Permanente en el sur de California el 30 de octubre. [Fotograf\u00eda cortes\u00eda de UNAC \/ UHCP]El jueves, United Nurses Associations of California \/ Union of Health Care Professionals inform\u00f3 que sus miembros entregaron un aviso de diez d\u00edas de huelga contra Kaiser Permanente, que cubr\u00eda a 21,000 enfermeras registradas, farmac\u00e9uticos, parteras, fisioterapeutas y terapeutas ocupacionales, enfermeras practicantes, [&hellip;]<\/p>\n","protected":false},"author":4,"featured_media":0,"comment_status":"open","ping_status":"closed","sticky":false,"template":"","format":"standard","meta":[],"categories":[4],"tags":[],"acf":[],"_links":{"self":[{"href":"http:\/\/www.pasadenahoy.com\/primero\/wp-json\/wp\/v2\/posts\/12232"}],"collection":[{"href":"http:\/\/www.pasadenahoy.com\/primero\/wp-json\/wp\/v2\/posts"}],"about":[{"href":"http:\/\/www.pasadenahoy.com\/primero\/wp-json\/wp\/v2\/types\/post"}],"author":[{"embeddable":true,"href":"http:\/\/www.pasadenahoy.com\/primero\/wp-json\/wp\/v2\/users\/4"}],"replies":[{"embeddable":true,"href":"http:\/\/www.pasadenahoy.com\/primero\/wp-json\/wp\/v2\/comments?post=12232"}],"version-history":[{"count":3,"href":"http:\/\/www.pasadenahoy.com\/primero\/wp-json\/wp\/v2\/posts\/12232\/revisions"}],"predecessor-version":[{"id":12240,"href":"http:\/\/www.pasadenahoy.com\/primero\/wp-json\/wp\/v2\/posts\/12232\/revisions\/12240"}],"wp:attachment":[{"href":"http:\/\/www.pasadenahoy.com\/primero\/wp-json\/wp\/v2\/media?parent=12232"}],"wp:term":[{"taxonomy":"category","embeddable":true,"href":"http:\/\/www.pasadenahoy.com\/primero\/wp-json\/wp\/v2\/categories?post=12232"},{"taxonomy":"post_tag","embeddable":true,"href":"http:\/\/www.pasadenahoy.com\/primero\/wp-json\/wp\/v2\/tags?post=12232"}],"curies":[{"name":"wp","href":"https:\/\/api.w.org\/{rel}","templated":true}]}}