{"id":12241,"date":"2021-11-08T15:08:50","date_gmt":"2021-11-08T15:08:50","guid":{"rendered":"http:\/\/www.pasadenahoy.com\/primero\/?p=12241"},"modified":"2021-11-08T15:08:53","modified_gmt":"2021-11-08T15:08:53","slug":"cynthia-kurtz-comienza-a-trabajar-en-el-ayuntamiento-esta-semana","status":"publish","type":"post","link":"http:\/\/www.pasadenahoy.com\/primero\/el-gobierno-local\/cynthia-kurtz-comienza-a-trabajar-en-el-ayuntamiento-esta-semana\/","title":{"rendered":"Cynthia Kurtz comienza a trabajar en el ayuntamiento esta semana"},"content":{"rendered":"\n<figure class=\"wp-block-image alignnone size-large\"><figure class=\"alignnone\"><img loading=\"lazy\" width=\"700\" height=\"378\" src=\"http:\/\/www.pasadenahoy.com\/primero\/wp-content\/uploads\/2021\/11\/pic-1-3.jpg\" alt=\"\" class=\"wp-image-12242\" srcset=\"http:\/\/www.pasadenahoy.com\/primero\/wp-content\/uploads\/2021\/11\/pic-1-3.jpg 700w, http:\/\/www.pasadenahoy.com\/primero\/wp-content\/uploads\/2021\/11\/pic-1-3-300x162.jpg 300w, http:\/\/www.pasadenahoy.com\/primero\/wp-content\/uploads\/2021\/11\/pic-1-3-241x130.jpg 241w, http:\/\/www.pasadenahoy.com\/primero\/wp-content\/uploads\/2021\/11\/pic-1-3-333x180.jpg 333w, http:\/\/www.pasadenahoy.com\/primero\/wp-content\/uploads\/2021\/11\/pic-1-3-360x194.jpg 360w\" sizes=\"100vw\" \/><figcaption><span class=\"caption-text\">Cynthia Kurtz<\/span><\/figcaption><\/figure><\/figure>\n\n\n\n<p>Cynthia Kurtz, quien pronto ser\u00e1 la administradora interina de la ciudad, regresar\u00e1 a trabajar en el Ayuntamiento de Pasadena esta semana.<\/p>\n\n\n\n<p>El jueves, Kurtz comenzar\u00e1 la parte de &#8220;capacidad de ayuda adicional&#8221; de su contrato.<\/p>\n\n\n\n<p>Est\u00e1 previsto que Kurtz trabaje con el administrador municipal saliente, Steve Mermell, para garantizar una transici\u00f3n sin problemas. Durante ese tiempo, ganar\u00e1 $ 120 la hora.<\/p>\n\n\n\n<p>Mermell garantiz\u00f3 al Concejo Municipal que trabajar\u00eda para asegurar una transici\u00f3n sin problemas cuando anunci\u00f3 su retiro.<\/p>\n\n\n\n<p>Kurtz ascender\u00e1 al puesto de administrador municipal interino despu\u00e9s de que Mermell se retire el 2 de diciembre.<\/p>\n\n\n\n<p>Debido a que Kurtz est\u00e1 recibiendo los beneficios de CalPERS, no puede exceder las 960 horas de trabajo de la ciudad. Si lo hace, podr\u00eda perder sus beneficios de jubilaci\u00f3n.<\/p>\n\n\n\n<p>Kurtz se desempe\u00f1\u00f3 como administradora de la ciudad de 1997 a 2008. Se le pagar\u00e1 $ 145.16 la hora por 960 horas. Ella no recibir\u00e1 beneficios adicionales.<\/p>\n\n\n\n<p>Sin embargo, las horas trabajadas durante la emergencia local provocada por la pandemia no contar\u00e1n contra el l\u00edmite de 960 horas, seg\u00fan una orden ejecutiva del gobernador Gavin Newsom.<\/p>\n\n\n\n<p>Poco despu\u00e9s de que Mermell anunciara sus planes de jubilaci\u00f3n, comenzaron a circular rumores de que Kurtz era un candidato para el puesto interino.<\/p>\n\n\n\n<p>Pasadena tiene un tipo de gobierno de concejo-administrador de la ciudad, que exige que el Concejo Municipal electo sirva como el cuerpo legislativo principal de la ciudad y designe a un administrador de la ciudad para supervisar las operaciones municipales diarias, redactar un presupuesto, implementar y hacer cumplir la pol\u00edticas e iniciativas legislativas del ayuntamiento, y supervisa 14 de los 16 departamentos de la ciudad.<\/p>\n\n\n\n<p>El administrador de la ciudad es uno de los tres puestos que el Ayuntamiento es responsable de cubrir. El consejo tambi\u00e9n contrata al secretario de la ciudad y al abogado de la ciudad.<\/p>\n\n\n\n<p>Desde que complet\u00f3 su mandato en Pasadena, Kurtz ha trabajado como administradora municipal interina tanto en Covina como en Santa Ana, as\u00ed como tambi\u00e9n como directora de operaciones de River LA. Tambi\u00e9n se desempe\u00f1\u00f3 como presidenta de la Asociaci\u00f3n Econ\u00f3mica del Valle de San Gabriel. Actualmente es vicepresidenta del Distrito Metropolitano de Agua.<\/p>\n\n\n\n<p>Kurtz recibi\u00f3 su licenciatura en Desarrollo Comunitario y Vivienda de la Universidad de Penn State. Tambi\u00e9n tiene una maestr\u00eda en transporte y desarrollo urbano de la Universidad de Iowa.<\/p>\n\n\n\n<p>El alcalde V\u00edctor Gordo y el Concejo Municipal comenzar\u00e1n una b\u00fasqueda nacional de un administrador municipal permanente en las pr\u00f3ximas semanas, con la ayuda de Kurtz y el personal de la ciudad.<\/p>\n","protected":false},"excerpt":{"rendered":"<p>Cynthia Kurtz, quien pronto ser\u00e1 la administradora interina de la ciudad, regresar\u00e1 a trabajar en el Ayuntamiento de Pasadena esta semana. El jueves, Kurtz comenzar\u00e1 la parte de &#8220;capacidad de ayuda adicional&#8221; de su contrato. Est\u00e1 previsto que Kurtz trabaje con el administrador municipal saliente, Steve Mermell, para garantizar una transici\u00f3n sin problemas. Durante ese tiempo, ganar\u00e1 $ 120 la hora. Mermell garantiz\u00f3 al Concejo Municipal que trabajar\u00eda para asegurar una transici\u00f3n sin problemas cuando anunci\u00f3 su retiro. Kurtz ascender\u00e1 [&hellip;]<\/p>\n","protected":false},"author":4,"featured_media":12242,"comment_status":"open","ping_status":"closed","sticky":false,"template":"","format":"standard","meta":[],"categories":[6],"tags":[],"acf":[],"_links":{"self":[{"href":"http:\/\/www.pasadenahoy.com\/primero\/wp-json\/wp\/v2\/posts\/12241"}],"collection":[{"href":"http:\/\/www.pasadenahoy.com\/primero\/wp-json\/wp\/v2\/posts"}],"about":[{"href":"http:\/\/www.pasadenahoy.com\/primero\/wp-json\/wp\/v2\/types\/post"}],"author":[{"embeddable":true,"href":"http:\/\/www.pasadenahoy.com\/primero\/wp-json\/wp\/v2\/users\/4"}],"replies":[{"embeddable":true,"href":"http:\/\/www.pasadenahoy.com\/primero\/wp-json\/wp\/v2\/comments?post=12241"}],"version-history":[{"count":2,"href":"http:\/\/www.pasadenahoy.com\/primero\/wp-json\/wp\/v2\/posts\/12241\/revisions"}],"predecessor-version":[{"id":12244,"href":"http:\/\/www.pasadenahoy.com\/primero\/wp-json\/wp\/v2\/posts\/12241\/revisions\/12244"}],"wp:featuredmedia":[{"embeddable":true,"href":"http:\/\/www.pasadenahoy.com\/primero\/wp-json\/wp\/v2\/media\/12242"}],"wp:attachment":[{"href":"http:\/\/www.pasadenahoy.com\/primero\/wp-json\/wp\/v2\/media?parent=12241"}],"wp:term":[{"taxonomy":"category","embeddable":true,"href":"http:\/\/www.pasadenahoy.com\/primero\/wp-json\/wp\/v2\/categories?post=12241"},{"taxonomy":"post_tag","embeddable":true,"href":"http:\/\/www.pasadenahoy.com\/primero\/wp-json\/wp\/v2\/tags?post=12241"}],"curies":[{"name":"wp","href":"https:\/\/api.w.org\/{rel}","templated":true}]}}