{"id":12249,"date":"2021-11-08T15:24:23","date_gmt":"2021-11-08T15:24:23","guid":{"rendered":"http:\/\/www.pasadenahoy.com\/primero\/?p=12249"},"modified":"2021-11-08T15:24:25","modified_gmt":"2021-11-08T15:24:25","slug":"union-escribe-al-presidente-de-la-federacion-internacional-de-futbol-%e2%80%8b%e2%80%8bdiciendole-que-no-elija-el-rose-bowl-para-la-serie-de-la-copa-mundial-2026","status":"publish","type":"post","link":"http:\/\/www.pasadenahoy.com\/primero\/la-comunidad\/union-escribe-al-presidente-de-la-federacion-internacional-de-futbol-%e2%80%8b%e2%80%8bdiciendole-que-no-elija-el-rose-bowl-para-la-serie-de-la-copa-mundial-2026\/","title":{"rendered":"Union escribe al presidente de la Federaci\u00f3n Internacional de F\u00fatbol, \u200b\u200bdici\u00e9ndole que no elija el Rose Bowl para la Serie de la Copa Mundial 2026"},"content":{"rendered":"\n<figure class=\"wp-block-image alignnone size-large\"><figure class=\"alignnone\"><img loading=\"lazy\" width=\"700\" height=\"378\" src=\"http:\/\/www.pasadenahoy.com\/primero\/wp-content\/uploads\/2021\/11\/pic-3-1.png\" alt=\"\" class=\"wp-image-12250\" srcset=\"http:\/\/www.pasadenahoy.com\/primero\/wp-content\/uploads\/2021\/11\/pic-3-1.png 700w, http:\/\/www.pasadenahoy.com\/primero\/wp-content\/uploads\/2021\/11\/pic-3-1-300x162.png 300w, http:\/\/www.pasadenahoy.com\/primero\/wp-content\/uploads\/2021\/11\/pic-3-1-241x130.png 241w, http:\/\/www.pasadenahoy.com\/primero\/wp-content\/uploads\/2021\/11\/pic-3-1-333x180.png 333w, http:\/\/www.pasadenahoy.com\/primero\/wp-content\/uploads\/2021\/11\/pic-3-1-360x194.png 360w\" sizes=\"100vw\" \/><\/figure><\/figure>\n\n\n\n<p>Los miembros y simpatizantes de UNITE HERE, Local 11 llevaron a cabo un mitin fuera del Rose Bowl el s\u00e1bado para pedirles a la F\u00e9d\u00e9ration Internationale de Football Association (FIFA) y a los funcionarios de Pasadena que \u201celijan con cuidado\u201d a medida que se acercan las visitas al lugar para elegir las sedes de la Copa del Mundo 2026.<\/p>\n\n\n\n<p>&#8220;Como la gente puede o no saber&#8221;, dijo la portavoz del Local 11, Mar\u00eda Hern\u00e1ndez, &#8220;las visitas de la FIFA se acercan actualmente para sedes potenciales, y estamos pidiendo a los l\u00edderes de la FIFA que, sea cual sea el lugar que elijan, que sea un lugar que trate a sus trabajadores con dignidad y respeto, y con protecciones justas y b\u00e1sicas. En este momento, el Rose Bowl no es uno de esos lugares &#8220;.<\/p>\n\n\n\n<p>El Local 11 dijo en un comunicado el s\u00e1bado que \u201clos trabajos en centros de eventos se encuentran entre los peor pagados en la industria del turismo, y el Rose Bowl es uno de los \u00fanicos centros de eventos en el \u00e1rea de Los \u00c1ngeles donde los trabajadores no tienen salarios dignos, atenci\u00f3n m\u00e9dica asequible, trabajo seguridad y otros derechos garantizados por un contrato sindical.<\/p>\n\n\n\n<p>Los miembros del Local 11 dijeron que enviaron una carta al presidente de la FIFA, Gianni Infantino, pidiendo que la FIFA cumpla con su compromiso con los derechos humanos, incluidas las normas laborales, y pidiendo que la FIFA no considere el Rose Bowl como una posible sede de la Copa del Mundo hasta que tales protecciones est\u00e9n vigentes.<\/p>\n\n\n\n<p>Los miembros del sindicato dijeron que planean dirigirse al Concejo Municipal en su reuni\u00f3n del lunes para pedirles garant\u00edas de que el Rose Bowl abordar\u00e1 sus preocupaciones antes de ser elegido como sede de la Copa del Mundo 2026.<\/p>\n\n\n\n<p>El director ejecutivo y gerente general, Darryl Dunn, dijo a Pasadena Now que \u201cel Rose Bowl siempre est\u00e1 evaluando c\u00f3mo podemos brindar una experiencia excepcional a los hu\u00e9spedes sin dejar de ser excelentes administradores de nuestro emblem\u00e1tico lugar. Continuaremos trabajando con nuestros terceros, incluido nuestro proveedor de alimentos y bebidas, para examinar nuestros servicios y la mejor manera de brindarlos &#8220;.<\/p>\n\n\n\n<p>Pasadena Now se acerc\u00f3 al alcalde V\u00edctor Gordo para hacer comentarios y est\u00e1 esperando una respuesta. Gordo se desempe\u00f1\u00f3 como presidente de Rose Bowl Operating Company de 2010 a 2019.<\/p>\n","protected":false},"excerpt":{"rendered":"<p>Los miembros y simpatizantes de UNITE HERE, Local 11 llevaron a cabo un mitin fuera del Rose Bowl el s\u00e1bado para pedirles a la F\u00e9d\u00e9ration Internationale de Football Association (FIFA) y a los funcionarios de Pasadena que \u201celijan con cuidado\u201d a medida que se acercan las visitas al lugar para elegir las sedes de la Copa del Mundo 2026. &#8220;Como la gente puede o no saber&#8221;, dijo la portavoz del Local 11, Mar\u00eda Hern\u00e1ndez, &#8220;las visitas de la FIFA se [&hellip;]<\/p>\n","protected":false},"author":4,"featured_media":12250,"comment_status":"open","ping_status":"closed","sticky":false,"template":"","format":"standard","meta":[],"categories":[4],"tags":[],"acf":[],"_links":{"self":[{"href":"http:\/\/www.pasadenahoy.com\/primero\/wp-json\/wp\/v2\/posts\/12249"}],"collection":[{"href":"http:\/\/www.pasadenahoy.com\/primero\/wp-json\/wp\/v2\/posts"}],"about":[{"href":"http:\/\/www.pasadenahoy.com\/primero\/wp-json\/wp\/v2\/types\/post"}],"author":[{"embeddable":true,"href":"http:\/\/www.pasadenahoy.com\/primero\/wp-json\/wp\/v2\/users\/4"}],"replies":[{"embeddable":true,"href":"http:\/\/www.pasadenahoy.com\/primero\/wp-json\/wp\/v2\/comments?post=12249"}],"version-history":[{"count":2,"href":"http:\/\/www.pasadenahoy.com\/primero\/wp-json\/wp\/v2\/posts\/12249\/revisions"}],"predecessor-version":[{"id":12252,"href":"http:\/\/www.pasadenahoy.com\/primero\/wp-json\/wp\/v2\/posts\/12249\/revisions\/12252"}],"wp:featuredmedia":[{"embeddable":true,"href":"http:\/\/www.pasadenahoy.com\/primero\/wp-json\/wp\/v2\/media\/12250"}],"wp:attachment":[{"href":"http:\/\/www.pasadenahoy.com\/primero\/wp-json\/wp\/v2\/media?parent=12249"}],"wp:term":[{"taxonomy":"category","embeddable":true,"href":"http:\/\/www.pasadenahoy.com\/primero\/wp-json\/wp\/v2\/categories?post=12249"},{"taxonomy":"post_tag","embeddable":true,"href":"http:\/\/www.pasadenahoy.com\/primero\/wp-json\/wp\/v2\/tags?post=12249"}],"curies":[{"name":"wp","href":"https:\/\/api.w.org\/{rel}","templated":true}]}}