{"id":12257,"date":"2021-11-08T15:33:05","date_gmt":"2021-11-08T15:33:05","guid":{"rendered":"http:\/\/www.pasadenahoy.com\/primero\/?p=12257"},"modified":"2021-11-08T15:33:07","modified_gmt":"2021-11-08T15:33:07","slug":"funcionarios-de-vivienda-de-la-ciudad-buscan-la-aprobacion-del-consejo-del-plan-para-ayudar-a-financiar-el-programa-de-incentivos-para-personas-sin-hogar","status":"publish","type":"post","link":"http:\/\/www.pasadenahoy.com\/primero\/el-gobierno-local\/funcionarios-de-vivienda-de-la-ciudad-buscan-la-aprobacion-del-consejo-del-plan-para-ayudar-a-financiar-el-programa-de-incentivos-para-personas-sin-hogar\/","title":{"rendered":"Funcionarios de vivienda de la ciudad buscan la aprobaci\u00f3n del consejo del plan para ayudar a financiar el programa de incentivos para personas sin hogar"},"content":{"rendered":"\n<figure class=\"wp-block-image alignnone size-large\"><figure class=\"alignnone\"><img loading=\"lazy\" width=\"700\" height=\"378\" src=\"http:\/\/www.pasadenahoy.com\/primero\/wp-content\/uploads\/2021\/11\/pic-5-3.jpg\" alt=\"\" class=\"wp-image-12258\" srcset=\"http:\/\/www.pasadenahoy.com\/primero\/wp-content\/uploads\/2021\/11\/pic-5-3.jpg 700w, http:\/\/www.pasadenahoy.com\/primero\/wp-content\/uploads\/2021\/11\/pic-5-3-300x162.jpg 300w, http:\/\/www.pasadenahoy.com\/primero\/wp-content\/uploads\/2021\/11\/pic-5-3-241x130.jpg 241w, http:\/\/www.pasadenahoy.com\/primero\/wp-content\/uploads\/2021\/11\/pic-5-3-333x180.jpg 333w, http:\/\/www.pasadenahoy.com\/primero\/wp-content\/uploads\/2021\/11\/pic-5-3-360x194.jpg 360w\" sizes=\"100vw\" \/><\/figure><\/figure>\n\n\n\n<p>El Departamento de Vivienda de Pasadena est\u00e1 buscando autorizaci\u00f3n del Concejo Municipal para enmendar el acuerdo interinstitucional entre la ciudad y la Autoridad de Desarrollo Comunitario de Los \u00c1ngeles (LACDA) con el fin de allanar el camino para una financiaci\u00f3n adicional de $ 103,667 para el Programa de Incentivos para Personas sin Hogar (HIP).<\/p>\n\n\n\n<p>La solicitud del Departamento de Vivienda se discutir\u00e1 el lunes en la reuni\u00f3n del Comit\u00e9 de Finanzas, que comienza a las 3 p.m., antes de pasar al Ayuntamiento en pleno a las 4:30 p.m.<\/p>\n\n\n\n<p>Un programa hecho posible por la Medida H que se aprob\u00f3 en marzo de 2017, el HIP ayuda a las familias de bajos ingresos que salen de la falta de vivienda a trav\u00e9s de pagos de incentivos y asistencia para mudarse. La asistencia espec\u00edfica incluye a los propietarios que tienen cuotas o pagos de incentivos, verificaciones de cr\u00e9dito y cuotas de solicitud, y dep\u00f3sitos de seguridad y servicios p\u00fablicos.<\/p>\n\n\n\n<p>En Pasadena, el HIP ha ayudado a 49 hogares desde que se asign\u00f3 el financiamiento inicial bajo el HIP en 2018. Incluyendo la asignaci\u00f3n inicial, la Ciudad ha recibido un total de $ 321,750 en fondos HIP luego de la aprobaci\u00f3n de dos enmiendas posteriores.<\/p>\n\n\n\n<p>Los incentivos de vivienda permiten a las personas que salen de la situaci\u00f3n de calle competir de manera m\u00e1s eficaz en el mercado actual de alquiler, que est\u00e1 experimentando tasas de desocupaci\u00f3n muy bajas en este momento; los alquileres promedio son generalmente m\u00e1s altos ahora que los vales de vivienda pueden pagar.<\/p>\n\n\n\n<p>La Enmienda No. 3 es necesaria para que LACDA libere los $ 103,667 adicionales que ser\u00e1n v\u00e1lidos por 12 meses, mostr\u00f3 un informe del Departamento de Vivienda.<\/p>\n\n\n\n<p>Una vez aprobada, la recomendaci\u00f3n tambi\u00e9n autorizar\u00eda al administrador de la ciudad a realizar gestiones ante LACDA para presentar la enmienda del contrato, as\u00ed como otras enmiendas necesarias al acuerdo de HIP para cubrir los a\u00f1os fiscales 2023, 2024 y 2025.<\/p>\n\n\n\n<p>El Departamento de Vivienda tambi\u00e9n le est\u00e1 pidiendo al Concejo Municipal que enmiende el presupuesto operativo del a\u00f1o fiscal 2022 para reconocer y apropiar $ 103,667 en Fondos de la Medida H en los Otros Fondos de Vivienda.<\/p>\n\n\n\n<p>Las reuniones del Comit\u00e9 de Finanzas contin\u00faan realiz\u00e1ndose por videoconferencia. Los miembros de la comunidad pueden escuchar la discusi\u00f3n a trav\u00e9s de <a href=\"http:\/\/www.pasadenamedia.org\/\">www.pasadenamedia.org<\/a>.<\/p>\n","protected":false},"excerpt":{"rendered":"<p>El Departamento de Vivienda de Pasadena est\u00e1 buscando autorizaci\u00f3n del Concejo Municipal para enmendar el acuerdo interinstitucional entre la ciudad y la Autoridad de Desarrollo Comunitario de Los \u00c1ngeles (LACDA) con el fin de allanar el camino para una financiaci\u00f3n adicional de $ 103,667 para el Programa de Incentivos para Personas sin Hogar (HIP). La solicitud del Departamento de Vivienda se discutir\u00e1 el lunes en la reuni\u00f3n del Comit\u00e9 de Finanzas, que comienza a las 3 p.m., antes de pasar [&hellip;]<\/p>\n","protected":false},"author":4,"featured_media":0,"comment_status":"open","ping_status":"closed","sticky":false,"template":"","format":"standard","meta":[],"categories":[6],"tags":[],"acf":[],"_links":{"self":[{"href":"http:\/\/www.pasadenahoy.com\/primero\/wp-json\/wp\/v2\/posts\/12257"}],"collection":[{"href":"http:\/\/www.pasadenahoy.com\/primero\/wp-json\/wp\/v2\/posts"}],"about":[{"href":"http:\/\/www.pasadenahoy.com\/primero\/wp-json\/wp\/v2\/types\/post"}],"author":[{"embeddable":true,"href":"http:\/\/www.pasadenahoy.com\/primero\/wp-json\/wp\/v2\/users\/4"}],"replies":[{"embeddable":true,"href":"http:\/\/www.pasadenahoy.com\/primero\/wp-json\/wp\/v2\/comments?post=12257"}],"version-history":[{"count":2,"href":"http:\/\/www.pasadenahoy.com\/primero\/wp-json\/wp\/v2\/posts\/12257\/revisions"}],"predecessor-version":[{"id":12260,"href":"http:\/\/www.pasadenahoy.com\/primero\/wp-json\/wp\/v2\/posts\/12257\/revisions\/12260"}],"wp:attachment":[{"href":"http:\/\/www.pasadenahoy.com\/primero\/wp-json\/wp\/v2\/media?parent=12257"}],"wp:term":[{"taxonomy":"category","embeddable":true,"href":"http:\/\/www.pasadenahoy.com\/primero\/wp-json\/wp\/v2\/categories?post=12257"},{"taxonomy":"post_tag","embeddable":true,"href":"http:\/\/www.pasadenahoy.com\/primero\/wp-json\/wp\/v2\/tags?post=12257"}],"curies":[{"name":"wp","href":"https:\/\/api.w.org\/{rel}","templated":true}]}}