{"id":12261,"date":"2021-11-08T15:39:05","date_gmt":"2021-11-08T15:39:05","guid":{"rendered":"http:\/\/www.pasadenahoy.com\/primero\/?p=12261"},"modified":"2021-11-08T15:39:07","modified_gmt":"2021-11-08T15:39:07","slug":"el-departamento-de-planificacion-de-la-ciudad-quiere-que-los-nuevos-edificios-en-pasadena-sean-totalmente-electricos-no-se-permite-gas-natural","status":"publish","type":"post","link":"http:\/\/www.pasadenahoy.com\/primero\/la-comunidad\/el-departamento-de-planificacion-de-la-ciudad-quiere-que-los-nuevos-edificios-en-pasadena-sean-totalmente-electricos-no-se-permite-gas-natural\/","title":{"rendered":"El Departamento de Planificaci\u00f3n de la Ciudad quiere que los nuevos edificios en Pasadena sean totalmente el\u00e9ctricos, no se permite gas natural"},"content":{"rendered":"\n<div class=\"wp-block-image alignright\"><figure class=\"alignright size-large is-resized\"><img loading=\"lazy\" src=\"http:\/\/www.pasadenahoy.com\/primero\/wp-content\/uploads\/2021\/11\/pic-6-3.jpg\" alt=\"\" class=\"wp-image-12262\" width=\"419\" height=\"226\" srcset=\"http:\/\/www.pasadenahoy.com\/primero\/wp-content\/uploads\/2021\/11\/pic-6-3.jpg 700w, http:\/\/www.pasadenahoy.com\/primero\/wp-content\/uploads\/2021\/11\/pic-6-3-300x162.jpg 300w, http:\/\/www.pasadenahoy.com\/primero\/wp-content\/uploads\/2021\/11\/pic-6-3-241x130.jpg 241w, http:\/\/www.pasadenahoy.com\/primero\/wp-content\/uploads\/2021\/11\/pic-6-3-333x180.jpg 333w, http:\/\/www.pasadenahoy.com\/primero\/wp-content\/uploads\/2021\/11\/pic-6-3-360x194.jpg 360w\" sizes=\"100vw\" \/><\/figure><\/div>\n\n\n\n<p>El Comit\u00e9 de Servicios Municipales del Ayuntamiento escuchar\u00e1 una propuesta del Departamento de Planificaci\u00f3n y Desarrollo de Pasadena para poner fin al uso de gas natural en todos los edificios nuevos.<\/p>\n\n\n\n<p>La ordenanza de electrificaci\u00f3n, que tiene como objetivo combatir el cambio clim\u00e1tico al prohibir las l\u00edneas de gas en los nuevos edificios y exigir que los aparatos de gas sean reemplazados por alternativas el\u00e9ctricas, se presenta ante el comit\u00e9 del consejo el martes.<\/p>\n\n\n\n<p>Seg\u00fan el informe del Departamento de Planificaci\u00f3n y Desarrollo Comunitario, el uso de gas natural y propano se han convertido en las mayores fuentes de emisiones de gases de efecto invernadero (GEI) asociadas con los edificios.<\/p>\n\n\n\n<p>El departamento dijo que al requerir que todos los edificios nuevos se construyan sin gas, \u201cla ciudad enviar\u00e1 una fuerte se\u00f1al de mercado a los minoristas, trabajadores de la construcci\u00f3n, contratistas, t\u00e9cnicos de reparaci\u00f3n y m\u00e1s de que necesitan prepararse para una transici\u00f3n r\u00e1pida a los electrodom\u00e9sticos totalmente el\u00e9ctricos. e infraestructura &#8220;.<\/p>\n\n\n\n<p>Sin alejarse del uso de gas natural, Pasadena no podr\u00e1 cumplir con su objetivo de reducir las emisiones de GEI, dijo el departamento. Tambi\u00e9n se\u00f1al\u00f3 que sustituir el gas natural por energ\u00eda el\u00e9ctrica es una de las formas m\u00e1s r\u00e1pidas, seguras y menos costosas de alcanzar el objetivo de la ciudad.<\/p>\n\n\n\n<p>Seg\u00fan el informe del departamento, a partir de 2009, aproximadamente el 47% de las emisiones de GEI de la ciudad provienen del uso de energ\u00eda residencial y comercial.<\/p>\n\n\n\n<p>Si bien la ordenanza podr\u00eda aplicarse a la mayor\u00eda de los edificios de nueva construcci\u00f3n, el departamento dijo que la ciudad podr\u00eda considerar permitir exenciones a proyectos como desarrollos de viviendas unifamiliares, desarrollos de viviendas multifamiliares asequibles y adiciones a edificios existentes.<\/p>\n\n\n\n<p>El departamento agreg\u00f3 que la mayor preocupaci\u00f3n con la electrificaci\u00f3n de edificios comerciales se refiere a los restaurantes que usan aparatos de cocina que funcionan con gas. Se\u00f1al\u00f3 que algunas ciudades decidieron eximir a los restaurantes, mientras que otras aplicaron la ordenanza a todos los edificios comerciales, sin excepciones.<\/p>\n\n\n\n<p>El departamento recomienda que el Ayuntamiento considere permitir per\u00edodos de implementaci\u00f3n m\u00e1s largos para los restaurantes. Tambi\u00e9n le est\u00e1 pidiendo a la ciudad que se asegure de que la ordenanza proporcione una &#8220;exenci\u00f3n por dificultades&#8221;.<\/p>\n\n\n\n<p>Los ingresos el\u00e9ctricos adicionales que se generar\u00e1n a partir de la ordenanza de electrificaci\u00f3n ayudar\u00edan a financiar los costos fijos de Agua y Energ\u00eda de Pasadena, lo que reducir\u00eda las tarifas el\u00e9ctricas para todos los clientes, seg\u00fan el informe.<\/p>\n\n\n\n<p>Al menos 51 municipios en todo California han adoptado ordenanzas para comenzar a descarbonizar edificios a trav\u00e9s de diferentes enfoques a partir de octubre.<\/p>\n\n\n\n<p>Incluidas en el n\u00famero est\u00e1n las numerosas ciudades que han adoptado una ordenanza de electrificaci\u00f3n para abordar la crisis clim\u00e1tica.<\/p>\n","protected":false},"excerpt":{"rendered":"<p>El Comit\u00e9 de Servicios Municipales del Ayuntamiento escuchar\u00e1 una propuesta del Departamento de Planificaci\u00f3n y Desarrollo de Pasadena para poner fin al uso de gas natural en todos los edificios nuevos. La ordenanza de electrificaci\u00f3n, que tiene como objetivo combatir el cambio clim\u00e1tico al prohibir las l\u00edneas de gas en los nuevos edificios y exigir que los aparatos de gas sean reemplazados por alternativas el\u00e9ctricas, se presenta ante el comit\u00e9 del consejo el martes. Seg\u00fan el informe del Departamento de [&hellip;]<\/p>\n","protected":false},"author":4,"featured_media":0,"comment_status":"open","ping_status":"closed","sticky":false,"template":"","format":"standard","meta":[],"categories":[4],"tags":[],"acf":[],"_links":{"self":[{"href":"http:\/\/www.pasadenahoy.com\/primero\/wp-json\/wp\/v2\/posts\/12261"}],"collection":[{"href":"http:\/\/www.pasadenahoy.com\/primero\/wp-json\/wp\/v2\/posts"}],"about":[{"href":"http:\/\/www.pasadenahoy.com\/primero\/wp-json\/wp\/v2\/types\/post"}],"author":[{"embeddable":true,"href":"http:\/\/www.pasadenahoy.com\/primero\/wp-json\/wp\/v2\/users\/4"}],"replies":[{"embeddable":true,"href":"http:\/\/www.pasadenahoy.com\/primero\/wp-json\/wp\/v2\/comments?post=12261"}],"version-history":[{"count":2,"href":"http:\/\/www.pasadenahoy.com\/primero\/wp-json\/wp\/v2\/posts\/12261\/revisions"}],"predecessor-version":[{"id":12264,"href":"http:\/\/www.pasadenahoy.com\/primero\/wp-json\/wp\/v2\/posts\/12261\/revisions\/12264"}],"wp:attachment":[{"href":"http:\/\/www.pasadenahoy.com\/primero\/wp-json\/wp\/v2\/media?parent=12261"}],"wp:term":[{"taxonomy":"category","embeddable":true,"href":"http:\/\/www.pasadenahoy.com\/primero\/wp-json\/wp\/v2\/categories?post=12261"},{"taxonomy":"post_tag","embeddable":true,"href":"http:\/\/www.pasadenahoy.com\/primero\/wp-json\/wp\/v2\/tags?post=12261"}],"curies":[{"name":"wp","href":"https:\/\/api.w.org\/{rel}","templated":true}]}}