{"id":12285,"date":"2021-11-09T14:52:12","date_gmt":"2021-11-09T14:52:12","guid":{"rendered":"http:\/\/www.pasadenahoy.com\/primero\/?p=12285"},"modified":"2021-11-09T14:52:15","modified_gmt":"2021-11-09T14:52:15","slug":"el-alcalde-gordo-se-niega-a-disculparse-por-los-comentarios-anteriores-por","status":"publish","type":"post","link":"http:\/\/www.pasadenahoy.com\/primero\/la-comunidad\/el-alcalde-gordo-se-niega-a-disculparse-por-los-comentarios-anteriores-por\/","title":{"rendered":"El alcalde Gordo se niega a disculparse por los comentarios anteriores POR"},"content":{"rendered":"\n<figure class=\"wp-block-image alignnone size-large\"><figure class=\"alignnone\"><img loading=\"lazy\" width=\"638\" height=\"355\" src=\"http:\/\/www.pasadenahoy.com\/primero\/wp-content\/uploads\/2021\/11\/pic-1-1.png\" alt=\"\" class=\"wp-image-12286\" srcset=\"http:\/\/www.pasadenahoy.com\/primero\/wp-content\/uploads\/2021\/11\/pic-1-1.png 638w, http:\/\/www.pasadenahoy.com\/primero\/wp-content\/uploads\/2021\/11\/pic-1-1-300x167.png 300w, http:\/\/www.pasadenahoy.com\/primero\/wp-content\/uploads\/2021\/11\/pic-1-1-234x130.png 234w, http:\/\/www.pasadenahoy.com\/primero\/wp-content\/uploads\/2021\/11\/pic-1-1-323x180.png 323w, http:\/\/www.pasadenahoy.com\/primero\/wp-content\/uploads\/2021\/11\/pic-1-1-360x200.png 360w\" sizes=\"100vw\" \/><\/figure><\/figure>\n\n\n\n<p>A pesar de las m\u00faltiples llamadas para disculparse por las declaraciones que hizo la semana pasada, el alcalde V\u00edctor Gordo dijo a los oradores p\u00fablicos el lunes que no tiene planes de disculparse.<\/p>\n\n\n\n<p>&#8220;No, no necesito disculparme&#8221;, dijo Gordo.<\/p>\n\n\n\n<p>Gordo se\u00f1al\u00f3 que estuvo en Robinson Park el fin de semana pasado para apoyar a los Pasadena Giants, un equipo de f\u00fatbol juvenil.<\/p>\n\n\n\n<p>\u201cMe relacion\u00e9 con la gente de Robinson Park el fin de semana pasado porque disparaban contra la gente en el parque\u201d, dijo Gordo.<\/p>\n\n\n\n<p>La semana pasada, Gordo critic\u00f3 a los oradores que dec\u00edan hablar en nombre de la comunidad y afirmaban que el consejo no respond\u00eda a la comunidad.<\/p>\n\n\n\n<p>Varios de los oradores que piden que el consejo act\u00fae en vivo en la cercana Altadena y no pueden votar en las elecciones locales, a pesar de sus llamados al Ayuntamiento de Pasadena para que tome decisiones legislativas que no afecten a sus vecindarios.<\/p>\n\n\n\n<p>\u201cNinguno de los oradores que escuch\u00f3 hoy o que escucha todas las semanas tuvo el coraje de ponerse de pie en el Centro Jackie Robinson y decirle a nuestra comunidad y nuestros electores &#8216;Voy a hablar por ustedes&#8217;, dijo Gordo.<\/p>\n\n\n\n<p>La reuni\u00f3n en el Centro Jackie Robinson se llev\u00f3 a cabo luego de un aumento en los tiroteos locales.<\/p>\n\n\n\n<p>El jueves pasado, Pasadena Now inform\u00f3 que Jamal Dion Patterson muri\u00f3 el 28 de octubre en un hospital luego de ser gravemente herido en un tiroteo poco antes de las 10 p.m. el 25 de octubre en la cuadra 1000 de Summit Avenue, seg\u00fan la portavoz del Departamento de M\u00e9dicos Forenses-Forenses del Condado de Los \u00c1ngeles, Sarah Ardalani.<\/p>\n\n\n\n<p>Durante el comentario p\u00fablico, varios oradores no estaban contentos con la postura de Gordo el lunes.<\/p>\n\n\n\n<p>\u201cYa no puedo confiar en que el ayuntamiento tenga la intenci\u00f3n de hacer algo en alg\u00fan momento\u201d, dijo Kat Ross, quien pidi\u00f3 una declaraci\u00f3n de la ciudad sobre los tiroteos involucrados por oficiales.<\/p>\n\n\n\n<p>Ross cuestion\u00f3 por qu\u00e9 el consejo no ha organizado pol\u00edticas sobre el departamento de polic\u00eda. (Nota del editor: el Ayuntamiento de Pasadena no establece pol\u00edticas en el departamento de polic\u00eda de la ciudad).<\/p>\n\n\n\n<p>Varias personas tanto dentro como fuera de Pasadena han llamado al Concejo durante un comentario p\u00fablico alegando hablar por la \u201ccomunidad\u201d con respecto al oficial involucrado en disparar contra Anthony McClain.<\/p>\n\n\n\n<p>McClain era un pasajero en un autom\u00f3vil que fue detenido por la polic\u00eda el 15 de agosto de 2020 en North Raymond Avenue cerca del parque La Pintoresca por no mostrar una placa frontal.<\/p>\n\n\n\n<p>Despu\u00e9s de que se les pidi\u00f3 al conductor y a McClain que salieran del autom\u00f3vil, McClain huy\u00f3 de los oficiales. La polic\u00eda dice que McClain se quit\u00f3 una pistola de la cintura mientras hu\u00eda, lo que provoc\u00f3 que el oficial Edwin Dumaguindin abriera fuego. McClain continu\u00f3 corriendo una corta distancia antes de arrojar el arma al otro lado de la calle y colapsar, seg\u00fan la polic\u00eda.<\/p>\n\n\n\n<p>Algunos residentes locales dicen que no ven un arma en las im\u00e1genes de video del evento. La polic\u00eda dice que se encontr\u00f3 un arma en el lugar.<\/p>\n\n\n\n<p>Los investigadores dicen que el ADN de McClain se recuper\u00f3 del arma.<\/p>\n\n\n\n<p>&#8220;Siento que est\u00e1s siendo condescendiente&#8221;, dijo Heavenly Hughes a Gordo despu\u00e9s de que Gordo dijera que no ten\u00eda motivos para disculparse.<\/p>\n\n\n\n<p>Otra persona que llam\u00f3 le pregunt\u00f3 a Gordo cu\u00e1nto dinero hab\u00eda tomado de la Asociaci\u00f3n de Oficiales de Polic\u00eda de Pasadena (PPOA). Gordo no acept\u00f3 dinero de la PPOA durante las \u00faltimas elecciones.<\/p>\n\n\n\n<p>Al final de la reuni\u00f3n, Gordo dijo que respetaba el derecho de todos a llamar a la reuni\u00f3n.<br>&#8220;Creo que todo el mundo tiene derecho a opinar&#8221;.<\/p>\n\n\n\n<p>Gordo desafi\u00f3 a la gente a hacer un recorrido con \u00e9l para ver cu\u00e1n diversa es la ciudad.<\/p>\n\n\n\n<p>&#8220;Trabajemos juntos&#8221;, dijo Gordo. &#8220;Muchos de ustedes han venido aqu\u00ed y se han inyectado divisi\u00f3n&#8221;.<\/p>\n\n\n\n<p>Gordo se\u00f1al\u00f3 que muchos residentes locales han usado un lenguaje racista.<\/p>\n\n\n\n<p>&#8220;Me he opuesto a eso y continuar\u00e9 haci\u00e9ndolo&#8221;.<\/p>\n\n\n\n<p>Gordo dijo que continuar\u00eda hablando cuando ocurrieran esos incidentes.<\/p>\n","protected":false},"excerpt":{"rendered":"<p>A pesar de las m\u00faltiples llamadas para disculparse por las declaraciones que hizo la semana pasada, el alcalde V\u00edctor Gordo dijo a los oradores p\u00fablicos el lunes que no tiene planes de disculparse. &#8220;No, no necesito disculparme&#8221;, dijo Gordo. Gordo se\u00f1al\u00f3 que estuvo en Robinson Park el fin de semana pasado para apoyar a los Pasadena Giants, un equipo de f\u00fatbol juvenil. \u201cMe relacion\u00e9 con la gente de Robinson Park el fin de semana pasado porque disparaban contra la gente [&hellip;]<\/p>\n","protected":false},"author":4,"featured_media":12286,"comment_status":"open","ping_status":"closed","sticky":false,"template":"","format":"standard","meta":[],"categories":[4],"tags":[],"acf":[],"_links":{"self":[{"href":"http:\/\/www.pasadenahoy.com\/primero\/wp-json\/wp\/v2\/posts\/12285"}],"collection":[{"href":"http:\/\/www.pasadenahoy.com\/primero\/wp-json\/wp\/v2\/posts"}],"about":[{"href":"http:\/\/www.pasadenahoy.com\/primero\/wp-json\/wp\/v2\/types\/post"}],"author":[{"embeddable":true,"href":"http:\/\/www.pasadenahoy.com\/primero\/wp-json\/wp\/v2\/users\/4"}],"replies":[{"embeddable":true,"href":"http:\/\/www.pasadenahoy.com\/primero\/wp-json\/wp\/v2\/comments?post=12285"}],"version-history":[{"count":2,"href":"http:\/\/www.pasadenahoy.com\/primero\/wp-json\/wp\/v2\/posts\/12285\/revisions"}],"predecessor-version":[{"id":12288,"href":"http:\/\/www.pasadenahoy.com\/primero\/wp-json\/wp\/v2\/posts\/12285\/revisions\/12288"}],"wp:featuredmedia":[{"embeddable":true,"href":"http:\/\/www.pasadenahoy.com\/primero\/wp-json\/wp\/v2\/media\/12286"}],"wp:attachment":[{"href":"http:\/\/www.pasadenahoy.com\/primero\/wp-json\/wp\/v2\/media?parent=12285"}],"wp:term":[{"taxonomy":"category","embeddable":true,"href":"http:\/\/www.pasadenahoy.com\/primero\/wp-json\/wp\/v2\/categories?post=12285"},{"taxonomy":"post_tag","embeddable":true,"href":"http:\/\/www.pasadenahoy.com\/primero\/wp-json\/wp\/v2\/tags?post=12285"}],"curies":[{"name":"wp","href":"https:\/\/api.w.org\/{rel}","templated":true}]}}