{"id":12289,"date":"2021-11-09T14:56:19","date_gmt":"2021-11-09T14:56:19","guid":{"rendered":"http:\/\/www.pasadenahoy.com\/primero\/?p=12289"},"modified":"2021-11-09T14:56:22","modified_gmt":"2021-11-09T14:56:22","slug":"el-proceso-de-redistribucion-de-distritos-no-dara-como-resultado-un-nuevo-distrito-del-concejo-municipal","status":"publish","type":"post","link":"http:\/\/www.pasadenahoy.com\/primero\/el-gobierno-local\/el-proceso-de-redistribucion-de-distritos-no-dara-como-resultado-un-nuevo-distrito-del-concejo-municipal\/","title":{"rendered":"El proceso de redistribuci\u00f3n de distritos no dar\u00e1 como resultado un nuevo distrito del Concejo Municipal"},"content":{"rendered":"\n<figure class=\"wp-block-image alignnone size-large\"><figure class=\"alignnone\"><img loading=\"lazy\" width=\"700\" height=\"378\" src=\"http:\/\/www.pasadenahoy.com\/primero\/wp-content\/uploads\/2021\/11\/pic-2-4.jpg\" alt=\"\" class=\"wp-image-12290\" srcset=\"http:\/\/www.pasadenahoy.com\/primero\/wp-content\/uploads\/2021\/11\/pic-2-4.jpg 700w, http:\/\/www.pasadenahoy.com\/primero\/wp-content\/uploads\/2021\/11\/pic-2-4-300x162.jpg 300w, http:\/\/www.pasadenahoy.com\/primero\/wp-content\/uploads\/2021\/11\/pic-2-4-241x130.jpg 241w, http:\/\/www.pasadenahoy.com\/primero\/wp-content\/uploads\/2021\/11\/pic-2-4-333x180.jpg 333w, http:\/\/www.pasadenahoy.com\/primero\/wp-content\/uploads\/2021\/11\/pic-2-4-360x194.jpg 360w\" sizes=\"100vw\" \/><\/figure><\/figure>\n\n\n\n<p>El Consejo de la Ciudad del 15 de noviembre est\u00e1 programado para discutir el informe final y las recomendaciones del Grupo de Trabajo de Redistribuci\u00f3n de Distritos.<\/p>\n\n\n\n<p>Despu\u00e9s de cada recuento del censo de los EE. UU. De 10 a\u00f1os, la ciudad utiliza esa informaci\u00f3n para examinar a las personas que residen en los l\u00edmites del distrito del Concejo Municipal existente para tener en cuenta los cambios en la poblaci\u00f3n.<\/p>\n\n\n\n<p>No se espera que el informe y las recomendaciones incluyan la creaci\u00f3n de un nuevo distrito del Concejo Municipal, a pesar de las llamadas de algunos residentes del centro de la ciudad para un nuevo distrito en el \u00e1rea.<\/p>\n\n\n\n<p>\u201cEl Distrito Central merece su propio distrito municipal\u201d, dijo Marsha Rood, vicepresidenta de la Asociaci\u00f3n de Vecinos del Centro de Pasadena, en un art\u00edculo de opini\u00f3n que apareci\u00f3 en Pasadena Now a principios de este a\u00f1o.<\/p>\n\n\n\n<p>\u201cSu comunidad residencial est\u00e1 creciendo a pasos agigantados, pero la Ciudad no est\u00e1 abordando suficientemente los efectos de este tremendo crecimiento\u201d, escribi\u00f3 Rood.<\/p>\n\n\n\n<p>Aunque el asunto fue considerado por el grupo de trabajo, los residentes del centro rechazaron la idea, seg\u00fan una persona familiarizada con el proceso.<\/p>\n\n\n\n<p>Redibujar l\u00edneas para crear un nuevo distrito municipal es extremadamente raro.<\/p>\n\n\n\n<p>La \u00faltima vez que sucedi\u00f3 fue hace 30 a\u00f1os cuando el consejo volvi\u00f3 a trazar las l\u00edneas para garantizar a los votantes latinos una oportunidad justa de representaci\u00f3n y la oportunidad de participar en el proceso pol\u00edtico.<\/p>\n\n\n\n<p>Como resultado, se cre\u00f3 el Distrito 5, aunque los residentes latinos no eligieron inmediatamente a un concejal latino, sino que optaron por Bill Crowfoot, que hablaba espa\u00f1ol con fluidez.<\/p>\n\n\n\n<p>Las reverberaciones de ese proceso contin\u00faan impactando a la ciudad.<\/p>\n\n\n\n<p>La creaci\u00f3n del nuevo distrito finalmente llev\u00f3 a la elecci\u00f3n del alcalde V\u00edctor Gordo. Gordo se desempe\u00f1\u00f3 como representante de campo de Crowfoot y gan\u00f3 el asiento despu\u00e9s de que Crowfoot se retir\u00f3.<\/p>\n\n\n\n<p>En 2012, el Concejo Municipal vot\u00f3 6-1 para cambiar los distritos ligeramente, lo que result\u00f3 en el intercambio de aproximadamente 1392 personas de un distrito a otro.<\/p>\n\n\n\n<p>El proceso asegura el equilibrio adecuado de poblaciones entre todos los distritos. Con la finalizaci\u00f3n del Censo de 2020, el consejo form\u00f3 un grupo de trabajo para revisar los cambios en las poblaciones y la demograf\u00eda de la ciudad y recomendar un plan para adaptarse a esos cambios.<\/p>\n\n\n\n<p>Pasadena traz\u00f3 las l\u00edneas de distrito por primera vez en 1980, con el cambio del sistema electoral de la ciudad de contiendas generales en toda la ciudad a elecciones solo de distrito.<\/p>\n\n\n\n<p>Las l\u00edneas del distrito allanaron el camino para la elecci\u00f3n de candidatos de minor\u00edas y un mayor \u00e9nfasis en las preocupaciones del vecindario.<\/p>\n\n\n\n<p>En el per\u00edodo de 10 a\u00f1os entre 1980 y 1990, la poblaci\u00f3n de la ciudad aument\u00f3 en un 11%, volvi\u00e9ndose m\u00e1s diversa racial y \u00e9tnicamente.<\/p>\n\n\n\n<p>Seg\u00fan los datos del \u00faltimo censo, los residentes blancos todav\u00eda constituyen la mayor\u00eda de la poblaci\u00f3n de la ciudad con un 36,7%. Los residentes latinos constituyen el 33% de la poblaci\u00f3n de la ciudad, seguidos por los residentes afroamericanos con un 8.5%.<\/p>\n\n\n\n<p>Los residentes latinos constituyen la mayor\u00eda de la poblaci\u00f3n en los distritos 1, 3 y 5 del Concejo Municipal, con 49,7%, 48,1% y 51,4%, respectivamente.<\/p>\n","protected":false},"excerpt":{"rendered":"<p>El Consejo de la Ciudad del 15 de noviembre est\u00e1 programado para discutir el informe final y las recomendaciones del Grupo de Trabajo de Redistribuci\u00f3n de Distritos. Despu\u00e9s de cada recuento del censo de los EE. UU. De 10 a\u00f1os, la ciudad utiliza esa informaci\u00f3n para examinar a las personas que residen en los l\u00edmites del distrito del Concejo Municipal existente para tener en cuenta los cambios en la poblaci\u00f3n. No se espera que el informe y las recomendaciones incluyan [&hellip;]<\/p>\n","protected":false},"author":4,"featured_media":12290,"comment_status":"open","ping_status":"closed","sticky":false,"template":"","format":"standard","meta":[],"categories":[6],"tags":[],"acf":[],"_links":{"self":[{"href":"http:\/\/www.pasadenahoy.com\/primero\/wp-json\/wp\/v2\/posts\/12289"}],"collection":[{"href":"http:\/\/www.pasadenahoy.com\/primero\/wp-json\/wp\/v2\/posts"}],"about":[{"href":"http:\/\/www.pasadenahoy.com\/primero\/wp-json\/wp\/v2\/types\/post"}],"author":[{"embeddable":true,"href":"http:\/\/www.pasadenahoy.com\/primero\/wp-json\/wp\/v2\/users\/4"}],"replies":[{"embeddable":true,"href":"http:\/\/www.pasadenahoy.com\/primero\/wp-json\/wp\/v2\/comments?post=12289"}],"version-history":[{"count":2,"href":"http:\/\/www.pasadenahoy.com\/primero\/wp-json\/wp\/v2\/posts\/12289\/revisions"}],"predecessor-version":[{"id":12292,"href":"http:\/\/www.pasadenahoy.com\/primero\/wp-json\/wp\/v2\/posts\/12289\/revisions\/12292"}],"wp:featuredmedia":[{"embeddable":true,"href":"http:\/\/www.pasadenahoy.com\/primero\/wp-json\/wp\/v2\/media\/12290"}],"wp:attachment":[{"href":"http:\/\/www.pasadenahoy.com\/primero\/wp-json\/wp\/v2\/media?parent=12289"}],"wp:term":[{"taxonomy":"category","embeddable":true,"href":"http:\/\/www.pasadenahoy.com\/primero\/wp-json\/wp\/v2\/categories?post=12289"},{"taxonomy":"post_tag","embeddable":true,"href":"http:\/\/www.pasadenahoy.com\/primero\/wp-json\/wp\/v2\/tags?post=12289"}],"curies":[{"name":"wp","href":"https:\/\/api.w.org\/{rel}","templated":true}]}}