{"id":12314,"date":"2021-11-10T15:07:41","date_gmt":"2021-11-10T15:07:41","guid":{"rendered":"http:\/\/www.pasadenahoy.com\/primero\/?p=12314"},"modified":"2021-11-10T15:07:44","modified_gmt":"2021-11-10T15:07:44","slug":"las-partes-interesadas-se-enfrentan-al-plan-para-eliminar-el-uso-de-gas-natural-en-todos-los-edificios-de-nueva-construccion","status":"publish","type":"post","link":"http:\/\/www.pasadenahoy.com\/primero\/la-comunidad\/las-partes-interesadas-se-enfrentan-al-plan-para-eliminar-el-uso-de-gas-natural-en-todos-los-edificios-de-nueva-construccion\/","title":{"rendered":"Las partes interesadas se enfrentan al plan para eliminar el uso de gas natural en todos los edificios de nueva construcci\u00f3n"},"content":{"rendered":"\n<figure class=\"wp-block-image alignnone size-large\"><figure class=\"alignnone\"><img loading=\"lazy\" width=\"700\" height=\"378\" src=\"http:\/\/www.pasadenahoy.com\/primero\/wp-content\/uploads\/2021\/11\/pic-1-4.jpg\" alt=\"\" class=\"wp-image-12315\" srcset=\"http:\/\/www.pasadenahoy.com\/primero\/wp-content\/uploads\/2021\/11\/pic-1-4.jpg 700w, http:\/\/www.pasadenahoy.com\/primero\/wp-content\/uploads\/2021\/11\/pic-1-4-300x162.jpg 300w, http:\/\/www.pasadenahoy.com\/primero\/wp-content\/uploads\/2021\/11\/pic-1-4-241x130.jpg 241w, http:\/\/www.pasadenahoy.com\/primero\/wp-content\/uploads\/2021\/11\/pic-1-4-333x180.jpg 333w, http:\/\/www.pasadenahoy.com\/primero\/wp-content\/uploads\/2021\/11\/pic-1-4-360x194.jpg 360w\" sizes=\"100vw\" \/><figcaption><span class=\"caption-text\">Un electricista instala un escudo multifuncional para controlar la electricidad en la pared de una casa nueva. [Shutterstock]<\/span><\/figcaption><\/figure><\/figure>\n\n\n\n<p>Grupos c\u00edvicos y aquellos que representan intereses comerciales expresaron sus opiniones durante una audiencia del Comit\u00e9 de Servicios Municipales el martes sobre los pros y los contras de una nueva propuesta del departamento de la ciudad para requerir que todos los edificios nuevos construidos en Pasadena sean totalmente el\u00e9ctricos, sin permitir el uso de gas natural.<br>Elogiando la propuesta del Departamento de Planificaci\u00f3n y Desarrollo Comunitario de Pasadena, la representante de la Liga de Mujeres Votantes de Pasadena, Kathy Kunysz, dijo que la ordenanza de electrificaci\u00f3n propuesta por el departamento ser\u00eda un &#8220;paso valiente&#8221; y una acci\u00f3n eficaz para reducir las emisiones de gases de efecto invernadero (GEI) en la ciudad. .<\/p>\n\n\n\n<p>\u201cAlentamos una fecha de implementaci\u00f3n anticipada por dos razones: Primero, un inicio retrasado corre el riesgo de un aumento en la solicitud de permisos para nuevas construcciones de gas. En segundo lugar, la crisis clim\u00e1tica es grave y pide a nuestra ciudad que d\u00e9 una respuesta urgente \u201d.<\/p>\n\n\n\n<p>La organizaci\u00f3n tambi\u00e9n recomienda que las exenciones a la ordenanza deben basarse en &#8220;necesidades espec\u00edficas demostradas y respaldadas por informaci\u00f3n&#8221;.<\/p>\n\n\n\n<p>Seg\u00fan el informe del Departamento de Planificaci\u00f3n y Desarrollo Comunitario al Comit\u00e9 de Servicios Municipales, la ciudad podr\u00eda eximir de la ordenanza algunos proyectos como el desarrollo de viviendas unifamiliares, el desarrollo de viviendas multifamiliares asequibles y las adiciones a edificios existentes, por nombrar algunos.<\/p>\n\n\n\n<p>Oponi\u00e9ndose a la propuesta, la Federaci\u00f3n Empresarial del Condado de Los \u00c1ngeles, (BizFed), un grupo compuesto por m\u00e1s de 200 organizaciones comerciales que representan a 400,000 empleadores en el condado, dijo que apoya una cartera de energ\u00eda diversificada para mantener bajos los costos y disminuir la tensi\u00f3n sobre la \u201cenerg\u00eda ya abrumada\u201d. red.&#8221;<\/p>\n\n\n\n<p>&#8220;La sostenibilidad no se trata solo del medio ambiente, tambi\u00e9n es la sostenibilidad de los puestos de trabajo, la idoneidad de las comunidades y la sostenibilidad de la econom\u00eda&#8221;.<\/p>\n\n\n\n<p>&#8220;El gas natural limpio es una parte importante de esa cartera y es necesario para alcanzar nuestros objetivos de aire limpio sin interrupciones&#8221;.<\/p>\n\n\n\n<p>Diana Coronado, vicepresidenta de la Asociaci\u00f3n de la Industria de la Construcci\u00f3n del Sur de California, pidi\u00f3 a la ciudad que considere eximir de la ordenanza todos los proyectos residenciales.<\/p>\n\n\n\n<p>&#8220;Pedimos que toda la construcci\u00f3n residencial est\u00e9 exenta de esta ordenanza, incluidas las unidades de vivienda accesorias&#8221;.<\/p>\n\n\n\n<p>\u201cAdem\u00e1s, creemos que debe haber un s\u00f3lido proceso de partes interesadas para discutir los impactos de este art\u00edculo y explorar otras alternativas como incentivos y programas voluntarios como parte de la estrategia de planificaci\u00f3n\u201d.<\/p>\n\n\n\n<p>Los residentes locales Machiko Yasuda y Maureen Serra se encuentran entre los residentes locales que expresaron su apoyo a la propuesta.<\/p>\n\n\n\n<p>\u201cLos edificios totalmente el\u00e9ctricos tienen mejor calidad de aire interior y son m\u00e1s saludables para las personas que viven en ellos, especialmente los ni\u00f1os. Tambi\u00e9n son m\u00e1s asequibles de construir, ahorros que se pueden transferir a los inquilinos y futuros propietarios \u201d, dijo Yasuda.<\/p>\n\n\n\n<p>\u201cPor favor, apruebe la moci\u00f3n para cambiar el c\u00f3digo de la ciudad para que los futuros edificios construidos en Pasadena sean totalmente el\u00e9ctricos. Los edificios totalmente el\u00e9ctricos son m\u00e1s saludables, m\u00e1s seguros y m\u00e1s sostenibles \u201d, dijo Serra.<\/p>\n\n\n\n<p>Durante la reuni\u00f3n, el vicealcalde Andy Wilson, presidente del Comit\u00e9 de Servicios Municipales, recomend\u00f3 al personal de la ciudad que desarrolle un cronograma y se involucre a fondo con las partes interesadas antes de volver al comit\u00e9.<\/p>\n\n\n\n<p>En respuesta, el administrador de la ciudad, Steve Mermell, dijo que el personal ahora comenzar\u00e1 a desarrollar un cronograma y determinar\u00e1 los problemas y preocupaciones de las partes interesadas.<\/p>\n\n\n\n<p>\u201cQueremos avanzar a un ritmo bastante bueno porque el entorno no est\u00e1 mejorando, pero queremos asegurarnos de que tenemos un enfoque reflexivo e integral para esto\u201d, dijo Mermell.<\/p>\n\n\n\n<p>Seg\u00fan el director del departamento, David Reyes, el personal de la ciudad volver\u00e1 al comit\u00e9 despu\u00e9s de un par de meses para discutir el borrador de la ordenanza de electrificaci\u00f3n, antes de ir al ayuntamiento.<\/p>\n\n\n\n<p>A octubre de 2021, al menos 51 municipios de California han adoptado ordenanzas para comenzar a descarbonizar edificios a trav\u00e9s de diferentes enfoques.<\/p>\n","protected":false},"excerpt":{"rendered":"<p>Grupos c\u00edvicos y aquellos que representan intereses comerciales expresaron sus opiniones durante una audiencia del Comit\u00e9 de Servicios Municipales el martes sobre los pros y los contras de una nueva propuesta del departamento de la ciudad para requerir que todos los edificios nuevos construidos en Pasadena sean totalmente el\u00e9ctricos, sin permitir el uso de gas natural.Elogiando la propuesta del Departamento de Planificaci\u00f3n y Desarrollo Comunitario de Pasadena, la representante de la Liga de Mujeres Votantes de Pasadena, Kathy Kunysz, dijo [&hellip;]<\/p>\n","protected":false},"author":4,"featured_media":12315,"comment_status":"open","ping_status":"closed","sticky":false,"template":"","format":"standard","meta":[],"categories":[4],"tags":[],"acf":[],"_links":{"self":[{"href":"http:\/\/www.pasadenahoy.com\/primero\/wp-json\/wp\/v2\/posts\/12314"}],"collection":[{"href":"http:\/\/www.pasadenahoy.com\/primero\/wp-json\/wp\/v2\/posts"}],"about":[{"href":"http:\/\/www.pasadenahoy.com\/primero\/wp-json\/wp\/v2\/types\/post"}],"author":[{"embeddable":true,"href":"http:\/\/www.pasadenahoy.com\/primero\/wp-json\/wp\/v2\/users\/4"}],"replies":[{"embeddable":true,"href":"http:\/\/www.pasadenahoy.com\/primero\/wp-json\/wp\/v2\/comments?post=12314"}],"version-history":[{"count":2,"href":"http:\/\/www.pasadenahoy.com\/primero\/wp-json\/wp\/v2\/posts\/12314\/revisions"}],"predecessor-version":[{"id":12317,"href":"http:\/\/www.pasadenahoy.com\/primero\/wp-json\/wp\/v2\/posts\/12314\/revisions\/12317"}],"wp:featuredmedia":[{"embeddable":true,"href":"http:\/\/www.pasadenahoy.com\/primero\/wp-json\/wp\/v2\/media\/12315"}],"wp:attachment":[{"href":"http:\/\/www.pasadenahoy.com\/primero\/wp-json\/wp\/v2\/media?parent=12314"}],"wp:term":[{"taxonomy":"category","embeddable":true,"href":"http:\/\/www.pasadenahoy.com\/primero\/wp-json\/wp\/v2\/categories?post=12314"},{"taxonomy":"post_tag","embeddable":true,"href":"http:\/\/www.pasadenahoy.com\/primero\/wp-json\/wp\/v2\/tags?post=12314"}],"curies":[{"name":"wp","href":"https:\/\/api.w.org\/{rel}","templated":true}]}}