{"id":12318,"date":"2021-11-10T15:11:59","date_gmt":"2021-11-10T15:11:59","guid":{"rendered":"http:\/\/www.pasadenahoy.com\/primero\/?p=12318"},"modified":"2021-11-10T15:12:01","modified_gmt":"2021-11-10T15:12:01","slug":"el-principal-proveedor-de-agua-de-pasadena-declara-emergencia-por-sequia-e-insta-a-la-conservacion","status":"publish","type":"post","link":"http:\/\/www.pasadenahoy.com\/primero\/la-comunidad\/el-principal-proveedor-de-agua-de-pasadena-declara-emergencia-por-sequia-e-insta-a-la-conservacion\/","title":{"rendered":"El principal proveedor de agua de Pasadena declara &#8220;emergencia por sequ\u00eda&#8221; e insta a la conservaci\u00f3n"},"content":{"rendered":"\n<figure class=\"wp-block-image alignnone size-large\"><figure class=\"alignnone\"><img loading=\"lazy\" width=\"700\" height=\"378\" src=\"http:\/\/www.pasadenahoy.com\/primero\/wp-content\/uploads\/2021\/11\/pic-2-5.jpg\" alt=\"\" class=\"wp-image-12319\" srcset=\"http:\/\/www.pasadenahoy.com\/primero\/wp-content\/uploads\/2021\/11\/pic-2-5.jpg 700w, http:\/\/www.pasadenahoy.com\/primero\/wp-content\/uploads\/2021\/11\/pic-2-5-300x162.jpg 300w, http:\/\/www.pasadenahoy.com\/primero\/wp-content\/uploads\/2021\/11\/pic-2-5-241x130.jpg 241w, http:\/\/www.pasadenahoy.com\/primero\/wp-content\/uploads\/2021\/11\/pic-2-5-333x180.jpg 333w, http:\/\/www.pasadenahoy.com\/primero\/wp-content\/uploads\/2021\/11\/pic-2-5-360x194.jpg 360w\" sizes=\"100vw\" \/><figcaption><span class=\"caption-text\">Emergencia por sequ\u00eda de MWD a trav\u00e9s de Facebook<\/span><\/figcaption><\/figure><\/figure>\n\n\n\n<p>Los directores del Distrito Metropolitano de Agua, proveedor de alrededor del 60% del agua de Pasadena, declararon el martes una &#8220;emergencia por sequ\u00eda&#8221;, y pidieron a los proveedores de agua locales que implementen todas las medidas de conservaci\u00f3n posibles para reducir el uso.<\/p>\n\n\n\n<p>\u201cNecesitamos una acci\u00f3n inmediata para preservar y ampliar los suministros limitados del Proyecto Estatal de Agua\u201d, dijo Gloria D. Gray, presidenta de la Junta Directiva del Distrito Metropolitano de Agua, en un comunicado. \u201cEl sur de California, en promedio, obtiene alrededor de un tercio de su agua del norte de California a trav\u00e9s del proyecto estatal. El a\u00f1o que viene, tendremos la suerte de obtener una peque\u00f1a fracci\u00f3n de eso &#8220;.<\/p>\n\n\n\n<p>La declaraci\u00f3n de la junta del MWD sigue a la proclamaci\u00f3n del 19 de octubre del gobernador Gavin Newsom de una emergencia por sequ\u00eda en todo el estado. Newsom hab\u00eda emitido previamente la declaraci\u00f3n para otras partes del estado, pero su extensi\u00f3n de octubre de la orden agreg\u00f3 ocho condados que originalmente hab\u00edan sido excluidos: Los \u00c1ngeles, Orange, Riverside, San Diego, San Bernardino, Ventura, Imperial y San Francisco.<\/p>\n\n\n\n<p>En julio, Newsom pidi\u00f3 a los residentes de todo el estado que redujeran el uso de agua en un 15% por debajo de los niveles del a\u00f1o pasado para ayudar a aliviar las condiciones de sequ\u00eda. Pero las cifras estatales mostraron que para agosto, los residentes solo hab\u00edan reducido el uso en aproximadamente un 5%.<\/p>\n\n\n\n<p>Los funcionarios de MWD se\u00f1alaron el martes que en agosto, el lago Oroville, el dep\u00f3sito principal del Proyecto de Agua del Estado, hab\u00eda alcanzado su nivel m\u00e1s bajo.<\/p>\n\n\n\n<p>La declaraci\u00f3n de emergencia del MWD hace un llamado a sus agencias miembros que dependen de los suministros del Proyecto Estatal de Agua para aumentar las medidas de conservaci\u00f3n o encontrar otras formas de reducir su uso del suministro de SWP.<\/p>\n\n\n\n<p>El MWD gestiona las entregas de agua a 26 agencias en seis condados, que atienden a 19 millones de personas, incluido el Departamento de Agua y Energ\u00eda de Los \u00c1ngeles.<\/p>\n\n\n\n<p>El LADWP recibe un promedio del 41% de su suministro de agua anualmente del MWD a trav\u00e9s del Proyecto de Agua del Estado. Anselmo Collins, subdirector general del Sistema de Agua de DWP, emiti\u00f3 un comunicado instando a los residentes a prestar atenci\u00f3n al llamado a la conservaci\u00f3n.<\/p>\n\n\n\n<p>&#8220;La sequ\u00eda que enfrentamos actualmente es grave&#8221;, dijo Collins. \u201cInstamos a todos a que examinen m\u00e1s de cerca c\u00f3mo est\u00e1n usando el agua dentro y fuera de su hogar porque el agua que ahorramos ahora es agua en nuestros reservorios para la pr\u00f3xima primavera y verano, cuando la demanda generalmente aumenta. Tambi\u00e9n estamos monitoreando de cerca las condiciones del suministro y podemos solicitar medidas adicionales para intensificar la conservaci\u00f3n, si fuera necesario &#8220;.<\/p>\n\n\n\n<p>Durante los \u00faltimos 12 a\u00f1os, el DWP ha estado en la Fase 2 de la Ordenanza de Conservaci\u00f3n del Agua de la ciudad, limitando el riego al aire libre con aspersores a tres d\u00edas a la semana. Seg\u00fan la agencia, las personas con direcciones impares est\u00e1n limitadas a regar los lunes, mi\u00e9rcoles y viernes, mientras que las personas con direcciones pares est\u00e1n limitadas a los martes, jueves y domingos.<\/p>\n\n\n\n<p>Otras restricciones incluidas en la ordenanza DWP son:<\/p>\n\n\n\n<p>\u2022 Los aspersores con boquillas que no conservan agua solo pueden funcionar hasta 8 minutos por estaci\u00f3n, mientras que las boquillas que conservan agua pueden funcionar durante 15 minutos por estaci\u00f3n.<br>\u2022 Est\u00e1 prohibido regar durante la lluvia o dentro de las 48 horas siguientes a la lluvia.<br>\u2022 Est\u00e1 prohibido regar con aspersores entre las 9 a.m. y las 4 p.m. independientemente del d\u00eda del agua.<br>\u2022 No se permite la escorrent\u00eda de agua en las calles, caminos de entrada y cunetas.<br>\u2022 No se puede usar agua para lavar superficies duras como aceras, pasillos, entradas para veh\u00edculos o \u00e1reas de estacionamiento, excepto por necesidades de salud y seguridad.<br>\u2022 Se permite el riego manual con una boquilla de manguera de cierre autom\u00e1tico cualquier d\u00eda de la semana antes de las 9 a.m. o despu\u00e9s de las 4 p.m.<br>\u2022 Todas las fugas deben repararse de manera oportuna.<br>\u2022 Solo se permite lavar veh\u00edculos usando una manguera con una boquilla de cierre de agua con cierre autom\u00e1tico.<\/p>\n\n\n\n<p>En julio, Newsom dijo que una reducci\u00f3n del 15% en el uso de agua en todo el estado ahorrar\u00eda 850,000 acres-pies de agua, suficiente para abastecer a m\u00e1s de 1.7 millones de hogares durante un a\u00f1o. Inst\u00f3 a los residentes a limitar el riego al aire libre, usar agua reciclada cuando sea posible al aire libre, tomar duchas m\u00e1s cortas y solo hacer funcionar los lavavajillas y lavadoras cuando est\u00e9n llenas.<\/p>\n","protected":false},"excerpt":{"rendered":"<p>Los directores del Distrito Metropolitano de Agua, proveedor de alrededor del 60% del agua de Pasadena, declararon el martes una &#8220;emergencia por sequ\u00eda&#8221;, y pidieron a los proveedores de agua locales que implementen todas las medidas de conservaci\u00f3n posibles para reducir el uso. \u201cNecesitamos una acci\u00f3n inmediata para preservar y ampliar los suministros limitados del Proyecto Estatal de Agua\u201d, dijo Gloria D. Gray, presidenta de la Junta Directiva del Distrito Metropolitano de Agua, en un comunicado. \u201cEl sur de California, [&hellip;]<\/p>\n","protected":false},"author":4,"featured_media":12319,"comment_status":"open","ping_status":"closed","sticky":false,"template":"","format":"standard","meta":[],"categories":[4],"tags":[],"acf":[],"_links":{"self":[{"href":"http:\/\/www.pasadenahoy.com\/primero\/wp-json\/wp\/v2\/posts\/12318"}],"collection":[{"href":"http:\/\/www.pasadenahoy.com\/primero\/wp-json\/wp\/v2\/posts"}],"about":[{"href":"http:\/\/www.pasadenahoy.com\/primero\/wp-json\/wp\/v2\/types\/post"}],"author":[{"embeddable":true,"href":"http:\/\/www.pasadenahoy.com\/primero\/wp-json\/wp\/v2\/users\/4"}],"replies":[{"embeddable":true,"href":"http:\/\/www.pasadenahoy.com\/primero\/wp-json\/wp\/v2\/comments?post=12318"}],"version-history":[{"count":2,"href":"http:\/\/www.pasadenahoy.com\/primero\/wp-json\/wp\/v2\/posts\/12318\/revisions"}],"predecessor-version":[{"id":12321,"href":"http:\/\/www.pasadenahoy.com\/primero\/wp-json\/wp\/v2\/posts\/12318\/revisions\/12321"}],"wp:featuredmedia":[{"embeddable":true,"href":"http:\/\/www.pasadenahoy.com\/primero\/wp-json\/wp\/v2\/media\/12319"}],"wp:attachment":[{"href":"http:\/\/www.pasadenahoy.com\/primero\/wp-json\/wp\/v2\/media?parent=12318"}],"wp:term":[{"taxonomy":"category","embeddable":true,"href":"http:\/\/www.pasadenahoy.com\/primero\/wp-json\/wp\/v2\/categories?post=12318"},{"taxonomy":"post_tag","embeddable":true,"href":"http:\/\/www.pasadenahoy.com\/primero\/wp-json\/wp\/v2\/tags?post=12318"}],"curies":[{"name":"wp","href":"https:\/\/api.w.org\/{rel}","templated":true}]}}