{"id":12326,"date":"2021-11-10T15:21:21","date_gmt":"2021-11-10T15:21:21","guid":{"rendered":"http:\/\/www.pasadenahoy.com\/primero\/?p=12326"},"modified":"2021-11-10T15:21:23","modified_gmt":"2021-11-10T15:21:23","slug":"espere-algunos-cierres-mientras-la-ciudad-celebra-el-dia-de-los-veteranos-el-jueves","status":"publish","type":"post","link":"http:\/\/www.pasadenahoy.com\/primero\/la-comunidad\/espere-algunos-cierres-mientras-la-ciudad-celebra-el-dia-de-los-veteranos-el-jueves\/","title":{"rendered":"Espere algunos cierres mientras la ciudad celebra el D\u00eda de los Veteranos el jueves"},"content":{"rendered":"\n<figure class=\"wp-block-image alignnone size-large\"><figure class=\"alignnone\"><img loading=\"lazy\" width=\"700\" height=\"378\" src=\"http:\/\/www.pasadenahoy.com\/primero\/wp-content\/uploads\/2021\/11\/pic-4-5.jpg\" alt=\"\" class=\"wp-image-12327\" srcset=\"http:\/\/www.pasadenahoy.com\/primero\/wp-content\/uploads\/2021\/11\/pic-4-5.jpg 700w, http:\/\/www.pasadenahoy.com\/primero\/wp-content\/uploads\/2021\/11\/pic-4-5-300x162.jpg 300w, http:\/\/www.pasadenahoy.com\/primero\/wp-content\/uploads\/2021\/11\/pic-4-5-241x130.jpg 241w, http:\/\/www.pasadenahoy.com\/primero\/wp-content\/uploads\/2021\/11\/pic-4-5-333x180.jpg 333w, http:\/\/www.pasadenahoy.com\/primero\/wp-content\/uploads\/2021\/11\/pic-4-5-360x194.jpg 360w\" sizes=\"100vw\" \/><\/figure><\/figure>\n\n\n\n<p>En 1945, el veterano de la Segunda Guerra Mundial Raymond Weeks propuso expandir el D\u00eda del Armisticio, que conmemor\u00f3 el alto el fuego entre los Aliados y Alemania en la Primera Guerra Mundial en la und\u00e9cima hora, d\u00eda y mes de 1918.<\/p>\n\n\n\n<p>Weeks quer\u00eda celebrar a todos los veteranos, vivos y muertos, no solo a aquellos que lucharon en el primer conflicto global del mundo.<\/p>\n\n\n\n<p>As\u00ed que Weeks encabez\u00f3 una delegaci\u00f3n para visitar al general Dwight Eisenhower, quien se hab\u00eda convertido en presidente en 1952 y apoy\u00f3 la idea de un D\u00eda de los Veteranos nacional. En 1954, el nombre de la fiesta se cambi\u00f3 oficialmente.<\/p>\n\n\n\n<p>En el D\u00eda de los Veteranos de este a\u00f1o, el jueves, el Ayuntamiento de Pasadena marcar\u00e1 el feriado cerrando muchas de sus oficinas administrativas y comerciales e invitando al p\u00fablico a ver el tributo virtual del D\u00eda de los Veteranos de la ciudad, a partir de las 10:30 a.m.<\/p>\n\n\n\n<p>Sin embargo, muchos servicios seguir\u00e1n operando, entre ellos los departamentos de Bomberos, Polic\u00eda, Agua y Energ\u00eda y Obras P\u00fablicas, as\u00ed como los servicios de transporte p\u00fablico.<\/p>\n\n\n\n<p>Los departamentos de polic\u00eda y bomberos de Pasadena contar\u00e1n con personal para todos los servicios de patrulla, c\u00e1rcel, bomberos, param\u00e9dicos y otros servicios de emergencia, pero las oficinas comerciales o administrativas de ambas agencias estar\u00e1n cerradas. Sin embargo, si ve algo, diga algo e informe cualquier actividad sospechosa a la polic\u00eda de Pasadena al (626) 744-4241. Para emergencias potencialmente mortales, marque 9-1-1.<\/p>\n\n\n\n<p>Lo mismo ocurre con el Departamento de Agua y Energ\u00eda de Pasadena, que recomienda a los residentes y negocios con emergencias de energ\u00eda que llamen a PWP al (626) 744-4673. Para emergencias relacionadas con el agua, llame al (626) 744-4138.<\/p>\n\n\n\n<p>El Centro de llamadas de servicio al cliente de PWP estar\u00e1 cerrado durante las vacaciones, pero los clientes a\u00fan pueden acceder a sus cuentas y realizar pagos por tel\u00e9fono al (626) 744-4005 o en l\u00ednea en www.PWPweb.com.<\/p>\n\n\n\n<p>El Centro de Servicio al Ciudadano de la Ciudad (CSC) estar\u00e1 abierto desde las 8 a.m. hasta el mediod\u00eda el jueves y volver\u00e1 a su horario normal, de 8:00 a.m. a 4 p.m., el viernes. CSC est\u00e1 disponible a trav\u00e9s de la web y llamando al (626) 744-7311.<\/p>\n\n\n\n<p>Los residentes con servicios de recolecci\u00f3n de basura y reciclaje de la ciudad estar\u00e1n en su horario regular de recolecci\u00f3n el 11 de noviembre, incluidas las recolecciones programadas previamente para art\u00edculos voluminosos.<\/p>\n\n\n\n<p>Los servicios Pasadena Transit y Pasadena Dial-a-Ride operar\u00e1n en sus horarios normales, pero todos los parqu\u00edmetros ser\u00e1n gratuitos y no se aplicar\u00e1n los l\u00edmites de tiempo de estacionamiento. Sin embargo, se aplicar\u00e1n las infracciones por estacionamiento nocturno, estacionamiento en la acera roja, estacionamiento en zonas de \u201cNo estacionamiento\u201d y bloqueo de bocas de incendio. Toda la aplicaci\u00f3n regular se reanuda el viernes.<\/p>\n\n\n\n<p>Todos los sitios de la Biblioteca P\u00fablica de Pasadena estar\u00e1n cerrados el jueves 11 de noviembre, y el horario regular de operaci\u00f3n se reanudar\u00e1 el viernes.<\/p>\n\n\n\n<p>Todos los parques estar\u00e1n abiertos para picnics, diversi\u00f3n y juego. Sin embargo, no se aceptan reservas de sitios para las vacaciones.<\/p>\n","protected":false},"excerpt":{"rendered":"<p>En 1945, el veterano de la Segunda Guerra Mundial Raymond Weeks propuso expandir el D\u00eda del Armisticio, que conmemor\u00f3 el alto el fuego entre los Aliados y Alemania en la Primera Guerra Mundial en la und\u00e9cima hora, d\u00eda y mes de 1918. Weeks quer\u00eda celebrar a todos los veteranos, vivos y muertos, no solo a aquellos que lucharon en el primer conflicto global del mundo. As\u00ed que Weeks encabez\u00f3 una delegaci\u00f3n para visitar al general Dwight Eisenhower, quien se hab\u00eda [&hellip;]<\/p>\n","protected":false},"author":4,"featured_media":0,"comment_status":"open","ping_status":"closed","sticky":false,"template":"","format":"standard","meta":[],"categories":[4],"tags":[],"acf":[],"_links":{"self":[{"href":"http:\/\/www.pasadenahoy.com\/primero\/wp-json\/wp\/v2\/posts\/12326"}],"collection":[{"href":"http:\/\/www.pasadenahoy.com\/primero\/wp-json\/wp\/v2\/posts"}],"about":[{"href":"http:\/\/www.pasadenahoy.com\/primero\/wp-json\/wp\/v2\/types\/post"}],"author":[{"embeddable":true,"href":"http:\/\/www.pasadenahoy.com\/primero\/wp-json\/wp\/v2\/users\/4"}],"replies":[{"embeddable":true,"href":"http:\/\/www.pasadenahoy.com\/primero\/wp-json\/wp\/v2\/comments?post=12326"}],"version-history":[{"count":2,"href":"http:\/\/www.pasadenahoy.com\/primero\/wp-json\/wp\/v2\/posts\/12326\/revisions"}],"predecessor-version":[{"id":12329,"href":"http:\/\/www.pasadenahoy.com\/primero\/wp-json\/wp\/v2\/posts\/12326\/revisions\/12329"}],"wp:attachment":[{"href":"http:\/\/www.pasadenahoy.com\/primero\/wp-json\/wp\/v2\/media?parent=12326"}],"wp:term":[{"taxonomy":"category","embeddable":true,"href":"http:\/\/www.pasadenahoy.com\/primero\/wp-json\/wp\/v2\/categories?post=12326"},{"taxonomy":"post_tag","embeddable":true,"href":"http:\/\/www.pasadenahoy.com\/primero\/wp-json\/wp\/v2\/tags?post=12326"}],"curies":[{"name":"wp","href":"https:\/\/api.w.org\/{rel}","templated":true}]}}