{"id":12330,"date":"2021-11-10T15:25:48","date_gmt":"2021-11-10T15:25:48","guid":{"rendered":"http:\/\/www.pasadenahoy.com\/primero\/?p=12330"},"modified":"2021-11-10T15:25:50","modified_gmt":"2021-11-10T15:25:50","slug":"hombre-herido-en-tiroteo-en-pasadena","status":"publish","type":"post","link":"http:\/\/www.pasadenahoy.com\/primero\/la-comunidad\/hombre-herido-en-tiroteo-en-pasadena\/","title":{"rendered":"Hombre herido en tiroteo en Pasadena"},"content":{"rendered":"\n<figure class=\"wp-block-image alignnone size-large\"><figure class=\"alignnone\"><img loading=\"lazy\" width=\"700\" height=\"378\" src=\"http:\/\/www.pasadenahoy.com\/primero\/wp-content\/uploads\/2021\/11\/pic-5-1.png\" alt=\"\" class=\"wp-image-12331\" srcset=\"http:\/\/www.pasadenahoy.com\/primero\/wp-content\/uploads\/2021\/11\/pic-5-1.png 700w, http:\/\/www.pasadenahoy.com\/primero\/wp-content\/uploads\/2021\/11\/pic-5-1-300x162.png 300w, http:\/\/www.pasadenahoy.com\/primero\/wp-content\/uploads\/2021\/11\/pic-5-1-241x130.png 241w, http:\/\/www.pasadenahoy.com\/primero\/wp-content\/uploads\/2021\/11\/pic-5-1-333x180.png 333w, http:\/\/www.pasadenahoy.com\/primero\/wp-content\/uploads\/2021\/11\/pic-5-1-360x194.png 360w\" sizes=\"100vw\" \/><figcaption><span class=\"caption-text\">\u00a9 Colaboradores de OpenStreetMap<\/span><\/figcaption><\/figure><\/figure>\n\n\n\n<p>Un hombre result\u00f3 herido en un tiroteo en Summit Avenue en Pasadena el martes por la ma\u00f1ana, dijo la polic\u00eda.<\/p>\n\n\n\n<p>El tiroteo tuvo lugar poco despu\u00e9s de las 10:20 a.m. en la cuadra 1000 de Summit Avenue, dijo el teniente de polic\u00eda de Pasadena, Sean Dawkins.<\/p>\n\n\n\n<p>Un oficial cercano escuch\u00f3 disparos y se dirigi\u00f3 a su fuente, dijo. Los testigos en el lugar se\u00f1alaron un veh\u00edculo que hu\u00eda, que luego se determin\u00f3 que era alguien que llevaba a la v\u00edctima del tiroteo a un hospital.<\/p>\n\n\n\n<p>La v\u00edctima, un hombre de Rialto de unos 30 a\u00f1os, sufri\u00f3 heridas en la parte superior del cuerpo, dijo Dawkins. No se cre\u00eda que fueran potencialmente mortales.<\/p>\n\n\n\n<p>No se dispuso de m\u00e1s detalles, incluida una descripci\u00f3n del sospechoso, ya que la investigaci\u00f3n segu\u00eda en sus primeras etapas.<\/p>\n\n\n\n<p>La polic\u00eda tambi\u00e9n respondi\u00f3 a los informes de disparos poco despu\u00e9s de las 11 p.m. El lunes, a unos 800 metros de distancia en Claremont Street y Sunset Avenue, dijo Dawkins. La polic\u00eda encontr\u00f3 casquillos de bala gastados, pero no se encontraron v\u00edctimas.<\/p>\n\n\n\n<p>Cualquier persona que tenga informaci\u00f3n puede comunicarse con el Departamento de Polic\u00eda de Pasadena al (626) 744-4501. Las pistas tambi\u00e9n se pueden enviar de forma an\u00f3nima a<a href=\"https:\/\/www.lacrimestoppers.org\/\"> L.A. Regional Crime Stoppers <\/a>al (800) 222-8477.<\/p>\n","protected":false},"excerpt":{"rendered":"<p>Un hombre result\u00f3 herido en un tiroteo en Summit Avenue en Pasadena el martes por la ma\u00f1ana, dijo la polic\u00eda. El tiroteo tuvo lugar poco despu\u00e9s de las 10:20 a.m. en la cuadra 1000 de Summit Avenue, dijo el teniente de polic\u00eda de Pasadena, Sean Dawkins. Un oficial cercano escuch\u00f3 disparos y se dirigi\u00f3 a su fuente, dijo. Los testigos en el lugar se\u00f1alaron un veh\u00edculo que hu\u00eda, que luego se determin\u00f3 que era alguien que llevaba a la v\u00edctima [&hellip;]<\/p>\n","protected":false},"author":4,"featured_media":0,"comment_status":"open","ping_status":"closed","sticky":false,"template":"","format":"standard","meta":[],"categories":[4],"tags":[],"acf":[],"_links":{"self":[{"href":"http:\/\/www.pasadenahoy.com\/primero\/wp-json\/wp\/v2\/posts\/12330"}],"collection":[{"href":"http:\/\/www.pasadenahoy.com\/primero\/wp-json\/wp\/v2\/posts"}],"about":[{"href":"http:\/\/www.pasadenahoy.com\/primero\/wp-json\/wp\/v2\/types\/post"}],"author":[{"embeddable":true,"href":"http:\/\/www.pasadenahoy.com\/primero\/wp-json\/wp\/v2\/users\/4"}],"replies":[{"embeddable":true,"href":"http:\/\/www.pasadenahoy.com\/primero\/wp-json\/wp\/v2\/comments?post=12330"}],"version-history":[{"count":2,"href":"http:\/\/www.pasadenahoy.com\/primero\/wp-json\/wp\/v2\/posts\/12330\/revisions"}],"predecessor-version":[{"id":12333,"href":"http:\/\/www.pasadenahoy.com\/primero\/wp-json\/wp\/v2\/posts\/12330\/revisions\/12333"}],"wp:attachment":[{"href":"http:\/\/www.pasadenahoy.com\/primero\/wp-json\/wp\/v2\/media?parent=12330"}],"wp:term":[{"taxonomy":"category","embeddable":true,"href":"http:\/\/www.pasadenahoy.com\/primero\/wp-json\/wp\/v2\/categories?post=12330"},{"taxonomy":"post_tag","embeddable":true,"href":"http:\/\/www.pasadenahoy.com\/primero\/wp-json\/wp\/v2\/tags?post=12330"}],"curies":[{"name":"wp","href":"https:\/\/api.w.org\/{rel}","templated":true}]}}