{"id":12341,"date":"2021-11-11T14:50:37","date_gmt":"2021-11-11T14:50:37","guid":{"rendered":"http:\/\/www.pasadenahoy.com\/primero\/?p=12341"},"modified":"2021-11-11T14:50:40","modified_gmt":"2021-11-11T14:50:40","slug":"pasadena-hace-una-pausa-para-honrar-a-sus-veteranos-hoy","status":"publish","type":"post","link":"http:\/\/www.pasadenahoy.com\/primero\/la-comunidad\/pasadena-hace-una-pausa-para-honrar-a-sus-veteranos-hoy\/","title":{"rendered":"Pasadena hace una pausa para honrar a sus veteranos hoy"},"content":{"rendered":"\n<figure class=\"wp-block-image alignnone size-large\"><figure class=\"alignnone\"><img loading=\"lazy\" width=\"700\" height=\"378\" src=\"http:\/\/www.pasadenahoy.com\/primero\/wp-content\/uploads\/2021\/11\/pic-1-5.jpg\" alt=\"\" class=\"wp-image-12342\" srcset=\"http:\/\/www.pasadenahoy.com\/primero\/wp-content\/uploads\/2021\/11\/pic-1-5.jpg 700w, http:\/\/www.pasadenahoy.com\/primero\/wp-content\/uploads\/2021\/11\/pic-1-5-300x162.jpg 300w, http:\/\/www.pasadenahoy.com\/primero\/wp-content\/uploads\/2021\/11\/pic-1-5-241x130.jpg 241w, http:\/\/www.pasadenahoy.com\/primero\/wp-content\/uploads\/2021\/11\/pic-1-5-333x180.jpg 333w, http:\/\/www.pasadenahoy.com\/primero\/wp-content\/uploads\/2021\/11\/pic-1-5-360x194.jpg 360w\" sizes=\"100vw\" \/><\/figure><\/figure>\n\n\n\n<p>Pasadena hace una pausa hoy para honrar a sus veteranos con una ceremonia especial en el Ayuntamiento que se lleva a cabo tanto en tierra como en el aire.<\/p>\n\n\n\n<p>El evento de las 10:30 am en Centennial Square en 100 N. Garfield Ave. est\u00e1 abierto al p\u00fablico y concluir\u00e1 con un sobrevuelo especial del \u201cEscuadr\u00f3n C\u00f3ndor\u201d de aviones T-6 de la Segunda Guerra Mundial en formaci\u00f3n a las 11:11 soy agudo.<\/p>\n\n\n\n<p>\u201cHay una conexi\u00f3n y un respeto por las fuerzas armadas que creo que es muy, muy palpable en Pasadena. Es importante que hagamos una pausa en el D\u00eda de los Veteranos para recordar el servicio y el sacrificio de los hombres y mujeres que han servido en el pasado y que actualmente est\u00e1n sirviendo en las fuerzas armadas \u201d, dijo el ex alcalde de Pasadena y veterano de la Infanter\u00eda de Marina de la era de la Guerra de Vietnam, Bill Paparian. .<\/p>\n\n\n\n<p>El orador invitado ser\u00e1 el General de Brigada (CA) David G. Smith, Asistente Especial del Comandante, Guardia del Estado de California (CSG), Departamento Militar de California, donde apoya las acciones del T\u00edtulo 32 para la preparaci\u00f3n, eficacia e integraci\u00f3n del CSG con el Ej\u00e9rcito de California y la Guardia Nacional A\u00e9rea.<\/p>\n\n\n\n<p>Adem\u00e1s, es el Director de la Instalaci\u00f3n de Pruebas de Vuelo y Producci\u00f3n de la Fuerza A\u00e9rea, Planta 42.<\/p>\n\n\n\n<p>La Capell\u00e1n Mayor de CSG (CA) Brenda Threatt proporcionar\u00e1 la Invocaci\u00f3n y la Bendici\u00f3n.<\/p>\n\n\n\n<p>La supervisora \u200b\u200bdel condado de Los \u00c1ngeles, Kathryn Barger, hablar\u00e1.<\/p>\n\n\n\n<p>La banda de 50 miembros del Pasadena City College tocar\u00e1 los himnos de cada rama de las Fuerzas Armadas, como es costumbre.<\/p>\n\n\n\n<p>Los Pasadena Scots Pipes and Drums tocar\u00e1n \u201cAmazing Grace\u201d en un tributo a las familias Gold Star que asistieron.<\/p>\n\n\n\n<p>El ROTC Junior de Blair High School proporcionar\u00e1 la Guardia de Honor.<\/p>\n\n\n\n<p>El Escuadr\u00f3n C\u00f3ndor realizar\u00e1 un sobrevuelo militar de baja altitud en formaci\u00f3n cerrada a las 11:11 a.m.<\/p>\n\n\n\n<p>En pasadas ceremonias del D\u00eda de los Veteranos en Pasadena, miembros del Concejo Municipal, estudiantes veteranos de Pasadena City College, miembros de los Departamentos de Polic\u00eda y Bomberos de Pasadena e infantes de marina del 2. \u00b0 Batall\u00f3n, 23.a Divisi\u00f3n, USMC, con sede en Pasadena, asistieron al evento.<\/p>\n\n\n\n<p>Se espera que los miembros de la Liga Naval de Pasadena, el Cap\u00edtulo 446 de los Veteranos de Vietnam de Am\u00e9rica en Pasadena, los aviadores de Tuskegee y el Puesto 13 de la Legi\u00f3n Estadounidense de Pasadena se unan a las ceremonias en honor a todos los veteranos aqu\u00ed y en todo el pa\u00eds.<\/p>\n\n\n\n<p>\u201cLa Ciudad de Pasadena apoya enormemente a los veteranos. Con suerte, todos los que vienen y no son veteranos se ir\u00e1n con un nuevo aprecio por nosotros \u201d, dijo una vez a Pasadena Now el veterano del ej\u00e9rcito y presidente del Cap\u00edtulo 446 de Veteranos de Vietnam de Am\u00e9rica, Alan Stelzer.<\/p>\n\n\n\n<p>Hay aproximadamente 40.000 veteranos solo en el Valle de San Gabriel, seg\u00fan el representante de Veterans of Foreign Wars, Dave Loera.<\/p>\n\n\n\n<p>Treinta y un soldados de Pasadena est\u00e1n documentados como muertos y \/ o desaparecidos en acci\u00f3n durante la Guerra de Vietnam.<\/p>\n\n\n\n<p>Se invita al p\u00fablico a asistir al evento de hoy.<\/p>\n\n\n\n<p>Para ayudar a prevenir la propagaci\u00f3n de COVID-19, se requieren cubiertas faciales. Qu\u00e9dese en casa si se siente mal, incluso si los s\u00edntomas son leves. Los espectadores pueden acceder a la transmisi\u00f3n el 11 de noviembre a las 11 a.m. en KPAS TV, Charter Spectrum Channel 3, AT&amp;T U-Verse Channel 99 o en l\u00ednea en<a href=\"http:\/\/www.pasadenamedia.org\/channel\/kpas\"> www.pasadenamedia.org\/channel\/kpas.<\/a><\/p>\n","protected":false},"excerpt":{"rendered":"<p>Pasadena hace una pausa hoy para honrar a sus veteranos con una ceremonia especial en el Ayuntamiento que se lleva a cabo tanto en tierra como en el aire. El evento de las 10:30 am en Centennial Square en 100 N. Garfield Ave. est\u00e1 abierto al p\u00fablico y concluir\u00e1 con un sobrevuelo especial del \u201cEscuadr\u00f3n C\u00f3ndor\u201d de aviones T-6 de la Segunda Guerra Mundial en formaci\u00f3n a las 11:11 soy agudo. \u201cHay una conexi\u00f3n y un respeto por las fuerzas [&hellip;]<\/p>\n","protected":false},"author":4,"featured_media":12342,"comment_status":"open","ping_status":"closed","sticky":false,"template":"","format":"standard","meta":[],"categories":[4],"tags":[],"acf":[],"_links":{"self":[{"href":"http:\/\/www.pasadenahoy.com\/primero\/wp-json\/wp\/v2\/posts\/12341"}],"collection":[{"href":"http:\/\/www.pasadenahoy.com\/primero\/wp-json\/wp\/v2\/posts"}],"about":[{"href":"http:\/\/www.pasadenahoy.com\/primero\/wp-json\/wp\/v2\/types\/post"}],"author":[{"embeddable":true,"href":"http:\/\/www.pasadenahoy.com\/primero\/wp-json\/wp\/v2\/users\/4"}],"replies":[{"embeddable":true,"href":"http:\/\/www.pasadenahoy.com\/primero\/wp-json\/wp\/v2\/comments?post=12341"}],"version-history":[{"count":2,"href":"http:\/\/www.pasadenahoy.com\/primero\/wp-json\/wp\/v2\/posts\/12341\/revisions"}],"predecessor-version":[{"id":12344,"href":"http:\/\/www.pasadenahoy.com\/primero\/wp-json\/wp\/v2\/posts\/12341\/revisions\/12344"}],"wp:featuredmedia":[{"embeddable":true,"href":"http:\/\/www.pasadenahoy.com\/primero\/wp-json\/wp\/v2\/media\/12342"}],"wp:attachment":[{"href":"http:\/\/www.pasadenahoy.com\/primero\/wp-json\/wp\/v2\/media?parent=12341"}],"wp:term":[{"taxonomy":"category","embeddable":true,"href":"http:\/\/www.pasadenahoy.com\/primero\/wp-json\/wp\/v2\/categories?post=12341"},{"taxonomy":"post_tag","embeddable":true,"href":"http:\/\/www.pasadenahoy.com\/primero\/wp-json\/wp\/v2\/tags?post=12341"}],"curies":[{"name":"wp","href":"https:\/\/api.w.org\/{rel}","templated":true}]}}