{"id":12345,"date":"2021-11-11T14:57:19","date_gmt":"2021-11-11T14:57:19","guid":{"rendered":"http:\/\/www.pasadenahoy.com\/primero\/?p=12345"},"modified":"2021-11-11T14:57:22","modified_gmt":"2021-11-11T14:57:22","slug":"eric-duyshart-gerente-de-desarrollo-economico-de-pasadena-abandona-el-ayuntamiento","status":"publish","type":"post","link":"http:\/\/www.pasadenahoy.com\/primero\/la-comunidad\/eric-duyshart-gerente-de-desarrollo-economico-de-pasadena-abandona-el-ayuntamiento\/","title":{"rendered":"Eric Duyshart, gerente de desarrollo econ\u00f3mico de Pasadena, abandona el ayuntamiento"},"content":{"rendered":"\n<figure class=\"wp-block-image alignnone size-large\"><figure class=\"alignnone\"><img loading=\"lazy\" width=\"700\" height=\"378\" src=\"http:\/\/www.pasadenahoy.com\/primero\/wp-content\/uploads\/2021\/11\/pic-2-6.jpg\" alt=\"\" class=\"wp-image-12346\" srcset=\"http:\/\/www.pasadenahoy.com\/primero\/wp-content\/uploads\/2021\/11\/pic-2-6.jpg 700w, http:\/\/www.pasadenahoy.com\/primero\/wp-content\/uploads\/2021\/11\/pic-2-6-300x162.jpg 300w, http:\/\/www.pasadenahoy.com\/primero\/wp-content\/uploads\/2021\/11\/pic-2-6-241x130.jpg 241w, http:\/\/www.pasadenahoy.com\/primero\/wp-content\/uploads\/2021\/11\/pic-2-6-333x180.jpg 333w, http:\/\/www.pasadenahoy.com\/primero\/wp-content\/uploads\/2021\/11\/pic-2-6-360x194.jpg 360w\" sizes=\"100vw\" \/><\/figure><\/figure>\n\n\n\n<p>Agregue otro a la lista, la creciente lista de funcionarios de alto nivel que abandonan el Ayuntamiento aument\u00f3 en uno a principios de esta semana cuando el Gerente de Desarrollo Econ\u00f3mico de la ciudad, Eric Duyshart, anunci\u00f3 que se iba.<\/p>\n\n\n\n<p>Duyshart ha estado en la ciudad durante m\u00e1s de 31 a\u00f1os. Fue contratado en 1990.<\/p>\n\n\n\n<p>El Gerente de Desarrollo Econ\u00f3mico busca inversiones en Pasadena. Tambi\u00e9n sirve como enlace entre la comunidad empresarial y el Ayuntamiento.<\/p>\n\n\n\n<p>Tambi\u00e9n ayud\u00f3 a liderar la ciudad a trav\u00e9s de la recuperaci\u00f3n financiera pand\u00e9mica de COVID-19 de la ciudad.<\/p>\n\n\n\n<p>Duyshart representa a la ciudad en varias juntas importantes, incluida la Compa\u00f1\u00eda Operadora del Centro de Pasadena, la C\u00e1mara de Comercio de Pasadena y la Asociaci\u00f3n Econ\u00f3mica del Valle de San Gabriel.<\/p>\n\n\n\n<p>Es miembro del Rotary de Pasadena desde hace mucho tiempo.<\/p>\n\n\n\n<p>Duyshart se une a una lista creciente de funcionarios de la ciudad que han notificado que se van de la ciudad, incluido el administrador de la ciudad Steve Mermell.<\/p>\n\n\n\n<p>Junto con Mermell, la ciudad perder\u00e1 al Jefe de Polic\u00eda John Perez, la Subgerente Municipal Julie Guitierrez, el Gerente General de Agua y Energ\u00eda Gurcharan S. Bawa y la Directora de Recursos Humanos Jennifer Curtis dentro de los pr\u00f3ximos dos meses.<\/p>\n\n\n\n<p>El lunes, el consejo vot\u00f3 para organizar el proceso para elegir al pr\u00f3ximo administrador de la ciudad en una sesi\u00f3n a puerta cerrada el 22 de noviembre.<\/p>\n\n\n\n<p>El concejal John Kennedy dijo que las salidas diezmar\u00e1n al equipo ejecutivo de la ciudad.<\/p>\n\n\n\n<p>La ciudad debe comenzar el proceso de reclutamiento antes del 3 de diciembre.<\/p>\n\n\n\n<p>\u201cNo podemos demorarnos en traer un excelente administrador municipal permanente a bordo para reconstruir su propio equipo para dirigir esta ciudad. No es justo ni equitativo esperar que nuestro administrador municipal interino dirija la ciudad con un equipo reducido en un futuro indefinido y, sin embargo, no es apropiado que un interino haga nombramientos permanentes \u201d, dijo.<\/p>\n","protected":false},"excerpt":{"rendered":"<p>Agregue otro a la lista, la creciente lista de funcionarios de alto nivel que abandonan el Ayuntamiento aument\u00f3 en uno a principios de esta semana cuando el Gerente de Desarrollo Econ\u00f3mico de la ciudad, Eric Duyshart, anunci\u00f3 que se iba. Duyshart ha estado en la ciudad durante m\u00e1s de 31 a\u00f1os. Fue contratado en 1990. El Gerente de Desarrollo Econ\u00f3mico busca inversiones en Pasadena. Tambi\u00e9n sirve como enlace entre la comunidad empresarial y el Ayuntamiento. Tambi\u00e9n ayud\u00f3 a liderar la [&hellip;]<\/p>\n","protected":false},"author":4,"featured_media":12346,"comment_status":"open","ping_status":"closed","sticky":false,"template":"","format":"standard","meta":[],"categories":[4],"tags":[],"acf":[],"_links":{"self":[{"href":"http:\/\/www.pasadenahoy.com\/primero\/wp-json\/wp\/v2\/posts\/12345"}],"collection":[{"href":"http:\/\/www.pasadenahoy.com\/primero\/wp-json\/wp\/v2\/posts"}],"about":[{"href":"http:\/\/www.pasadenahoy.com\/primero\/wp-json\/wp\/v2\/types\/post"}],"author":[{"embeddable":true,"href":"http:\/\/www.pasadenahoy.com\/primero\/wp-json\/wp\/v2\/users\/4"}],"replies":[{"embeddable":true,"href":"http:\/\/www.pasadenahoy.com\/primero\/wp-json\/wp\/v2\/comments?post=12345"}],"version-history":[{"count":2,"href":"http:\/\/www.pasadenahoy.com\/primero\/wp-json\/wp\/v2\/posts\/12345\/revisions"}],"predecessor-version":[{"id":12348,"href":"http:\/\/www.pasadenahoy.com\/primero\/wp-json\/wp\/v2\/posts\/12345\/revisions\/12348"}],"wp:featuredmedia":[{"embeddable":true,"href":"http:\/\/www.pasadenahoy.com\/primero\/wp-json\/wp\/v2\/media\/12346"}],"wp:attachment":[{"href":"http:\/\/www.pasadenahoy.com\/primero\/wp-json\/wp\/v2\/media?parent=12345"}],"wp:term":[{"taxonomy":"category","embeddable":true,"href":"http:\/\/www.pasadenahoy.com\/primero\/wp-json\/wp\/v2\/categories?post=12345"},{"taxonomy":"post_tag","embeddable":true,"href":"http:\/\/www.pasadenahoy.com\/primero\/wp-json\/wp\/v2\/tags?post=12345"}],"curies":[{"name":"wp","href":"https:\/\/api.w.org\/{rel}","templated":true}]}}