{"id":12354,"date":"2021-11-11T15:10:41","date_gmt":"2021-11-11T15:10:41","guid":{"rendered":"http:\/\/www.pasadenahoy.com\/primero\/?p=12354"},"modified":"2021-11-11T15:10:43","modified_gmt":"2021-11-11T15:10:43","slug":"el-departamento-de-bomberos-de-pasadena-recibe-el-premio-gold-plus-por-atencion-cardiaca","status":"publish","type":"post","link":"http:\/\/www.pasadenahoy.com\/primero\/la-comunidad\/el-departamento-de-bomberos-de-pasadena-recibe-el-premio-gold-plus-por-atencion-cardiaca\/","title":{"rendered":"El Departamento de Bomberos de Pasadena recibe el premio &#8220;Gold Plus&#8221; por atenci\u00f3n card\u00edaca"},"content":{"rendered":"\n<p>\u00a0<\/p>\n\n\n\n<figure class=\"wp-block-image alignnone size-large\"><figure class=\"alignnone\"><img loading=\"lazy\" width=\"700\" height=\"378\" src=\"http:\/\/www.pasadenahoy.com\/primero\/wp-content\/uploads\/2021\/11\/pic-4-6.jpg\" alt=\"\" class=\"wp-image-12355\" srcset=\"http:\/\/www.pasadenahoy.com\/primero\/wp-content\/uploads\/2021\/11\/pic-4-6.jpg 700w, http:\/\/www.pasadenahoy.com\/primero\/wp-content\/uploads\/2021\/11\/pic-4-6-300x162.jpg 300w, http:\/\/www.pasadenahoy.com\/primero\/wp-content\/uploads\/2021\/11\/pic-4-6-241x130.jpg 241w, http:\/\/www.pasadenahoy.com\/primero\/wp-content\/uploads\/2021\/11\/pic-4-6-333x180.jpg 333w, http:\/\/www.pasadenahoy.com\/primero\/wp-content\/uploads\/2021\/11\/pic-4-6-360x194.jpg 360w\" sizes=\"100vw\" \/><\/figure><\/figure>\n\n\n\n<p>El Departamento de Bomberos de Pasadena gan\u00f3 el premio 2021 Mission: Lifeline EMS Gold Plus de la Asociaci\u00f3n Estadounidense del Coraz\u00f3n por brindar un nivel m\u00e1s alto de atenci\u00f3n prehospitalaria a los pacientes durante situaciones de emergencia.<\/p>\n\n\n\n<p>Ron Loomis de la Asociaci\u00f3n Estadounidense del Coraz\u00f3n se uni\u00f3 a la reuni\u00f3n del Comit\u00e9 de Seguridad P\u00fablica del Ayuntamiento el mi\u00e9rcoles 10 de noviembre para reconocer al departamento de bomberos de la ciudad por su excelente sistema de respuesta que permite a los bomberos brindar atenci\u00f3n de primer nivel a pacientes que padecen problemas cardiovasculares.<\/p>\n\n\n\n<p>El premio reconoce al departamento por su compromiso y \u00e9xito en la atenci\u00f3n prehospitalaria al garantizar que todos los pacientes que sufren un ataque card\u00edaco reciban tratamiento, de acuerdo con los est\u00e1ndares aceptados a nivel nacional.<\/p>\n\n\n\n<p>El jefe del Departamento de Bomberos, Chad Augustin, acept\u00f3 el premio y elogi\u00f3 a los hombres y mujeres del Departamento de Bomberos de Pasadena.<\/p>\n\n\n\n<p>&#8220;Su compromiso con la excelencia en el cuidado card\u00edaco literalmente salva vidas y mejora la calidad de vida dentro de nuestra comunidad&#8221;.<\/p>\n\n\n\n<p>&#8220;Este premio es un logro muy impresionante y por el que tengo un sincero agradecimiento&#8221;.<\/p>\n\n\n\n<p>Augustin se\u00f1al\u00f3 que el premio es dif\u00edcil de ganar y solo menos del 10 por ciento de los departamentos de bomberos de todo el estado pueden recibir el premio.<\/p>\n\n\n\n<p>El jefe de bomberos asegur\u00f3 al p\u00fablico que el departamento continuar\u00e1 capacit\u00e1ndose rigurosamente para perfeccionar su sistema y brindar atenci\u00f3n de primer nivel a los pacientes.<\/p>\n\n\n\n<p><\/p>\n","protected":false},"excerpt":{"rendered":"<p>\u00a0 El Departamento de Bomberos de Pasadena gan\u00f3 el premio 2021 Mission: Lifeline EMS Gold Plus de la Asociaci\u00f3n Estadounidense del Coraz\u00f3n por brindar un nivel m\u00e1s alto de atenci\u00f3n prehospitalaria a los pacientes durante situaciones de emergencia. Ron Loomis de la Asociaci\u00f3n Estadounidense del Coraz\u00f3n se uni\u00f3 a la reuni\u00f3n del Comit\u00e9 de Seguridad P\u00fablica del Ayuntamiento el mi\u00e9rcoles 10 de noviembre para reconocer al departamento de bomberos de la ciudad por su excelente sistema de respuesta que permite [&hellip;]<\/p>\n","protected":false},"author":4,"featured_media":0,"comment_status":"open","ping_status":"closed","sticky":false,"template":"","format":"standard","meta":[],"categories":[4],"tags":[],"acf":[],"_links":{"self":[{"href":"http:\/\/www.pasadenahoy.com\/primero\/wp-json\/wp\/v2\/posts\/12354"}],"collection":[{"href":"http:\/\/www.pasadenahoy.com\/primero\/wp-json\/wp\/v2\/posts"}],"about":[{"href":"http:\/\/www.pasadenahoy.com\/primero\/wp-json\/wp\/v2\/types\/post"}],"author":[{"embeddable":true,"href":"http:\/\/www.pasadenahoy.com\/primero\/wp-json\/wp\/v2\/users\/4"}],"replies":[{"embeddable":true,"href":"http:\/\/www.pasadenahoy.com\/primero\/wp-json\/wp\/v2\/comments?post=12354"}],"version-history":[{"count":2,"href":"http:\/\/www.pasadenahoy.com\/primero\/wp-json\/wp\/v2\/posts\/12354\/revisions"}],"predecessor-version":[{"id":12357,"href":"http:\/\/www.pasadenahoy.com\/primero\/wp-json\/wp\/v2\/posts\/12354\/revisions\/12357"}],"wp:attachment":[{"href":"http:\/\/www.pasadenahoy.com\/primero\/wp-json\/wp\/v2\/media?parent=12354"}],"wp:term":[{"taxonomy":"category","embeddable":true,"href":"http:\/\/www.pasadenahoy.com\/primero\/wp-json\/wp\/v2\/categories?post=12354"},{"taxonomy":"post_tag","embeddable":true,"href":"http:\/\/www.pasadenahoy.com\/primero\/wp-json\/wp\/v2\/tags?post=12354"}],"curies":[{"name":"wp","href":"https:\/\/api.w.org\/{rel}","templated":true}]}}