{"id":12358,"date":"2021-11-11T15:14:36","date_gmt":"2021-11-11T15:14:36","guid":{"rendered":"http:\/\/www.pasadenahoy.com\/primero\/?p=12358"},"modified":"2021-11-11T15:14:38","modified_gmt":"2021-11-11T15:14:38","slug":"los-retadores-dicen-que-favorecen-los-limites-de-la-campana","status":"publish","type":"post","link":"http:\/\/www.pasadenahoy.com\/primero\/la-comunidad\/los-retadores-dicen-que-favorecen-los-limites-de-la-campana\/","title":{"rendered":"Los retadores dicen que favorecen los l\u00edmites de la campa\u00f1a"},"content":{"rendered":"\n<figure class=\"wp-block-image alignnone size-large\"><figure class=\"alignnone\"><img loading=\"lazy\" width=\"700\" height=\"378\" src=\"http:\/\/www.pasadenahoy.com\/primero\/wp-content\/uploads\/2021\/11\/pic5-1.jpg\" alt=\"\" class=\"wp-image-12359\" srcset=\"http:\/\/www.pasadenahoy.com\/primero\/wp-content\/uploads\/2021\/11\/pic5-1.jpg 700w, http:\/\/www.pasadenahoy.com\/primero\/wp-content\/uploads\/2021\/11\/pic5-1-300x162.jpg 300w, http:\/\/www.pasadenahoy.com\/primero\/wp-content\/uploads\/2021\/11\/pic5-1-241x130.jpg 241w, http:\/\/www.pasadenahoy.com\/primero\/wp-content\/uploads\/2021\/11\/pic5-1-333x180.jpg 333w, http:\/\/www.pasadenahoy.com\/primero\/wp-content\/uploads\/2021\/11\/pic5-1-360x194.jpg 360w\" sizes=\"100vw\" \/><\/figure><\/figure>\n\n\n\n<p>Los residentes locales que planean postularse para el Concejo Municipal le dijeron a Pasadena Now que cre\u00edan en los l\u00edmites de la campa\u00f1a, pero hasta ahora no han instituido l\u00edmites personales.<\/p>\n\n\n\n<p>A finales de este mes, el Concejo Municipal considerar\u00e1 la ley estatal de financiamiento de campa\u00f1as que limita las donaciones de campa\u00f1as individuales a $ 4,900. Hist\u00f3ricamente, la ciudad no ha tenido un l\u00edmite en las donaciones de campa\u00f1a.<\/p>\n\n\n\n<p>La decisi\u00f3n tendr\u00e1 un gran impacto en las elecciones de junio cuando se decidan los esca\u00f1os en los distritos 3, 5 y 7.<\/p>\n\n\n\n<p>Los titulares John Kennedy y Jess Rivas han anunciado planes para correr en 3 y 5 respectivamente. El concejal del Distrito 7 Andy Wilson no buscar\u00e1 la reelecci\u00f3n.<\/p>\n\n\n\n<p>Rivas, uno de los campeones en el Concejo Municipal por los l\u00edmites de financiamiento, no proporcion\u00f3 un comentario a Pasadena Now a pesar de las m\u00faltiples solicitudes.<\/p>\n\n\n\n<p>\u201cDefinitivamente creo que necesitamos l\u00edmites de campa\u00f1a en Pasadena porque les da a personas como yo una mejor oportunidad de recaudar fondos para una campa\u00f1a de base\u201d, dijo Brandon Donte Lamar, quien planea desafiar a Kennedy en el Distrito 5.<\/p>\n\n\n\n<p>Los candidatos no pueden sacar papeles para calificar para las elecciones hasta principios del pr\u00f3ximo a\u00f1o.<\/p>\n\n\n\n<p>Lamar dijo que no ha establecido un l\u00edmite personal sobre cu\u00e1nto aceptar\u00e1 de donantes individuales, pero no planea tomar dinero de un grupo.<\/p>\n\n\n\n<p>&#8220;El \u00fanico grupo en este momento del que no tomar\u00eda dinero es el Sindicato de la Polic\u00eda&#8221;, dijo Lamar.<\/p>\n\n\n\n<p>Lamar enfrentar\u00e1 la ardua batalla para destituir a un titular, algo que solo se ha hecho una vez en la pol\u00edtica de Pasadena desde 1987, cuando Bill Paparian disgust\u00f3 a la ex alcaldesa Jo Heckman por su puesto en la entonces Junta de Directores de la Ciudad, cuando se consider\u00f3 su reelecci\u00f3n. sea \u200b\u200buna apuesta segura.<\/p>\n\n\n\n<p>La \u00fanica otra persona que destituy\u00f3 a un titular fue el entonces concejal V\u00edctor Gordo, quien desafi\u00f3 a Terry Tornek por la carrera de alcalde. Gordo super\u00f3 a Tornek.<\/p>\n\n\n\n<p>Varios residentes afirmaron que los l\u00edmites de la campa\u00f1a eliminar\u00edan la corrupci\u00f3n de la pol\u00edtica local, aunque hasta ahora ning\u00fan miembro del consejo local ha sido acusado formalmente de corrupci\u00f3n.<\/p>\n\n\n\n<p>&#8220;Estoy muy emocionado de ver tanta participaci\u00f3n p\u00fablica en torno a este tema&#8221;, dijo Jason Lyon, que se postula en el Distrito 7.<\/p>\n\n\n\n<p>\u201cApoyo firmemente los l\u00edmites de contribuci\u00f3n de la campa\u00f1a. Creo que deber\u00edamos aprovechar esta oportunidad para tener una conversaci\u00f3n p\u00fablica m\u00e1s amplia sobre otras buenas reformas gubernamentales, incluidos los informes locales de gastos independientes, una interfaz p\u00fablica m\u00e1s sencilla para buscar contribuciones de campa\u00f1a y l\u00edmites de plazo &#8220;.<\/p>\n\n\n\n<p>Los l\u00edmites de mandato requerir\u00edan una reforma de los estatutos por parte de los votantes.<\/p>\n\n\n\n<p>Debido a que forma parte de la comisi\u00f3n de planificaci\u00f3n de la ciudad, Lyon ya no puede aceptar contribuciones de proyectos de desarrollo por los que ha votado.<\/p>\n\n\n\n<p>El tema de los l\u00edmites al financiamiento de campa\u00f1as se present\u00f3 ante el Comit\u00e9 de Pol\u00edtica Legislativa a fines del mes pasado. Durante esa reuni\u00f3n, Gordo y el concejal Steve Madison tambi\u00e9n expresaron su preocupaci\u00f3n por los gastos independientes.<\/p>\n\n\n\n<p>El concejal Gene Masuda tambi\u00e9n pareci\u00f3 preocupado.<\/p>\n\n\n\n<p>Un gasto independiente apoya la elecci\u00f3n o derrota de un candidato claramente identificado, pero no se realiza en coordinaci\u00f3n con ning\u00fan candidato o campa\u00f1a.<\/p>\n\n\n\n<p>El dinero se puede utilizar para anuncios, llamadas autom\u00e1ticas, anuncios publicitarios, letreros de jard\u00edn y otras comunicaciones que brindan al candidato una amplia visibilidad.<\/p>\n\n\n\n<p>Para empeorar las cosas, los gastos independientes son m\u00e1s dif\u00edciles de rastrear que las contribuciones de campa\u00f1a.<\/p>\n\n\n\n<p>Seg\u00fan Gordo, el Comit\u00e9 de Soluciones de Vivienda de la Asociaci\u00f3n de Apartamentos de California present\u00f3 un gasto independiente dif\u00edcil de rastrear por $ 35,000 y lo utiliz\u00f3 en su contra.<\/p>\n\n\n\n<p>Durante un foro de la alcald\u00eda, el ex alcalde Tornek dijo que se reuni\u00f3 con el grupo, pero dijo que no estaba al tanto del gasto hasta que Gordo le pregunt\u00f3 al respecto.<\/p>\n\n\n\n<p>Los gastos independientes est\u00e1n dise\u00f1ados para ser independientes de la campa\u00f1a del candidato y pueden realizarse sin el conocimiento de la campa\u00f1a.<\/p>\n\n\n\n<p>Durante las \u00faltimas elecciones, Masuda dijo que no estaba al tanto de un gasto independiente presentado por la Asociaci\u00f3n de Oficiales de Polic\u00eda de Pasadena que apoy\u00f3 su campa\u00f1a.<\/p>\n\n\n\n<p>&#8220;Esos tendr\u00e1n m\u00e1s peso&#8221;, dijo Madison.<\/p>\n","protected":false},"excerpt":{"rendered":"<p>Los residentes locales que planean postularse para el Concejo Municipal le dijeron a Pasadena Now que cre\u00edan en los l\u00edmites de la campa\u00f1a, pero hasta ahora no han instituido l\u00edmites personales. A finales de este mes, el Concejo Municipal considerar\u00e1 la ley estatal de financiamiento de campa\u00f1as que limita las donaciones de campa\u00f1as individuales a $ 4,900. Hist\u00f3ricamente, la ciudad no ha tenido un l\u00edmite en las donaciones de campa\u00f1a. La decisi\u00f3n tendr\u00e1 un gran impacto en las elecciones de [&hellip;]<\/p>\n","protected":false},"author":4,"featured_media":0,"comment_status":"open","ping_status":"closed","sticky":false,"template":"","format":"standard","meta":[],"categories":[4],"tags":[],"acf":[],"_links":{"self":[{"href":"http:\/\/www.pasadenahoy.com\/primero\/wp-json\/wp\/v2\/posts\/12358"}],"collection":[{"href":"http:\/\/www.pasadenahoy.com\/primero\/wp-json\/wp\/v2\/posts"}],"about":[{"href":"http:\/\/www.pasadenahoy.com\/primero\/wp-json\/wp\/v2\/types\/post"}],"author":[{"embeddable":true,"href":"http:\/\/www.pasadenahoy.com\/primero\/wp-json\/wp\/v2\/users\/4"}],"replies":[{"embeddable":true,"href":"http:\/\/www.pasadenahoy.com\/primero\/wp-json\/wp\/v2\/comments?post=12358"}],"version-history":[{"count":2,"href":"http:\/\/www.pasadenahoy.com\/primero\/wp-json\/wp\/v2\/posts\/12358\/revisions"}],"predecessor-version":[{"id":12361,"href":"http:\/\/www.pasadenahoy.com\/primero\/wp-json\/wp\/v2\/posts\/12358\/revisions\/12361"}],"wp:attachment":[{"href":"http:\/\/www.pasadenahoy.com\/primero\/wp-json\/wp\/v2\/media?parent=12358"}],"wp:term":[{"taxonomy":"category","embeddable":true,"href":"http:\/\/www.pasadenahoy.com\/primero\/wp-json\/wp\/v2\/categories?post=12358"},{"taxonomy":"post_tag","embeddable":true,"href":"http:\/\/www.pasadenahoy.com\/primero\/wp-json\/wp\/v2\/tags?post=12358"}],"curies":[{"name":"wp","href":"https:\/\/api.w.org\/{rel}","templated":true}]}}