{"id":12369,"date":"2021-11-12T15:09:22","date_gmt":"2021-11-12T15:09:22","guid":{"rendered":"http:\/\/www.pasadenahoy.com\/primero\/?p=12369"},"modified":"2021-11-12T15:09:25","modified_gmt":"2021-11-12T15:09:25","slug":"pasadena-honra-a-su-familia-militar","status":"publish","type":"post","link":"http:\/\/www.pasadenahoy.com\/primero\/la-comunidad\/pasadena-honra-a-su-familia-militar\/","title":{"rendered":"Pasadena honra a su familia militar"},"content":{"rendered":"\n<figure class=\"wp-block-embed-vimeo wp-block-embed is-type-video is-provider-vimeo wp-embed-aspect-16-9 wp-has-aspect-ratio\"><div class=\"wp-block-embed__wrapper\">\n<iframe loading=\"lazy\" title=\"Pasadena Veterans Day Ceremony 2021\" src=\"https:\/\/player.vimeo.com\/video\/645208219?h=dda81b1f0d&amp;dnt=1&amp;app_id=122963\" width=\"740\" height=\"416\" frameborder=\"0\" allow=\"autoplay; fullscreen; picture-in-picture\" allowfullscreen><\/iframe>\n<\/div><\/figure>\n\n\n\n<p>Bajo un cielo azul ardiente y temperaturas de 80 grados, la Ciudad de Pasadena, junto con el resto de la naci\u00f3n, hizo una pausa el jueves 11 de noviembre para honrar y recordar a sus veteranos militares en el D\u00eda de los Veteranos.<\/p>\n\n\n\n<p>El alcalde V\u00edctor Gordo salud\u00f3 a m\u00e1s de un centenar de invitados y homenajeados reunidos en las escalinatas del Ayuntamiento y dijo: \u201cHoy honramos los sacrificios que han hecho tantos, durante tantas generaciones, solo para asegurarnos de que hoy tenemos el derecho a llamamos a nosotros mismos ciudadanos estadounidenses, que hoy tenemos el derecho a votar en una democracia y tenemos representantes que nos sirven en este gran pa\u00eds &#8220;.<\/p>\n\n\n\n<p>Despu\u00e9s de la llamada a los colores por la Guardia de Color ROTC Junior de Blair High School, el alcalde Gordo encabez\u00f3 el Juramento a la Bandera y present\u00f3 a la capell\u00e1n Mayor Brenda Threatt de la Guardia Estatal de California, quien pronunci\u00f3 la invocaci\u00f3n de apertura.<\/p>\n\n\n\n<p>Luego, Gordo le entreg\u00f3 el evento al maestro de ceremonias, el ex alcalde Terry Tornek, quien es un veterano del Ej\u00e9rcito de los EE. UU.<\/p>\n\n\n\n<p>Monet Bagneris Tolbert, hija del fiscal de la ciudad de Pasadena, Michele Bagneris, realiz\u00f3 una versi\u00f3n acapella de &#8220;The Star Spangled Banner&#8221; para abrir el programa de la ma\u00f1ana.<\/p>\n\n\n\n<p>La Supervisora \u200b\u200bdel Quinto Distrito del Condado de Los \u00c1ngeles, Kathryn Barger, dijo a la multitud: &#8220;Es un placer reconocer a los hombres y mujeres que sirvieron tan valientemente a nuestra naci\u00f3n y celebrar las generaciones de quienes han asumido el mando del servicio en el ej\u00e9rcito de los EE. UU.&#8221;<\/p>\n\n\n\n<p>Barger continu\u00f3: &#8220;A las familias Gold Star que han renunciado a sus seres queridos, Dios los bendiga&#8221;.<\/p>\n\n\n\n<p>Barger lament\u00f3 el caso de los veteranos que no han podido obtener servicios de la Administraci\u00f3n de Veteranos, calific\u00e1ndolo de &#8220;problema local&#8221;.<\/p>\n\n\n\n<p>\u201cDebemos asegurarnos de que no se escurran entre las grietas. Tenemos la responsabilidad moral de no permitir que nuestros veteranos fracasen &#8220;, dijo, antes de anunciar la creaci\u00f3n de una organizaci\u00f3n en todo el condado llamada Veteran&#8217;s Peer Access Network (JPAN) con cinco&#8221; puntos de reuni\u00f3n &#8220;en los cinco distritos del condado, donde los veteranos puede conectarse con sus compa\u00f1eros dentro de sus comunidades.<\/p>\n\n\n\n<p>\u201cEsto permite que los veteranos reciban apoyo de alguien que comprenda las experiencias de primera mano\u201d, dijo Barger.<\/p>\n\n\n\n<p>La organizaci\u00f3n es la primera de este tipo en el estado, agreg\u00f3.<\/p>\n\n\n\n<p>Luego, el ex alcalde Tornek present\u00f3 a las familias Gold Star que estaban presentes entre la multitud antes de que los escoceses de Pasadena realizaran el tradicional &#8220;Amazing Grace&#8221;.<\/p>\n\n\n\n<p>El orador principal de la Guardia Estatal de California, el General de Brigada David Smith, ex piloto de bombardero B-52 y Asistente Especial del Comandante del Departamento Militar de California de la Guardia Estatal de California (CSG), habl\u00f3 modestamente de su larga carrera antes de ser felizmente interrumpido por el Escuadr\u00f3n C\u00f3ndor que vol\u00f3 un formaci\u00f3n apretada sobre el grupo reunido a las 11:11 am<\/p>\n\n\n\n<p>Smith finaliz\u00f3 su presentaci\u00f3n explicando su t\u00edtulo: \u201cThree Seconds. Smith dijo que el n\u00famero representa el tiempo que tom\u00f3 saludar a las familias Gold Star al presentarles la bandera de Estados Unidos.<\/p>\n\n\n\n<p>Los tres segundos representan el tiempo que lleva levantar lentamente la mano hacia la gorra para saludarlos, explic\u00f3. Un compa\u00f1ero le explic\u00f3 que en esos tres segundos, uno ordena sus pensamientos en medio de un momento tan abrumadoramente emocional.<\/p>\n\n\n\n<p>\u201c&#8217;Solo cuenta hasta tres&#8217;\u201d, dijo. &#8220;Es totalmente insignificante para la p\u00e9rdida y el sacrificio de nuestros grandes compatriotas, totalmente insignificante, pero al final del d\u00eda, son esos tres segundos, solo esos tres segundos&#8221;.<\/p>\n\n\n\n<p>Luego se tocaron himnos para el ej\u00e9rcito, la marina, los infantes de marina, la guardia costera y la fuerza a\u00e9rea mientras los soldados, marineros, aviadores e infantes de marina se elevaban apropiadamente.<\/p>\n\n\n\n<p>Mientras un par de trompetistas del PCC sonaban &#8220;Taps&#8221; para innumerables soldados ca\u00eddos, la multitud de familias militares, amigos y simpatizantes regres\u00f3 a casa, sombr\u00eda y orgullosa.<\/p>\n","protected":false},"excerpt":{"rendered":"<p>Bajo un cielo azul ardiente y temperaturas de 80 grados, la Ciudad de Pasadena, junto con el resto de la naci\u00f3n, hizo una pausa el jueves 11 de noviembre para honrar y recordar a sus veteranos militares en el D\u00eda de los Veteranos. El alcalde V\u00edctor Gordo salud\u00f3 a m\u00e1s de un centenar de invitados y homenajeados reunidos en las escalinatas del Ayuntamiento y dijo: \u201cHoy honramos los sacrificios que han hecho tantos, durante tantas generaciones, solo para asegurarnos de [&hellip;]<\/p>\n","protected":false},"author":4,"featured_media":12370,"comment_status":"open","ping_status":"closed","sticky":false,"template":"","format":"standard","meta":[],"categories":[4],"tags":[],"acf":[],"_links":{"self":[{"href":"http:\/\/www.pasadenahoy.com\/primero\/wp-json\/wp\/v2\/posts\/12369"}],"collection":[{"href":"http:\/\/www.pasadenahoy.com\/primero\/wp-json\/wp\/v2\/posts"}],"about":[{"href":"http:\/\/www.pasadenahoy.com\/primero\/wp-json\/wp\/v2\/types\/post"}],"author":[{"embeddable":true,"href":"http:\/\/www.pasadenahoy.com\/primero\/wp-json\/wp\/v2\/users\/4"}],"replies":[{"embeddable":true,"href":"http:\/\/www.pasadenahoy.com\/primero\/wp-json\/wp\/v2\/comments?post=12369"}],"version-history":[{"count":2,"href":"http:\/\/www.pasadenahoy.com\/primero\/wp-json\/wp\/v2\/posts\/12369\/revisions"}],"predecessor-version":[{"id":12372,"href":"http:\/\/www.pasadenahoy.com\/primero\/wp-json\/wp\/v2\/posts\/12369\/revisions\/12372"}],"wp:featuredmedia":[{"embeddable":true,"href":"http:\/\/www.pasadenahoy.com\/primero\/wp-json\/wp\/v2\/media\/12370"}],"wp:attachment":[{"href":"http:\/\/www.pasadenahoy.com\/primero\/wp-json\/wp\/v2\/media?parent=12369"}],"wp:term":[{"taxonomy":"category","embeddable":true,"href":"http:\/\/www.pasadenahoy.com\/primero\/wp-json\/wp\/v2\/categories?post=12369"},{"taxonomy":"post_tag","embeddable":true,"href":"http:\/\/www.pasadenahoy.com\/primero\/wp-json\/wp\/v2\/tags?post=12369"}],"curies":[{"name":"wp","href":"https:\/\/api.w.org\/{rel}","templated":true}]}}