{"id":12373,"date":"2021-11-12T15:15:22","date_gmt":"2021-11-12T15:15:22","guid":{"rendered":"http:\/\/www.pasadenahoy.com\/primero\/?p=12373"},"modified":"2021-11-12T15:15:24","modified_gmt":"2021-11-12T15:15:24","slug":"el-grupo-de-trabajo-de-redistribucion-de-distritos-recomienda-cambios-leves-en-los-limites-en-tres-distritos-del-concejo-municipal","status":"publish","type":"post","link":"http:\/\/www.pasadenahoy.com\/primero\/el-gobierno-local\/el-grupo-de-trabajo-de-redistribucion-de-distritos-recomienda-cambios-leves-en-los-limites-en-tres-distritos-del-concejo-municipal\/","title":{"rendered":"El Grupo de Trabajo de Redistribuci\u00f3n de Distritos recomienda cambios leves en los l\u00edmites en tres distritos del Concejo Municipal"},"content":{"rendered":"\n<figure class=\"wp-block-image alignnone size-large\"><figure class=\"alignnone\"><img loading=\"lazy\" width=\"700\" height=\"378\" src=\"http:\/\/www.pasadenahoy.com\/primero\/wp-content\/uploads\/2021\/11\/pic-2-7.jpg\" alt=\"\" class=\"wp-image-12374\" srcset=\"http:\/\/www.pasadenahoy.com\/primero\/wp-content\/uploads\/2021\/11\/pic-2-7.jpg 700w, http:\/\/www.pasadenahoy.com\/primero\/wp-content\/uploads\/2021\/11\/pic-2-7-300x162.jpg 300w, http:\/\/www.pasadenahoy.com\/primero\/wp-content\/uploads\/2021\/11\/pic-2-7-241x130.jpg 241w, http:\/\/www.pasadenahoy.com\/primero\/wp-content\/uploads\/2021\/11\/pic-2-7-333x180.jpg 333w, http:\/\/www.pasadenahoy.com\/primero\/wp-content\/uploads\/2021\/11\/pic-2-7-360x194.jpg 360w\" sizes=\"100vw\" \/><figcaption><span class=\"caption-text\">Redistribuci\u00f3n de distritos en Pasadena, cortes\u00eda de CityofPasadena.net<\/span><\/figcaption><\/figure><\/figure>\n\n\n\n<p>Una recomendaci\u00f3n final del informe del Grupo de Trabajo de Redistribuci\u00f3n de Distritos conducir\u00eda a cambios leves en los l\u00edmites de votaci\u00f3n, lo que resultar\u00eda en que 2,610 residentes de Pasadena se mudar\u00edan de su distrito actual del Concejo Municipal a uno diferente.<\/p>\n\n\n\n<p>Solo tres distritos se ver\u00edan afectados por la reorganizaci\u00f3n.<\/p>\n\n\n\n<p>En total, 1,625 residentes del Distrito 6 se convertir\u00edan en votantes del Distrito 7 y 985 votantes del Distrito 7 se trasladar\u00edan al Distrito 2.<\/p>\n\n\n\n<p>Debido a los cambios, 693 personas tendr\u00e1n que esperar hasta el ciclo de votaci\u00f3n de 2024 antes de poder votar en las pr\u00f3ximas elecciones al Concejo Municipal.<\/p>\n\n\n\n<p>El grupo de trabajo adopt\u00f3 un mapa de desviaci\u00f3n del 10%.<\/p>\n\n\n\n<p>Seg\u00fan redistrictingonline.org, un recurso educativo no partidista que busca educar, informar y compartir recursos relacionados con la redistribuci\u00f3n de distritos.<\/p>\n\n\n\n<p>\u201cEl est\u00e1ndar de poblaci\u00f3n igual o\u201c una persona, un voto requiere igualdad de poblaci\u00f3n general entre distritos, pero no hay un n\u00famero o porcentaje preciso que defina la constitucionalidad. En cambio, la Corte Suprema interpreta este requisito constitucional para los distritos del Congreso en el sentido de &#8220;igualdad estricta&#8221;, y para los mapas legislativos y otros mapas locales, los distritos solo deben ser &#8220;sustancialmente iguales&#8221;. En la pr\u00e1ctica, ha surgido un est\u00e1ndar claro para los mapas legislativos y locales en el que los tribunales consideran que las desviaciones totales superiores al 10% son constitucionalmente sospechosas &#8220;.<\/p>\n\n\n\n<p>El Ayuntamiento considerar\u00e1 la recomendaci\u00f3n el lunes.<\/p>\n\n\n\n<p>\u201cEl Grupo de Trabajo trabaj\u00f3 arduamente para presentar un mapa que cumpla con las pautas federales y estatales y tome en consideraci\u00f3n las preferencias del liderazgo y los miembros de nuestra comunidad\u201d, dijo Patrice Marshall McKenzie, quien fue nombrado miembro del grupo de trabajo como miembro general por el alcalde V\u00edctor Gordo. \u201cEn \u00faltima instancia, el mapa que se present\u00f3 al Concejo Municipal permite a las comunidades m\u00e1s vulnerables elegir representantes mientras intentan minimizar los cambios significativos de poblaci\u00f3n. Es un proceso que no es perfecto, pero nuestro objetivo era limitar los impactos adversos al mayor n\u00famero de personas &#8220;.<\/p>\n\n\n\n<p>El cambio en las filas de votaci\u00f3n tambi\u00e9n permitir\u00eda que el Distrito 2 se convierta en el segundo distrito del consejo que represente a los residentes al norte y al sur de Colorado Boulevard.<\/p>\n\n\n\n<p>Tradicionalmente, cada distrito del consejo representa parte de Colorado Boulevard.<\/p>\n\n\n\n<p>&#8220;El plan recomendado equilibra las poblaciones del distrito mediante una rotaci\u00f3n en sentido antihorario&#8221;, seg\u00fan un informe del personal en la agenda del Concejo Municipal del lunes. &#8220;El Distrito 6 cede la poblaci\u00f3n al Distrito 7 y el Distrito 7 cede la poblaci\u00f3n al Distrito 2&#8221;.<\/p>\n\n\n\n<p>La recomendaci\u00f3n tambi\u00e9n incluye un pron\u00f3stico de cambios importantes en los pr\u00f3ximos 10 a\u00f1os debido a una serie de factores, y pidi\u00f3 a los funcionarios electos que conversen con sus electores sobre los impactos de esos cambios antes en el pr\u00f3ximo ciclo de redistribuci\u00f3n de distritos.<\/p>\n\n\n\n<p>\u201cObservando la posibilidad de cambios importantes en la ciudad para el pr\u00f3ximo ciclo de redistribuci\u00f3n de distritos, incluida la adquisici\u00f3n y el desarrollo del tal\u00f3n de la autopista 710, el aumento de viviendas creadas por el proyecto Parsons y las nuevas leyes estatales, teniendo en cuenta los recientes recuentos insuficientes en las poblaciones del noroeste de Pasadena, y El sentimiento creciente por la consolidaci\u00f3n de la representaci\u00f3n del Concejo Municipal en el \u00e1rea del Centro \/ Distrito Central, se recomienda encarecidamente que el Concejo Municipal trabaje para comprender los impactos significativos que estos factores tendr\u00e1n en el pr\u00f3ximo ciclo de redistribuci\u00f3n de distritos, y comience la discusi\u00f3n comunitaria y la comprensi\u00f3n de estos impactos antes y antes del trabajo del pr\u00f3ximo Grupo de Trabajo de Redistribuci\u00f3n de Distritos \u201d, afirma el informe.<\/p>\n\n\n\n<p>En este ciclo, los principales principios u objetivos considerados por el grupo de trabajo al desarrollar el plan recomendado fueron:<\/p>\n\n\n\n<p>\u2022 Una persona, un voto: el est\u00e1ndar de poblaci\u00f3n equitativa establecido de conformidad con los Estatutos de la Ciudad, el C\u00f3digo Electoral de California y el requisito de protecci\u00f3n equitativa de la 14\u00aa enmienda. El mapa recomendado mantiene el saldo general del plan por debajo del umbral del 10% considerado &#8220;presuntamente constitucional&#8221;.<\/p>\n\n\n\n<p>\u2022 Cumplimiento de la Ley de Derechos Electorales: El plan recomendado no da como resultado la diluci\u00f3n o disminuci\u00f3n del poder de voto de ninguna poblaci\u00f3n demogr\u00e1fica o \u00e9tnica de la ciudad.<\/p>\n\n\n\n<p>\u2022 Contig\u00fcidad: El plan recomendado cumple con el requisito de la Ley de Mapas Justos de California de que todos los distritos sean contiguos.<\/p>\n\n\n\n<p>\u2022 Comunidades de inter\u00e9s: el plan recomendado conserva el cuidadoso respeto del mapa del distrito anterior por las comunidades de inter\u00e9s en toda la ciudad. El grupo de trabajo recibi\u00f3 una amplia aportaci\u00f3n del p\u00fablico sobre las comunidades de inter\u00e9s en toda la ciudad en funci\u00f3n de las caracter\u00edsticas sociales y demogr\u00e1ficas, incluida la edad, el origen \u00e9tnico, la propiedad de la vivienda, los niveles de pobreza, el nivel educativo y los patrones de ingresos; informaci\u00f3n sobre \u00e1reas de asociaci\u00f3n de vecinos y aportes del p\u00fablico sobre comunidades y barrios.<\/p>\n\n\n\n<p>\u2022 Compacidad: El mapa recomendado es compacto siempre que sea posible sin violar los criterios de mayor prioridad como se especifica en la ley estatal y federal.<\/p>\n\n\n\n<p>\u2022 Continuidad de R <\/p>\n\n\n\n<p>epresentaci\u00f3n: El plan recomendado minimiza el n\u00famero de personas cuya representaci\u00f3n cambiar\u00eda debido a los nuevos l\u00edmites.<\/p>\n\n\n\n<p>\u2022 L\u00edmites reconocibles: El plan recomendado mantiene los l\u00edmites principales de Arroyo Seco y la mayor parte de Colorado Boulevard.<\/p>\n\n\n\n<p>\u2022 La tradici\u00f3n de que todos los distritos se conecten con Colorado Boulevard: Dada la ubicaci\u00f3n central de Colorado Boulevard y la importancia para la ciudad en general, todos los distritos del Consejo de Pasadena se han conectado con Colorado Boulevard desde el cambio inicial de la Ciudad a las elecciones por distrito. El plan recomendado conserva esa conexi\u00f3n, con una excepci\u00f3n: el Distrito 2 se une al Distrito 4 para tener poblaci\u00f3n en ambos lados de Colorado Boulevard.<\/p>\n\n\n\n<p>Cada 10 a\u00f1os, la ciudad de Pasadena utiliza datos del censo decenal para ajustar los l\u00edmites de los distritos del Concejo Municipal para igualar la poblaci\u00f3n entre los siete distritos de la ciudad.<\/p>\n\n\n\n<p>Seg\u00fan esos datos, los residentes blancos todav\u00eda constituyen la mayor\u00eda de la poblaci\u00f3n de la ciudad con un 36,7%. Los residentes latinos constituyen el 33% de la poblaci\u00f3n de la ciudad, seguidos por los residentes asi\u00e1ticos con un 16.9% y los residentes afroamericanos con un 8.5%.<\/p>\n\n\n\n<p>Los residentes latinos constituyen la mayor\u00eda de la poblaci\u00f3n en los distritos 1, 3 y 5 del Concejo Municipal, con 49,7%, 48,1% y 51,4%, respectivamente.<\/p>\n\n\n\n<p>\u201cEl TF pas\u00f3 el mayor tiempo posible participando y escuchando a las comunidades de inter\u00e9s y a nuestros residentes\u201d, dijo la ex concejal del Distrito 2 Margaret McAustin, quien fue nombrada para el grupo de trabajo en el Distrito 2. \u201cLos mapas recomendados responden a lo que escuchamos y cumplir con la VRA [Ley de derechos de voto]. Sent\u00ed que el presidente y VG hicieron un excelente trabajo al responder a todas las preocupaciones leg\u00edtimas. Aunque los cambios fueron m\u00ednimos esta vez, podemos esperar cambios mayores despu\u00e9s del pr\u00f3ximo censo &#8220;.<\/p>\n\n\n\n<p><\/p>\n","protected":false},"excerpt":{"rendered":"<p>Una recomendaci\u00f3n final del informe del Grupo de Trabajo de Redistribuci\u00f3n de Distritos conducir\u00eda a cambios leves en los l\u00edmites de votaci\u00f3n, lo que resultar\u00eda en que 2,610 residentes de Pasadena se mudar\u00edan de su distrito actual del Concejo Municipal a uno diferente. Solo tres distritos se ver\u00edan afectados por la reorganizaci\u00f3n. En total, 1,625 residentes del Distrito 6 se convertir\u00edan en votantes del Distrito 7 y 985 votantes del Distrito 7 se trasladar\u00edan al Distrito 2. Debido a los [&hellip;]<\/p>\n","protected":false},"author":4,"featured_media":12374,"comment_status":"open","ping_status":"closed","sticky":false,"template":"","format":"standard","meta":[],"categories":[6],"tags":[],"acf":[],"_links":{"self":[{"href":"http:\/\/www.pasadenahoy.com\/primero\/wp-json\/wp\/v2\/posts\/12373"}],"collection":[{"href":"http:\/\/www.pasadenahoy.com\/primero\/wp-json\/wp\/v2\/posts"}],"about":[{"href":"http:\/\/www.pasadenahoy.com\/primero\/wp-json\/wp\/v2\/types\/post"}],"author":[{"embeddable":true,"href":"http:\/\/www.pasadenahoy.com\/primero\/wp-json\/wp\/v2\/users\/4"}],"replies":[{"embeddable":true,"href":"http:\/\/www.pasadenahoy.com\/primero\/wp-json\/wp\/v2\/comments?post=12373"}],"version-history":[{"count":2,"href":"http:\/\/www.pasadenahoy.com\/primero\/wp-json\/wp\/v2\/posts\/12373\/revisions"}],"predecessor-version":[{"id":12376,"href":"http:\/\/www.pasadenahoy.com\/primero\/wp-json\/wp\/v2\/posts\/12373\/revisions\/12376"}],"wp:featuredmedia":[{"embeddable":true,"href":"http:\/\/www.pasadenahoy.com\/primero\/wp-json\/wp\/v2\/media\/12374"}],"wp:attachment":[{"href":"http:\/\/www.pasadenahoy.com\/primero\/wp-json\/wp\/v2\/media?parent=12373"}],"wp:term":[{"taxonomy":"category","embeddable":true,"href":"http:\/\/www.pasadenahoy.com\/primero\/wp-json\/wp\/v2\/categories?post=12373"},{"taxonomy":"post_tag","embeddable":true,"href":"http:\/\/www.pasadenahoy.com\/primero\/wp-json\/wp\/v2\/tags?post=12373"}],"curies":[{"name":"wp","href":"https:\/\/api.w.org\/{rel}","templated":true}]}}