{"id":12381,"date":"2021-11-12T15:23:34","date_gmt":"2021-11-12T15:23:34","guid":{"rendered":"http:\/\/www.pasadenahoy.com\/primero\/?p=12381"},"modified":"2021-11-12T15:23:36","modified_gmt":"2021-11-12T15:23:36","slug":"miembro-de-una-pandilla-buscado-es-arrestado-luego-de-un-tiroteo-en-pasadena","status":"publish","type":"post","link":"http:\/\/www.pasadenahoy.com\/primero\/la-comunidad\/miembro-de-una-pandilla-buscado-es-arrestado-luego-de-un-tiroteo-en-pasadena\/","title":{"rendered":"Miembro de una pandilla buscado es arrestado luego de un tiroteo en Pasadena"},"content":{"rendered":"\n<figure class=\"wp-block-image alignnone size-large\"><figure class=\"alignnone\"><img loading=\"lazy\" width=\"700\" height=\"378\" src=\"http:\/\/www.pasadenahoy.com\/primero\/wp-content\/uploads\/2021\/11\/pic-4-1.png\" alt=\"\" class=\"wp-image-12382\" srcset=\"http:\/\/www.pasadenahoy.com\/primero\/wp-content\/uploads\/2021\/11\/pic-4-1.png 700w, http:\/\/www.pasadenahoy.com\/primero\/wp-content\/uploads\/2021\/11\/pic-4-1-300x162.png 300w, http:\/\/www.pasadenahoy.com\/primero\/wp-content\/uploads\/2021\/11\/pic-4-1-241x130.png 241w, http:\/\/www.pasadenahoy.com\/primero\/wp-content\/uploads\/2021\/11\/pic-4-1-333x180.png 333w, http:\/\/www.pasadenahoy.com\/primero\/wp-content\/uploads\/2021\/11\/pic-4-1-360x194.png 360w\" sizes=\"100vw\" \/><figcaption><span class=\"caption-text\">\u00a9 Colaboradores de OpenStreetMap<\/span><\/figcaption><\/figure><\/figure>\n\n\n\n<p>La polic\u00eda arrest\u00f3 a un pandillero documentado con \u00f3rdenes de arresto pendientes despu\u00e9s de que supuestamente abri\u00f3 fuego en un vecindario residencial en Pasadena la madrugada del jueves, dijeron las autoridades.<\/p>\n\n\n\n<p>Los oficiales estaban investigando un incidente no relacionado justo antes de la 1:40 a.m. cuando escucharon de cuatro a cinco disparos desde la cuadra 100 de East Orange Grove Boulevard, dijo el teniente de polic\u00eda de Pasadena Anthony Burgess.<\/p>\n\n\n\n<p>Mientras corr\u00edan hacia la escena, vieron a dos hombres corriendo, dijo. Uno de ellos estaba armado con una pistola.<\/p>\n\n\n\n<p>El hombre del arma corri\u00f3 hacia un complejo de apartamentos cercano, dijo Burgess. La polic\u00eda acordon\u00f3 el \u00e1rea y estableci\u00f3 un per\u00edmetro de b\u00fasqueda, con la ayuda de un helic\u00f3ptero policial y un K-9.<\/p>\n\n\n\n<p>El segundo hombre visto huyendo de la escena del tiroteo, que se cree que era el objetivo previsto de los disparos, no result\u00f3 herido, dijo Burgess. El residente de Pasadena, de 25 a\u00f1os, le dijo a la polic\u00eda que le dispararon mientras recuperaba una entrega de comida y que no pudo ver claramente al tirador.<\/p>\n\n\n\n<p>Los oficiales finalmente encontraron y detuvieron al sospechoso en el complejo de apartamentos, dijo. Los oficiales lo identificaron como el hombre que hab\u00eda sido visto con la pistola, pero no se encontr\u00f3 el arma en s\u00ed.<\/p>\n\n\n\n<p>Larry Thomas Fuller, de 54 a\u00f1os, de Pasadena fue arrestado bajo sospecha de ser un delincuente convicto en posesi\u00f3n de una pistola, as\u00ed como una orden de libertad previa sin fianza relacionada con el mismo presunto delito, seg\u00fan la polic\u00eda y los registros de registro del condado de Los \u00c1ngeles. Tambi\u00e9n fue acusado de violar los t\u00e9rminos de la libertad condicional.<\/p>\n\n\n\n<p>Los resultados de una prueba de residuos de bala en las manos de Fuller estaban pendientes, dijo Burgess.<\/p>\n\n\n\n<p>Estaba detenido sin derecho a fianza en espera de su comparecencia inicial ante el tribunal, seg\u00fan muestran los registros.<\/p>\n\n\n\n<p>Cualquier persona que tenga informaci\u00f3n puede comunicarse con el Departamento de Polic\u00eda de Pasadena al tel\u00e9fono (626) 744-4501. Las pistas tambi\u00e9n se pueden enviar de forma an\u00f3nima a<a href=\"https:\/\/t.sidekickopen90.com\/s3t\/c\/5\/f18dQhb0S7kv8cp85kW21GymG59hl3kW7_k2847sCHKtMtftXPvM6wGW1Hnf132bzNKBf9hCY6701?te=W3R5hFj4cm2zwW4mKLS-3ZSy7xW3T0Ww14fLMZqW3K8R3x43Wg2w0&amp;si=6034060113739776&amp;pi=c863aeb5-2a31-45b3-8dfd-3cefdb79da31\"> L.A. Regional Crime Stoppers<\/a> al (800) 222-8477.<\/p>\n","protected":false},"excerpt":{"rendered":"<p>La polic\u00eda arrest\u00f3 a un pandillero documentado con \u00f3rdenes de arresto pendientes despu\u00e9s de que supuestamente abri\u00f3 fuego en un vecindario residencial en Pasadena la madrugada del jueves, dijeron las autoridades. Los oficiales estaban investigando un incidente no relacionado justo antes de la 1:40 a.m. cuando escucharon de cuatro a cinco disparos desde la cuadra 100 de East Orange Grove Boulevard, dijo el teniente de polic\u00eda de Pasadena Anthony Burgess. Mientras corr\u00edan hacia la escena, vieron a dos hombres corriendo, [&hellip;]<\/p>\n","protected":false},"author":4,"featured_media":0,"comment_status":"open","ping_status":"closed","sticky":false,"template":"","format":"standard","meta":[],"categories":[4],"tags":[],"acf":[],"_links":{"self":[{"href":"http:\/\/www.pasadenahoy.com\/primero\/wp-json\/wp\/v2\/posts\/12381"}],"collection":[{"href":"http:\/\/www.pasadenahoy.com\/primero\/wp-json\/wp\/v2\/posts"}],"about":[{"href":"http:\/\/www.pasadenahoy.com\/primero\/wp-json\/wp\/v2\/types\/post"}],"author":[{"embeddable":true,"href":"http:\/\/www.pasadenahoy.com\/primero\/wp-json\/wp\/v2\/users\/4"}],"replies":[{"embeddable":true,"href":"http:\/\/www.pasadenahoy.com\/primero\/wp-json\/wp\/v2\/comments?post=12381"}],"version-history":[{"count":2,"href":"http:\/\/www.pasadenahoy.com\/primero\/wp-json\/wp\/v2\/posts\/12381\/revisions"}],"predecessor-version":[{"id":12384,"href":"http:\/\/www.pasadenahoy.com\/primero\/wp-json\/wp\/v2\/posts\/12381\/revisions\/12384"}],"wp:attachment":[{"href":"http:\/\/www.pasadenahoy.com\/primero\/wp-json\/wp\/v2\/media?parent=12381"}],"wp:term":[{"taxonomy":"category","embeddable":true,"href":"http:\/\/www.pasadenahoy.com\/primero\/wp-json\/wp\/v2\/categories?post=12381"},{"taxonomy":"post_tag","embeddable":true,"href":"http:\/\/www.pasadenahoy.com\/primero\/wp-json\/wp\/v2\/tags?post=12381"}],"curies":[{"name":"wp","href":"https:\/\/api.w.org\/{rel}","templated":true}]}}