{"id":12400,"date":"2021-11-15T15:09:53","date_gmt":"2021-11-15T15:09:53","guid":{"rendered":"http:\/\/www.pasadenahoy.com\/primero\/?p=12400"},"modified":"2021-11-15T15:09:55","modified_gmt":"2021-11-15T15:09:55","slug":"friends-in-deed-lo-hace-oficial-refugio-para-mal-tiempo-gira-por-segundo-ano","status":"publish","type":"post","link":"http:\/\/www.pasadenahoy.com\/primero\/la-comunidad\/friends-in-deed-lo-hace-oficial-refugio-para-mal-tiempo-gira-por-segundo-ano\/","title":{"rendered":"Friends In Deed lo hace oficial; Refugio para mal tiempo gira por segundo a\u00f1o"},"content":{"rendered":"\n<figure class=\"wp-block-image alignnone size-large\"><figure class=\"alignnone\"><img loading=\"lazy\" width=\"700\" height=\"378\" src=\"http:\/\/www.pasadenahoy.com\/primero\/wp-content\/uploads\/2021\/11\/pic-2-2.png\" alt=\"\" class=\"wp-image-12401\" srcset=\"http:\/\/www.pasadenahoy.com\/primero\/wp-content\/uploads\/2021\/11\/pic-2-2.png 700w, http:\/\/www.pasadenahoy.com\/primero\/wp-content\/uploads\/2021\/11\/pic-2-2-300x162.png 300w, http:\/\/www.pasadenahoy.com\/primero\/wp-content\/uploads\/2021\/11\/pic-2-2-241x130.png 241w, http:\/\/www.pasadenahoy.com\/primero\/wp-content\/uploads\/2021\/11\/pic-2-2-333x180.png 333w, http:\/\/www.pasadenahoy.com\/primero\/wp-content\/uploads\/2021\/11\/pic-2-2-360x194.png 360w\" sizes=\"100vw\" \/><\/figure><\/figure>\n\n\n\n<p>En un comunicado a fines de la semana pasada, el director ejecutivo de Friends in Deed, el rabino Joshua Levin Grater, confirm\u00f3 que Friends In Deed se ha mudado de su refugio para mal tiempo por segundo a\u00f1o consecutivo debido al COVID-19 y los protocolos de distanciamiento social en curso.<\/p>\n\n\n\n<p>En cambio, la organizaci\u00f3n ben\u00e9fica local llevar\u00e1 a cabo noches de distribuci\u00f3n de suministros regulares y activadas por el clima, adem\u00e1s de proporcionar un n\u00famero limitado de habitaciones de motel para aquellos que se encuentran sin hogar en el \u00e1rea de Pasadena. Este programa comenzar\u00e1 a principios de enero y se extender\u00e1 hasta finales de marzo.<\/p>\n\n\n\n<p>Pasadena Now anunci\u00f3 por primera vez el cierre continuo del refugio a principios de este mes.<\/p>\n\n\n\n<p>\u201cNos complace seguir ofreciendo soluciones creativas durante la pandemia para quienes se encuentran sin hogar\u201d, dijo Grater. \u201cTodos nuestros programas han podido cambiar para hacer adaptaciones durante casi dos a\u00f1os. Un agradecimiento incre\u00edble para nuestras congregaciones locales y la ciudad de Pasadena por trabajar con nosotros para ayudar a los miembros vulnerables de nuestra comunidad, as\u00ed como a nuestra maravillosa junta, personal y voluntarios \u201d.<\/p>\n\n\n\n<p>A partir de enero, los clientes pueden visitar First United Methodist Church 500 E. Colorado Blvd., Pasadena los jueves y las noches activadas por el clima de 5 a 7 p.m.<\/p>\n\n\n\n<p>Los clientes tendr\u00e1n la oportunidad de recibir suministros, incluidos ponchos, mantas, comida y m\u00e1s. Adem\u00e1s, los jueves, los estudiantes del programa de enfermer\u00eda de Azusa Pacific University estar\u00e1n disponibles para brindar servicios de salud y cuidado de la piel.<\/p>\n\n\n\n<p>En cualquier d\u00eda de la semana cuando se pronostica que el clima ser\u00e1 m\u00e1s fr\u00edo que 40 grados o m\u00e1s del 40% de probabilidad de lluvia, Friends In Deed tambi\u00e9n tendr\u00e1 un n\u00famero limitado de estad\u00edas de una noche en una habitaci\u00f3n de motel para ofrecer a los miembros m\u00e1s vulnerables de la comunidad, incluidos ancianos, mujeres, inmunodeprimidos y personas con problemas de movilidad.<\/p>\n\n\n\n<p>Todos los d\u00edas, los miembros de la comunidad pueden llamar al 888-915-8111 para obtener informaci\u00f3n automatizada y averiguar si este programa est\u00e1 activado por la noche.<\/p>\n\n\n\n<p>&#8220;Estamos trabajando en formas de involucrar a los voluntarios para el programa de este a\u00f1o&#8221;, dice Lindsey Reed, subdirectora de Bad Weather Shelter, que est\u00e1 a cargo de la distribuci\u00f3n de suministros de este a\u00f1o. \u201c\u00a1Por \u200b\u200bahora, los voluntarios pueden ayudar a recolectar donaciones de suministros para el clima fr\u00edo para nuestra distribuci\u00f3n! Eso ser\u00eda muy util.&#8221;<\/p>\n\n\n\n<p>Friends In Deed comenz\u00f3 a ofrecer el refugio para mal tiempo en 1988 despu\u00e9s de que un hombre sin hogar muriera por dormir afuera en un banco de autob\u00fas durante un clima helado. La organizaci\u00f3n sin fines de lucro dio un paso adelante para ofrecer un respiro de las inclemencias del tiempo para los miembros de la comunidad local que no viven en su hogar. Durante m\u00e1s de 30 a\u00f1os, el refugio se llev\u00f3 a cabo en Pasadena Covenant Church en Lake Avenue, pero cuando lleg\u00f3 la pandemia, Friends In Deed tuvo que girar para adaptarse a las precauciones locales como el distanciamiento social.<\/p>\n\n\n\n<p>Durante los primeros tres meses del a\u00f1o, Friends In Deed se asoci\u00f3 con la Iglesia Presbiteriana de Pasadena en Colorado Boulevard todos los jueves y domingos para ofrecer una comida caliente, suministros como ropa y sacos de dormir, y atenci\u00f3n administrada por estudiantes de enfermer\u00eda locales en un \u00e1rea al aire libre.<\/p>\n","protected":false},"excerpt":{"rendered":"<p>En un comunicado a fines de la semana pasada, el director ejecutivo de Friends in Deed, el rabino Joshua Levin Grater, confirm\u00f3 que Friends In Deed se ha mudado de su refugio para mal tiempo por segundo a\u00f1o consecutivo debido al COVID-19 y los protocolos de distanciamiento social en curso. En cambio, la organizaci\u00f3n ben\u00e9fica local llevar\u00e1 a cabo noches de distribuci\u00f3n de suministros regulares y activadas por el clima, adem\u00e1s de proporcionar un n\u00famero limitado de habitaciones de motel [&hellip;]<\/p>\n","protected":false},"author":4,"featured_media":12401,"comment_status":"open","ping_status":"closed","sticky":false,"template":"","format":"standard","meta":[],"categories":[4],"tags":[],"acf":[],"_links":{"self":[{"href":"http:\/\/www.pasadenahoy.com\/primero\/wp-json\/wp\/v2\/posts\/12400"}],"collection":[{"href":"http:\/\/www.pasadenahoy.com\/primero\/wp-json\/wp\/v2\/posts"}],"about":[{"href":"http:\/\/www.pasadenahoy.com\/primero\/wp-json\/wp\/v2\/types\/post"}],"author":[{"embeddable":true,"href":"http:\/\/www.pasadenahoy.com\/primero\/wp-json\/wp\/v2\/users\/4"}],"replies":[{"embeddable":true,"href":"http:\/\/www.pasadenahoy.com\/primero\/wp-json\/wp\/v2\/comments?post=12400"}],"version-history":[{"count":2,"href":"http:\/\/www.pasadenahoy.com\/primero\/wp-json\/wp\/v2\/posts\/12400\/revisions"}],"predecessor-version":[{"id":12403,"href":"http:\/\/www.pasadenahoy.com\/primero\/wp-json\/wp\/v2\/posts\/12400\/revisions\/12403"}],"wp:featuredmedia":[{"embeddable":true,"href":"http:\/\/www.pasadenahoy.com\/primero\/wp-json\/wp\/v2\/media\/12401"}],"wp:attachment":[{"href":"http:\/\/www.pasadenahoy.com\/primero\/wp-json\/wp\/v2\/media?parent=12400"}],"wp:term":[{"taxonomy":"category","embeddable":true,"href":"http:\/\/www.pasadenahoy.com\/primero\/wp-json\/wp\/v2\/categories?post=12400"},{"taxonomy":"post_tag","embeddable":true,"href":"http:\/\/www.pasadenahoy.com\/primero\/wp-json\/wp\/v2\/tags?post=12400"}],"curies":[{"name":"wp","href":"https:\/\/api.w.org\/{rel}","templated":true}]}}