{"id":12404,"date":"2021-11-15T15:14:26","date_gmt":"2021-11-15T15:14:26","guid":{"rendered":"http:\/\/www.pasadenahoy.com\/primero\/?p=12404"},"modified":"2021-11-15T15:55:10","modified_gmt":"2021-11-15T15:55:10","slug":"las-hospitalizaciones-por-covid-disminuyen-en-el-condado-de-los-angeles","status":"publish","type":"post","link":"http:\/\/www.pasadenahoy.com\/primero\/la-comunidad\/las-hospitalizaciones-por-covid-disminuyen-en-el-condado-de-los-angeles\/","title":{"rendered":"Las hospitalizaciones por COVID disminuyen en el condado de Los \u00c1ngeles"},"content":{"rendered":"\n<figure class=\"wp-block-image alignnone size-large\"><figure class=\"alignnone\"><img loading=\"lazy\" width=\"700\" height=\"378\" src=\"http:\/\/www.pasadenahoy.com\/primero\/wp-content\/uploads\/2021\/11\/pic-3-6.jpg\" alt=\"\" class=\"wp-image-12440\" srcset=\"http:\/\/www.pasadenahoy.com\/primero\/wp-content\/uploads\/2021\/11\/pic-3-6.jpg 700w, http:\/\/www.pasadenahoy.com\/primero\/wp-content\/uploads\/2021\/11\/pic-3-6-300x162.jpg 300w, http:\/\/www.pasadenahoy.com\/primero\/wp-content\/uploads\/2021\/11\/pic-3-6-241x130.jpg 241w, http:\/\/www.pasadenahoy.com\/primero\/wp-content\/uploads\/2021\/11\/pic-3-6-333x180.jpg 333w, http:\/\/www.pasadenahoy.com\/primero\/wp-content\/uploads\/2021\/11\/pic-3-6-360x194.jpg 360w\" sizes=\"100vw\" \/><\/figure><\/figure>\n\n\n\n<p>El n\u00famero de pacientes con coronavirus en los hospitales del condado de Los \u00c1ngeles se redujo a 600, cayendo de 604 el s\u00e1bado, seg\u00fan las \u00faltimas cifras estatales publicadas el domingo.<\/p>\n\n\n\n<p>De esos pacientes, 163 estaban en cuidados intensivos, frente a los 170 del d\u00eda anterior.<\/p>\n\n\n\n<p>Hasta el 12 de noviembre, 17 pacientes estaban siendo tratados en Huntington Hospital por COVID-19. Tres fueron reportados en la unidad de cuidados intensivos.<\/p>\n\n\n\n<p>Los funcionarios de salud del condado informaron el domingo 979 nuevos casos de COVID-19 y seis muertes adicionales asociadas con el virus. El n\u00famero de casos y muertes probablemente refleje retrasos en los informes durante el fin de semana, seg\u00fan el Departamento de Salud P\u00fablica del Condado de Los \u00c1ngeles.<\/p>\n\n\n\n<p>Las \u00faltimas cifras llevaron el total acumulado del condado a 1,511,324 casos y 26,862 muertes desde que comenz\u00f3 la pandemia.<\/p>\n\n\n\n<p>La directora de Salud P\u00fablica, Barbara Ferrer, dijo la semana pasada que si bien el n\u00famero de casos y las hospitalizaciones diarias de COVID-19 se redujeron dr\u00e1sticamente en comparaci\u00f3n con el mismo per\u00edodo del a\u00f1o pasado, los n\u00fameros siguen siendo demasiado altos y el informe diario de muertes relacionadas con el virus sigue siendo casi id\u00e9ntico al del a\u00f1o pasado.<\/p>\n\n\n\n<p>&#8220;El n\u00famero similar de muertes es un recordatorio del poder destructivo de este virus, y el n\u00famero relativamente alto de casos y hospitalizaciones es un reflejo del dominio de la variante Delta m\u00e1s infecciosa&#8221;, dijo Ferrer durante una conferencia de prensa en l\u00ednea el viernes.<\/p>\n\n\n\n<p>Nuevamente se\u00f1al\u00f3 que el inicio de un clima m\u00e1s fresco, a pesar de la mini ola de calor de la semana pasada, ha comenzado a pasar factura en forma de tasas de infecci\u00f3n m\u00e1s altas a medida que m\u00e1s personas se re\u00fanen en el interior.<\/p>\n\n\n\n<p>\u201cReconocemos el riesgo que conlleva el clima m\u00e1s fresco y las reuniones en interiores, y quiz\u00e1s una disminuci\u00f3n de la efectividad de la vacuna. Vacunarse, ponerse los refuerzos y enmascararse en el interior y en los espacios exteriores abarrotados sigue siendo fundamental a medida que nos enfrentamos a la posibilidad real de un aumento repentino del invierno \u201d, dijo Ferrer.<\/p>\n\n\n\n<p>\u201cCiertamente, en todo el pa\u00eds y en todas partes del mundo, el clima m\u00e1s fr\u00edo ya ha tra\u00eddo aumentos significativos en los casos y, lamentablemente, en las hospitalizaciones. Ser\u00eda una tonter\u00eda no prestar atenci\u00f3n a la garant\u00eda inherente a estos aumentos. Nuestro amplio suministro de vacunas nos permite ofrecer la serie inicial a todos los mayores de 5 a\u00f1os, y refuerzos para aquellos con una protecci\u00f3n menguante, lo que nos coloca en una mejor posici\u00f3n para prevenir la tr\u00e1gica angustia que experimentamos el invierno pasado &#8220;.<\/p>\n\n\n\n<p>Pero en ausencia de un aumento importante en el ritmo de las personas que se vacunan, el condado no cumplir\u00e1 con su objetivo de tener el 80% de la poblaci\u00f3n de 12 a\u00f1os o m\u00e1s completamente vacunada para fin de a\u00f1o. Ferrer dijo que el ritmo actual de vacunaci\u00f3n deber\u00eda aumentar en un 60% para alcanzar la meta.<\/p>\n\n\n\n<p>\u201cSi bien este es un gran salto en las vacunas, ser\u00eda factible si la urgencia de este momento motiva a la gente a vacunarse, porque tenemos suficiente suministro\u201d, dijo.<\/p>\n\n\n\n<p>Hasta el martes, el 81% de los residentes del condado de 12 a\u00f1os o m\u00e1s han recibido al menos una dosis de la vacuna COVID y el 73% est\u00e1n completamente vacunados. De los 10,3 millones de habitantes del condado, el 70% ha recibido al menos una dosis y el 63% est\u00e1 completamente vacunado.<\/p>\n\n\n\n<p>Ferrer dijo que el condado ha experimentado un fuerte aumento en las \u00faltimas semanas de personas no vacunadas que terminan infectadas y hospitalizadas, mientras que el ritmo entre los residentes vacunados se ha mantenido pr\u00e1cticamente plano. Las cifras muestran que los residentes no vacunados tienen ahora siete veces m\u00e1s probabilidades de infectarse con COVID que sus contrapartes vacunados, y 44 veces m\u00e1s probabilidades de ser hospitalizados. El riesgo de muerte es 60 veces mayor entre los no vacunados, dijo Ferrer.<\/p>\n\n\n\n<p>De las m\u00e1s de 5.9 millones de personas completamente vacunadas en el condado, 72.163 dieron positivo posteriormente, para una tasa del 1.22%, dijo Ferrer. Un total de 2.424 personas vacunadas han sido hospitalizadas, con una tasa del 0,041%, y han fallecido 396, con una tasa del 0,007%.<\/p>\n\n\n\n<p>La tasa diaria promedio m\u00f3vil de personas que dan positivo por el virus sigue siendo baja, en 0.98% a partir del viernes. La tasa acumulada de casos en siete d\u00edas del condado, seg\u00fan lo estimado por los Centros para el Control y la Prevenci\u00f3n de Enfermedades de EE. UU., Ha aumentado a 98 casos por cada 100.000 habitantes. Ese n\u00famero estaba a mediados de los 70 hace dos semanas.<\/p>\n\n\n\n<p>Con 98 casos por cada 100.000 habitantes, el condado est\u00e1 a punto de ser degradado de la categor\u00eda de transmisi\u00f3n &#8220;sustancial&#8221; de los CDC a la categor\u00eda &#8220;generalizada&#8221;.<\/p>\n","protected":false},"excerpt":{"rendered":"<p>El n\u00famero de pacientes con coronavirus en los hospitales del condado de Los \u00c1ngeles se redujo a 600, cayendo de 604 el s\u00e1bado, seg\u00fan las \u00faltimas cifras estatales publicadas el domingo. De esos pacientes, 163 estaban en cuidados intensivos, frente a los 170 del d\u00eda anterior. Hasta el 12 de noviembre, 17 pacientes estaban siendo tratados en Huntington Hospital por COVID-19. Tres fueron reportados en la unidad de cuidados intensivos. Los funcionarios de salud del condado informaron el domingo 979 [&hellip;]<\/p>\n","protected":false},"author":4,"featured_media":12440,"comment_status":"open","ping_status":"closed","sticky":false,"template":"","format":"standard","meta":[],"categories":[4],"tags":[],"acf":[],"_links":{"self":[{"href":"http:\/\/www.pasadenahoy.com\/primero\/wp-json\/wp\/v2\/posts\/12404"}],"collection":[{"href":"http:\/\/www.pasadenahoy.com\/primero\/wp-json\/wp\/v2\/posts"}],"about":[{"href":"http:\/\/www.pasadenahoy.com\/primero\/wp-json\/wp\/v2\/types\/post"}],"author":[{"embeddable":true,"href":"http:\/\/www.pasadenahoy.com\/primero\/wp-json\/wp\/v2\/users\/4"}],"replies":[{"embeddable":true,"href":"http:\/\/www.pasadenahoy.com\/primero\/wp-json\/wp\/v2\/comments?post=12404"}],"version-history":[{"count":4,"href":"http:\/\/www.pasadenahoy.com\/primero\/wp-json\/wp\/v2\/posts\/12404\/revisions"}],"predecessor-version":[{"id":12442,"href":"http:\/\/www.pasadenahoy.com\/primero\/wp-json\/wp\/v2\/posts\/12404\/revisions\/12442"}],"wp:featuredmedia":[{"embeddable":true,"href":"http:\/\/www.pasadenahoy.com\/primero\/wp-json\/wp\/v2\/media\/12440"}],"wp:attachment":[{"href":"http:\/\/www.pasadenahoy.com\/primero\/wp-json\/wp\/v2\/media?parent=12404"}],"wp:term":[{"taxonomy":"category","embeddable":true,"href":"http:\/\/www.pasadenahoy.com\/primero\/wp-json\/wp\/v2\/categories?post=12404"},{"taxonomy":"post_tag","embeddable":true,"href":"http:\/\/www.pasadenahoy.com\/primero\/wp-json\/wp\/v2\/tags?post=12404"}],"curies":[{"name":"wp","href":"https:\/\/api.w.org\/{rel}","templated":true}]}}