{"id":12416,"date":"2021-11-15T15:29:48","date_gmt":"2021-11-15T15:29:48","guid":{"rendered":"http:\/\/www.pasadenahoy.com\/primero\/?p=12416"},"modified":"2021-11-15T15:29:51","modified_gmt":"2021-11-15T15:29:51","slug":"hombre-que-trabajaba-en-su-negocio-la-madrugada-del-lunes-atacado-herido","status":"publish","type":"post","link":"http:\/\/www.pasadenahoy.com\/primero\/la-comunidad\/hombre-que-trabajaba-en-su-negocio-la-madrugada-del-lunes-atacado-herido\/","title":{"rendered":"Hombre que trabajaba en su negocio la madrugada del lunes atacado, herido"},"content":{"rendered":"\n<figure class=\"wp-block-image alignnone size-large\"><figure class=\"alignnone\"><img loading=\"lazy\" width=\"700\" height=\"378\" src=\"http:\/\/www.pasadenahoy.com\/primero\/wp-content\/uploads\/2021\/11\/pic-7-1.png\" alt=\"\" class=\"wp-image-12417\" srcset=\"http:\/\/www.pasadenahoy.com\/primero\/wp-content\/uploads\/2021\/11\/pic-7-1.png 700w, http:\/\/www.pasadenahoy.com\/primero\/wp-content\/uploads\/2021\/11\/pic-7-1-300x162.png 300w, http:\/\/www.pasadenahoy.com\/primero\/wp-content\/uploads\/2021\/11\/pic-7-1-241x130.png 241w, http:\/\/www.pasadenahoy.com\/primero\/wp-content\/uploads\/2021\/11\/pic-7-1-333x180.png 333w, http:\/\/www.pasadenahoy.com\/primero\/wp-content\/uploads\/2021\/11\/pic-7-1-360x194.png 360w\" sizes=\"100vw\" \/><\/figure><\/figure>\n\n\n\n<p>Un hombre de Pasadena de unos 40 a\u00f1os que trabajaba en su negocio la madrugada del lunes sufri\u00f3 una &#8220;lesi\u00f3n grave en la cabeza&#8221; despu\u00e9s de ser agredido por dos ladrones, dijo la polic\u00eda.<\/p>\n\n\n\n<p>La v\u00edctima estaba en su tienda de art\u00edculos deportivos en la cuadra 1600 de East Washington a la 1:30 a.m. cuando escuch\u00f3 golpes en la puerta trasera de la tienda, seg\u00fan el teniente de polic\u00eda de Pasadena, Sean Dawkins.<\/p>\n\n\n\n<p>Cuando fue a investigar, la v\u00edctima descubri\u00f3 que la puerta se hab\u00eda abierto a la fuerza y \u200b\u200bfue atacada por dos ladrones enmascarados. Uno ten\u00eda una pistola.<\/p>\n\n\n\n<p>Luchando, la v\u00edctima fue arrastrada afuera, donde recibi\u00f3 un golpe en la cabeza y cay\u00f3 al suelo, dijo Dawkins.<\/p>\n\n\n\n<p>&#8220;Exigieron su dinero ya que la v\u00edctima fue retenida a punta de pistola&#8221;, dijo Dawkins.<\/p>\n\n\n\n<p>Uno de los ladrones entr\u00f3 en la tienda y sali\u00f3 poco tiempo despu\u00e9s. Ambos hombres subieron a un autom\u00f3vil de color oscuro y se dirigieron hacia el oeste por Washington Boulevard, luego giraron hacia el sur por Sierra Bonita, seg\u00fan Dawkins.<\/p>\n\n\n\n<p>No se hab\u00edan reportado p\u00e9rdidas por el robo hasta las 6 a.m.<\/p>\n\n\n\n<p>Dawkins dijo que el hombre fue transportado por param\u00e9dicos a un hospital local para recibir tratamiento por sus heridas.<\/p>\n","protected":false},"excerpt":{"rendered":"<p>Un hombre de Pasadena de unos 40 a\u00f1os que trabajaba en su negocio la madrugada del lunes sufri\u00f3 una &#8220;lesi\u00f3n grave en la cabeza&#8221; despu\u00e9s de ser agredido por dos ladrones, dijo la polic\u00eda. La v\u00edctima estaba en su tienda de art\u00edculos deportivos en la cuadra 1600 de East Washington a la 1:30 a.m. cuando escuch\u00f3 golpes en la puerta trasera de la tienda, seg\u00fan el teniente de polic\u00eda de Pasadena, Sean Dawkins. Cuando fue a investigar, la v\u00edctima descubri\u00f3 [&hellip;]<\/p>\n","protected":false},"author":4,"featured_media":0,"comment_status":"open","ping_status":"closed","sticky":false,"template":"","format":"standard","meta":[],"categories":[4],"tags":[],"acf":[],"_links":{"self":[{"href":"http:\/\/www.pasadenahoy.com\/primero\/wp-json\/wp\/v2\/posts\/12416"}],"collection":[{"href":"http:\/\/www.pasadenahoy.com\/primero\/wp-json\/wp\/v2\/posts"}],"about":[{"href":"http:\/\/www.pasadenahoy.com\/primero\/wp-json\/wp\/v2\/types\/post"}],"author":[{"embeddable":true,"href":"http:\/\/www.pasadenahoy.com\/primero\/wp-json\/wp\/v2\/users\/4"}],"replies":[{"embeddable":true,"href":"http:\/\/www.pasadenahoy.com\/primero\/wp-json\/wp\/v2\/comments?post=12416"}],"version-history":[{"count":2,"href":"http:\/\/www.pasadenahoy.com\/primero\/wp-json\/wp\/v2\/posts\/12416\/revisions"}],"predecessor-version":[{"id":12419,"href":"http:\/\/www.pasadenahoy.com\/primero\/wp-json\/wp\/v2\/posts\/12416\/revisions\/12419"}],"wp:attachment":[{"href":"http:\/\/www.pasadenahoy.com\/primero\/wp-json\/wp\/v2\/media?parent=12416"}],"wp:term":[{"taxonomy":"category","embeddable":true,"href":"http:\/\/www.pasadenahoy.com\/primero\/wp-json\/wp\/v2\/categories?post=12416"},{"taxonomy":"post_tag","embeddable":true,"href":"http:\/\/www.pasadenahoy.com\/primero\/wp-json\/wp\/v2\/tags?post=12416"}],"curies":[{"name":"wp","href":"https:\/\/api.w.org\/{rel}","templated":true}]}}