{"id":12420,"date":"2021-11-15T15:34:13","date_gmt":"2021-11-15T15:34:13","guid":{"rendered":"http:\/\/www.pasadenahoy.com\/primero\/?p=12420"},"modified":"2021-11-15T15:34:15","modified_gmt":"2021-11-15T15:34:15","slug":"lunes-por-la-manana-bullpen-car-wash-blues","status":"publish","type":"post","link":"http:\/\/www.pasadenahoy.com\/primero\/la-comunidad\/lunes-por-la-manana-bullpen-car-wash-blues\/","title":{"rendered":"Lunes por la ma\u00f1ana Bullpen: Car Wash Blues"},"content":{"rendered":"\n<figure class=\"wp-block-image alignnone size-large\"><figure class=\"alignnone\"><img loading=\"lazy\" width=\"700\" height=\"378\" src=\"http:\/\/www.pasadenahoy.com\/primero\/wp-content\/uploads\/2021\/11\/pic-8-1.jpg\" alt=\"\" class=\"wp-image-12421\" srcset=\"http:\/\/www.pasadenahoy.com\/primero\/wp-content\/uploads\/2021\/11\/pic-8-1.jpg 700w, http:\/\/www.pasadenahoy.com\/primero\/wp-content\/uploads\/2021\/11\/pic-8-1-300x162.jpg 300w, http:\/\/www.pasadenahoy.com\/primero\/wp-content\/uploads\/2021\/11\/pic-8-1-241x130.jpg 241w, http:\/\/www.pasadenahoy.com\/primero\/wp-content\/uploads\/2021\/11\/pic-8-1-333x180.jpg 333w, http:\/\/www.pasadenahoy.com\/primero\/wp-content\/uploads\/2021\/11\/pic-8-1-360x194.jpg 360w\" sizes=\"100vw\" \/><\/figure><\/figure>\n\n\n\n<p>Despu\u00e9s de la reuni\u00f3n de consentimiento del calendario de la semana pasada, el Ayuntamiento est\u00e1 de vuelta con una agenda m\u00e1s s\u00f3lida el lunes.<\/p>\n\n\n\n<p>Esperemos que haya pasado el alboroto sobre la demanda de disculpas del alcalde V\u00edctor Gordo por los comentarios que hizo sobre algunos comentaristas p\u00fablicos.<\/p>\n\n\n\n<p>El alcalde reafirm\u00f3 su convicci\u00f3n de que todo el mundo tiene derecho a opinar y llam\u00f3 a las partes interesadas a pasear por la ciudad con \u00e9l. Ser\u00eda interesante saber si alguno de los activistas que dicen querer tender puentes ha aceptado su invitaci\u00f3n.<\/p>\n\n\n\n<p>De todos modos, espere que las mismas personas que llaman sobre asuntos que no est\u00e1n en la agenda hagan las mismas demandas que el Consejo no puede asumir legalmente.<\/p>\n\n\n\n<p>Hacia adelante.<\/p>\n\n\n\n<p>El Plan Espec\u00edfico de Lincoln Avenue y el Grupo de Trabajo de Redistribuci\u00f3n de Distritos y la recomendaci\u00f3n est\u00e1n en la agenda del lunes.<\/p>\n\n\n\n<p>Ambos son extremadamente importantes, pero la redistribuci\u00f3n de distritos siempre es algo que hay que vigilar, en mi opini\u00f3n.<\/p>\n\n\n\n<p>Si se adopta, el Distrito 2, representado por Felicia Williams, ahora podr\u00eda extenderse por debajo de Colorado Boulevard junto con el Distrito 4.<\/p>\n\n\n\n<p>Este art\u00edculo podr\u00eda atraer una mezcla de personas que llaman de personas que piden un nuevo distrito en el centro de la ciudad y aquellas que elogian al grupo de trabajo por hacer cambios m\u00ednimos basados \u200b\u200ben los datos del censo.<\/p>\n\n\n\n<p>Interesante, pero realmente no espero sorpresas. El Ayuntamiento mostr\u00f3 poco apetito cuando el grupo de trabajo regres\u00f3 en busca de orientaci\u00f3n adicional.<\/p>\n\n\n\n<p>Pero la afluencia de nuevas viviendas que seguramente suceder\u00e1 tendr\u00e1 un fuerte impacto en la redistribuci\u00f3n de distritos en 10 a\u00f1os.<\/p>\n\n\n\n<p>El elemento durmiente de esta semana que generar\u00e1 comentarios y comentarios p\u00fablicos ocurrir\u00e1 en la reuni\u00f3n del Oficial de Audiencias a las 6:30 p.m. el jueves en la Junta de Apelaciones de Zonificaci\u00f3n.<\/p>\n\n\n\n<p>Los residentes locales que viven cerca de 2030 E. Colorado Blvd. han estado rechazando durante m\u00e1s de un a\u00f1o contra un lavado de autos Wild Wash.<\/p>\n\n\n\n<p>El gran problema aqu\u00ed son los impactos del tr\u00e1fico.<\/p>\n\n\n\n<p>El personal recomend\u00f3 la aprobaci\u00f3n del Permiso de Uso Condicional y el Oficial de Audiencias lo aprob\u00f3, pero el vicealcalde Andy Wilson lo llam\u00f3 para su revisi\u00f3n.<\/p>\n\n\n\n<p>Para dar paso a un lavado de autos Wild West Express, se demoler\u00edan cuatro edificios, se eliminar\u00eda un camino de entrada existente en East Colorado Boulevard, se modificar\u00edan dos accesos en San Marino Avenue, un t\u00fanel de lavado de autos de 3,490 pies cuadrados a lo largo del East Se construir\u00eda la fachada de Colorado Boulevard, se construir\u00edan dos carriles de espera para permitir que los veh\u00edculos realicen pagos en un nuevo quiosco de 75 pies cuadrados antes de ingresar al t\u00fanel de lavado de autos, y dos estructuras de equipos de aspiraci\u00f3n de 168 y 212 pies cuadrados en el estacionamiento. se construir\u00eda, seg\u00fan un informe del personal sobre el proyecto.<\/p>\n\n\n\n<p>Seg\u00fan las estimaciones de la ciudad, no se espera que el proyecto genere m\u00e1s de 300 viajes diarios, y un proyecto que genere menos de 300 viajes diarios est\u00e1 exento de proporcionar un estudio de tr\u00e1fico.<\/p>\n\n\n\n<p>Pero seg\u00fan un abogado de uso de la tierra de Pasadena, si el negocio operaba de 7 a 8 p.m. con 30 plazas de aparcamiento, 300 viajes diarios equivaldr\u00edan a que menos de un coche por plaza de aparcamiento se lave cada hora. Seg\u00fan su an\u00e1lisis, el lavado de autos podr\u00eda resultar en 990 viajes diarios.<\/p>\n\n\n\n<p>El Monday Morning Bullpen, que destaca temas importantes relacionados con el gobierno de la ciudad, aparece todos los lunes en Pasadena Now.<\/p>\n","protected":false},"excerpt":{"rendered":"<p>Despu\u00e9s de la reuni\u00f3n de consentimiento del calendario de la semana pasada, el Ayuntamiento est\u00e1 de vuelta con una agenda m\u00e1s s\u00f3lida el lunes. Esperemos que haya pasado el alboroto sobre la demanda de disculpas del alcalde V\u00edctor Gordo por los comentarios que hizo sobre algunos comentaristas p\u00fablicos. El alcalde reafirm\u00f3 su convicci\u00f3n de que todo el mundo tiene derecho a opinar y llam\u00f3 a las partes interesadas a pasear por la ciudad con \u00e9l. Ser\u00eda interesante saber si alguno [&hellip;]<\/p>\n","protected":false},"author":4,"featured_media":0,"comment_status":"open","ping_status":"closed","sticky":false,"template":"","format":"standard","meta":[],"categories":[4],"tags":[],"acf":[],"_links":{"self":[{"href":"http:\/\/www.pasadenahoy.com\/primero\/wp-json\/wp\/v2\/posts\/12420"}],"collection":[{"href":"http:\/\/www.pasadenahoy.com\/primero\/wp-json\/wp\/v2\/posts"}],"about":[{"href":"http:\/\/www.pasadenahoy.com\/primero\/wp-json\/wp\/v2\/types\/post"}],"author":[{"embeddable":true,"href":"http:\/\/www.pasadenahoy.com\/primero\/wp-json\/wp\/v2\/users\/4"}],"replies":[{"embeddable":true,"href":"http:\/\/www.pasadenahoy.com\/primero\/wp-json\/wp\/v2\/comments?post=12420"}],"version-history":[{"count":2,"href":"http:\/\/www.pasadenahoy.com\/primero\/wp-json\/wp\/v2\/posts\/12420\/revisions"}],"predecessor-version":[{"id":12423,"href":"http:\/\/www.pasadenahoy.com\/primero\/wp-json\/wp\/v2\/posts\/12420\/revisions\/12423"}],"wp:attachment":[{"href":"http:\/\/www.pasadenahoy.com\/primero\/wp-json\/wp\/v2\/media?parent=12420"}],"wp:term":[{"taxonomy":"category","embeddable":true,"href":"http:\/\/www.pasadenahoy.com\/primero\/wp-json\/wp\/v2\/categories?post=12420"},{"taxonomy":"post_tag","embeddable":true,"href":"http:\/\/www.pasadenahoy.com\/primero\/wp-json\/wp\/v2\/tags?post=12420"}],"curies":[{"name":"wp","href":"https:\/\/api.w.org\/{rel}","templated":true}]}}