{"id":12488,"date":"2021-11-17T15:22:35","date_gmt":"2021-11-17T15:22:35","guid":{"rendered":"http:\/\/www.pasadenahoy.com\/primero\/?p=12488"},"modified":"2021-11-17T15:22:37","modified_gmt":"2021-11-17T15:22:37","slug":"los-planificadores-de-la-ciudad-revisan-el-borrador-del-plan-especifico-del-distrito-central-en-una-reunion-publica","status":"publish","type":"post","link":"http:\/\/www.pasadenahoy.com\/primero\/la-comunidad\/los-planificadores-de-la-ciudad-revisan-el-borrador-del-plan-especifico-del-distrito-central-en-una-reunion-publica\/","title":{"rendered":"Los planificadores de la ciudad revisan el borrador del plan espec\u00edfico del distrito central en una reuni\u00f3n p\u00fablica"},"content":{"rendered":"\n<figure class=\"wp-block-image alignnone size-large\"><figure class=\"alignnone\"><img loading=\"lazy\" width=\"700\" height=\"378\" src=\"http:\/\/www.pasadenahoy.com\/primero\/wp-content\/uploads\/2021\/11\/pic-5-7.jpg\" alt=\"\" class=\"wp-image-12489\" srcset=\"http:\/\/www.pasadenahoy.com\/primero\/wp-content\/uploads\/2021\/11\/pic-5-7.jpg 700w, http:\/\/www.pasadenahoy.com\/primero\/wp-content\/uploads\/2021\/11\/pic-5-7-300x162.jpg 300w, http:\/\/www.pasadenahoy.com\/primero\/wp-content\/uploads\/2021\/11\/pic-5-7-241x130.jpg 241w, http:\/\/www.pasadenahoy.com\/primero\/wp-content\/uploads\/2021\/11\/pic-5-7-333x180.jpg 333w, http:\/\/www.pasadenahoy.com\/primero\/wp-content\/uploads\/2021\/11\/pic-5-7-360x194.jpg 360w\" sizes=\"100vw\" \/><\/figure><\/figure>\n\n\n\n<p>El Departamento de Planificaci\u00f3n y Desarrollo Comunitario celebr\u00f3 una discusi\u00f3n virtual comunitaria el martes sobre la actualizaci\u00f3n del Plan Espec\u00edfico del Distrito Central (CDSP).<\/p>\n\n\n\n<p>Durante el seminario web, el director del departamento, David Reyes, comparti\u00f3 con los miembros de la comunidad las consideraciones de planificaci\u00f3n para el CDSP.<\/p>\n\n\n\n<p>Un nuevo borrador de plan, que busca actualizar el CDSP adoptado en 2004, proporciona regulaciones de dise\u00f1o y uso de la tierra para un \u00e1rea de aproximadamente 800 acres en el centro de Pasadena.<\/p>\n\n\n\n<p>El plan se compone de las siguientes sub\u00e1reas: Northwest Gateway, Old Pasadena, De Lacey Village, Civic Center, Arroyo-Del Mar, Walnut Transit Village, Playhouse, In-town Residential, North Lake, Mid-Lake, South Lake y South Lake Village.<\/p>\n\n\n\n<p>En el \u00e1rea del plan se incluyen dos estaciones de la L\u00ednea Dorada de Metro, la estaci\u00f3n Del Mar y la estaci\u00f3n Memorial Park. Los otros activos notables en el \u00e1rea incluyen el edificio del Ayuntamiento y Pasadena Playhouse, Central Park, Paseo Colorado y Shops on Lake.<\/p>\n\n\n\n<p>&#8220;Lo que estamos buscando cambiar es realmente asegurarnos de que los anchos de las aceras y los contratiempos sean los adecuados&#8221;, dijo Reyes a los miembros de la comunidad.<\/p>\n\n\n\n<div class=\"wp-block-image alignright\"><figure class=\"alignright size-large\"><img loading=\"lazy\" width=\"424\" height=\"464\" src=\"http:\/\/www.pasadenahoy.com\/primero\/wp-content\/uploads\/2021\/11\/pic-5a.jpg\" alt=\"\" class=\"wp-image-12490\" srcset=\"http:\/\/www.pasadenahoy.com\/primero\/wp-content\/uploads\/2021\/11\/pic-5a.jpg 424w, http:\/\/www.pasadenahoy.com\/primero\/wp-content\/uploads\/2021\/11\/pic-5a-274x300.jpg 274w, http:\/\/www.pasadenahoy.com\/primero\/wp-content\/uploads\/2021\/11\/pic-5a-119x130.jpg 119w, http:\/\/www.pasadenahoy.com\/primero\/wp-content\/uploads\/2021\/11\/pic-5a-164x180.jpg 164w, http:\/\/www.pasadenahoy.com\/primero\/wp-content\/uploads\/2021\/11\/pic-5a-360x394.jpg 360w\" sizes=\"100vw\" \/><\/figure><\/div>\n\n\n\n<p>Reyes tambi\u00e9n dijo que el departamento tambi\u00e9n se asegurar\u00e1 de que los \u00e1rboles de la calle existentes y futuros puedan prosperar en las \u00e1reas cubiertas en el plan.<\/p>\n\n\n\n<p>\u201cS\u00e9 que muchos miembros de la comunidad han visto y se han sentido muy molestos por el desarrollo que ha resultado en la p\u00e9rdida de \u00e1rboles p\u00fablicos. Hemos pasado por un par de esos y estamos buscando evitar eso en el futuro a toda costa &#8220;.<\/p>\n\n\n\n<p>Seg\u00fan el planificador principal de la ciudad, Andre Sahakian, el departamento est\u00e1 introduciendo un requisito de acera ampliado. Actualmente, los anchos de las aceras oscilan entre los 8-11 pies. El plan propuesto requerir\u00eda un ancho de acera de 15 pies con cualquier nuevo desarrollo.<\/p>\n\n\n\n<p>El departamento tambi\u00e9n est\u00e1 introduciendo un requisito de espacio p\u00fablico abierto para proyectos residenciales y comerciales.<\/p>\n\n\n\n<p>\u201cLos nuevos proyectos comerciales tendr\u00e1n que tener requisitos de espacios abiertos y, en algunos casos, estos deben ser de acceso p\u00fablico\u201d, dijo Sahakian.<\/p>\n\n\n\n<p>Durante el seminario web, algunos residentes plantearon preocupaciones sobre la densidad y los requisitos de altura para los nuevos desarrollos. Algunos tambi\u00e9n expresaron su preocupaci\u00f3n de que las vistas a las monta\u00f1as ser\u00e1n cosa del pasado si la ciudad permite que se construyan edificios de tres a cuatro pisos en algunas \u00e1reas a lo largo de Lake Avenue.<\/p>\n\n\n\n<p>\u201cEs muy vecino y si comienzas a poner cuatro edificios de tres pisos, tiene un ambiente completamente diferente \u2026 Estamos muy preocupados por la p\u00e9rdida de las vistas de las monta\u00f1as \u201d, dijo Suzanne Boyer. Boyer es presidente de embellecimiento de la Asociaci\u00f3n de Vecinos de Madison Heights.<\/p>\n\n\n\n<p>&#8220;Estos problemas representan un impacto real y duradero en nuestra vida diaria&#8221;, dijo la asociaci\u00f3n en un correo electr\u00f3nico el martes. \u201cPor ejemplo, a muchos residentes de Madison Heights les gusta reunirse en el espacio al aire libre en Peet&#8217;s. Nos gusta ver \u201cnuestras\u201d monta\u00f1as mientras disfrutamos de nuestro caf\u00e9. \u00a1Imag\u00ednese esa esquina con una estructura construida casi hasta la acera! &#8220;<\/p>\n\n\n\n<p>Otros residentes expresaron la necesidad de proteger los recursos hist\u00f3ricos y los vecindarios existentes dentro del Distrito Central, mientras que otros expresaron la necesidad de m\u00e1s v\u00ednculos peatonales entre las \u00e1reas residenciales y los distritos comerciales.<\/p>\n\n\n\n<p>Seg\u00fan Reyes, los comentarios de los miembros de la comunidad se tendr\u00e1n en cuenta en la redacci\u00f3n de las recomendaciones del departamento a la ciudad.<\/p>\n\n\n\n<p>Reyes dijo que el departamento llevar\u00e1 el CDSP a la Comisi\u00f3n de Planificaci\u00f3n para una sesi\u00f3n de estudio el 8 de diciembre. En enero, el departamento regresar\u00e1 a la comisi\u00f3n para la consideraci\u00f3n de sus recomendaciones propuestas.<\/p>\n\n\n\n<p>La ciudad est\u00e1 actualizando ocho planes espec\u00edficos como parte del programa Our Pasadena 2018, lanzado como un paso hacia la implementaci\u00f3n del Plan General de la ciudad, que gu\u00eda el crecimiento y desarrollo futuro general dentro de la ciudad.<\/p>\n","protected":false},"excerpt":{"rendered":"<p>El Departamento de Planificaci\u00f3n y Desarrollo Comunitario celebr\u00f3 una discusi\u00f3n virtual comunitaria el martes sobre la actualizaci\u00f3n del Plan Espec\u00edfico del Distrito Central (CDSP). Durante el seminario web, el director del departamento, David Reyes, comparti\u00f3 con los miembros de la comunidad las consideraciones de planificaci\u00f3n para el CDSP. Un nuevo borrador de plan, que busca actualizar el CDSP adoptado en 2004, proporciona regulaciones de dise\u00f1o y uso de la tierra para un \u00e1rea de aproximadamente 800 acres en el centro [&hellip;]<\/p>\n","protected":false},"author":4,"featured_media":0,"comment_status":"open","ping_status":"closed","sticky":false,"template":"","format":"standard","meta":[],"categories":[4],"tags":[],"acf":[],"_links":{"self":[{"href":"http:\/\/www.pasadenahoy.com\/primero\/wp-json\/wp\/v2\/posts\/12488"}],"collection":[{"href":"http:\/\/www.pasadenahoy.com\/primero\/wp-json\/wp\/v2\/posts"}],"about":[{"href":"http:\/\/www.pasadenahoy.com\/primero\/wp-json\/wp\/v2\/types\/post"}],"author":[{"embeddable":true,"href":"http:\/\/www.pasadenahoy.com\/primero\/wp-json\/wp\/v2\/users\/4"}],"replies":[{"embeddable":true,"href":"http:\/\/www.pasadenahoy.com\/primero\/wp-json\/wp\/v2\/comments?post=12488"}],"version-history":[{"count":2,"href":"http:\/\/www.pasadenahoy.com\/primero\/wp-json\/wp\/v2\/posts\/12488\/revisions"}],"predecessor-version":[{"id":12492,"href":"http:\/\/www.pasadenahoy.com\/primero\/wp-json\/wp\/v2\/posts\/12488\/revisions\/12492"}],"wp:attachment":[{"href":"http:\/\/www.pasadenahoy.com\/primero\/wp-json\/wp\/v2\/media?parent=12488"}],"wp:term":[{"taxonomy":"category","embeddable":true,"href":"http:\/\/www.pasadenahoy.com\/primero\/wp-json\/wp\/v2\/categories?post=12488"},{"taxonomy":"post_tag","embeddable":true,"href":"http:\/\/www.pasadenahoy.com\/primero\/wp-json\/wp\/v2\/tags?post=12488"}],"curies":[{"name":"wp","href":"https:\/\/api.w.org\/{rel}","templated":true}]}}