{"id":12521,"date":"2021-11-18T15:28:47","date_gmt":"2021-11-18T15:28:47","guid":{"rendered":"http:\/\/www.pasadenahoy.com\/primero\/?p=12521"},"modified":"2021-11-18T15:28:50","modified_gmt":"2021-11-18T15:28:50","slug":"grupos-locales-seran-los-anfitriones-del-taller-de-elementos-de-vivienda-del-valle-de-san-gabriel","status":"publish","type":"post","link":"http:\/\/www.pasadenahoy.com\/primero\/la-comunidad\/grupos-locales-seran-los-anfitriones-del-taller-de-elementos-de-vivienda-del-valle-de-san-gabriel\/","title":{"rendered":"Grupos locales ser\u00e1n los anfitriones del taller de elementos de vivienda del Valle de San Gabriel"},"content":{"rendered":"\n<figure class=\"wp-block-image alignnone size-large\"><figure class=\"alignnone\"><img loading=\"lazy\" width=\"700\" height=\"378\" src=\"http:\/\/www.pasadenahoy.com\/primero\/wp-content\/uploads\/2021\/11\/pic-6-9.jpg\" alt=\"\" class=\"wp-image-12522\" srcset=\"http:\/\/www.pasadenahoy.com\/primero\/wp-content\/uploads\/2021\/11\/pic-6-9.jpg 700w, http:\/\/www.pasadenahoy.com\/primero\/wp-content\/uploads\/2021\/11\/pic-6-9-300x162.jpg 300w, http:\/\/www.pasadenahoy.com\/primero\/wp-content\/uploads\/2021\/11\/pic-6-9-241x130.jpg 241w, http:\/\/www.pasadenahoy.com\/primero\/wp-content\/uploads\/2021\/11\/pic-6-9-333x180.jpg 333w, http:\/\/www.pasadenahoy.com\/primero\/wp-content\/uploads\/2021\/11\/pic-6-9-360x194.jpg 360w\" sizes=\"100vw\" \/><\/figure><\/figure>\n\n\n\n<p>Varios grupos de vivienda organizar\u00e1n un evento en l\u00ednea para explicar c\u00f3mo las comunidades locales est\u00e1n participando e impactando los elementos de vivienda en el Valle de San Gabriel.<\/p>\n\n\n\n<p>La Alianza de Inquilinos del Valle de San Gabriel, LA Forward, la Alianza de J\u00f3venes Asi\u00e1ticos, el Consorcio de Personas sin Hogar del Valle de San Gabriel y el Centro de Recursos para Personas ser\u00e1n los anfitriones del evento de 3 a 4:30 p.m. el domingo.<\/p>\n\n\n\n<p>El elemento de vivienda es parte del plan general de una ciudad que describe que la vivienda es justa y asequible.<\/p>\n\n\n\n<p>A trav\u00e9s de elementos de vivienda, las ciudades implementan la declaraci\u00f3n de la ley estatal de que &#8220;la disponibilidad de vivienda es un asunto de vital importancia en todo el estado y el logro de una vivienda digna y un entorno de vida adecuado para todos los californianos es una prioridad del m\u00e1s alto nivel&#8221;.<\/p>\n\n\n\n<p>A nivel local, el elemento de vivienda permite que cada ciudad prepare un enfoque espec\u00edfico de la comunidad sobre c\u00f3mo y d\u00f3nde se abordar\u00e1 la vivienda para satisfacer las necesidades de la comunidad.<\/p>\n\n\n\n<p>Pasadena debe actualizar su elemento de vivienda cada ocho a\u00f1os.<\/p>\n\n\n\n<p>Los elementos deb\u00edan presentarse en California Housing and Community Development (HCD) el 15 de octubre. Las ciudades han presentado borradores al estado para recibir comentarios.<\/p>\n\n\n\n<p>\u201cDesafortunadamente, muchas ciudades no han hecho suficiente alcance, especialmente a las comunidades de clase trabajadora y comunidades de color\u201d, dijo la defensora local de la vivienda Allison Henry. \u201cLa falta de alcance y participaci\u00f3n de la comunidad se ha identificado en cartas del estado a las jurisdicciones locales. Este evento es para todos los miembros de la comunidad que est\u00e1n preocupados por los problemas y los costos de la vivienda en este momento; y aquellos que deseen evitar que se repitan las pol\u00edticas de vivienda racistas y clasistas. Cada ciudad tiene un poder tremendo para hacer algo al respecto. Las ciudades tambi\u00e9n tienen el poder de proteger los derechos de los inquilinos, mantener a las personas alojadas y preservar las viviendas asequibles que ya existen. No se necesitan conocimientos o experiencia especiales &#8220;.<\/p>\n\n\n\n<p>RSVP para el enlace de Zoom: <a href=\"https:\/\/www.laforward.institute\/events\/housing-element-action \">https:\/\/www.laforward.institute\/events\/housing-element-action <\/a>workshop<\/p>\n","protected":false},"excerpt":{"rendered":"<p>Varios grupos de vivienda organizar\u00e1n un evento en l\u00ednea para explicar c\u00f3mo las comunidades locales est\u00e1n participando e impactando los elementos de vivienda en el Valle de San Gabriel. La Alianza de Inquilinos del Valle de San Gabriel, LA Forward, la Alianza de J\u00f3venes Asi\u00e1ticos, el Consorcio de Personas sin Hogar del Valle de San Gabriel y el Centro de Recursos para Personas ser\u00e1n los anfitriones del evento de 3 a 4:30 p.m. el domingo. El elemento de vivienda es [&hellip;]<\/p>\n","protected":false},"author":4,"featured_media":0,"comment_status":"open","ping_status":"closed","sticky":false,"template":"","format":"standard","meta":[],"categories":[4],"tags":[],"acf":[],"_links":{"self":[{"href":"http:\/\/www.pasadenahoy.com\/primero\/wp-json\/wp\/v2\/posts\/12521"}],"collection":[{"href":"http:\/\/www.pasadenahoy.com\/primero\/wp-json\/wp\/v2\/posts"}],"about":[{"href":"http:\/\/www.pasadenahoy.com\/primero\/wp-json\/wp\/v2\/types\/post"}],"author":[{"embeddable":true,"href":"http:\/\/www.pasadenahoy.com\/primero\/wp-json\/wp\/v2\/users\/4"}],"replies":[{"embeddable":true,"href":"http:\/\/www.pasadenahoy.com\/primero\/wp-json\/wp\/v2\/comments?post=12521"}],"version-history":[{"count":2,"href":"http:\/\/www.pasadenahoy.com\/primero\/wp-json\/wp\/v2\/posts\/12521\/revisions"}],"predecessor-version":[{"id":12524,"href":"http:\/\/www.pasadenahoy.com\/primero\/wp-json\/wp\/v2\/posts\/12521\/revisions\/12524"}],"wp:attachment":[{"href":"http:\/\/www.pasadenahoy.com\/primero\/wp-json\/wp\/v2\/media?parent=12521"}],"wp:term":[{"taxonomy":"category","embeddable":true,"href":"http:\/\/www.pasadenahoy.com\/primero\/wp-json\/wp\/v2\/categories?post=12521"},{"taxonomy":"post_tag","embeddable":true,"href":"http:\/\/www.pasadenahoy.com\/primero\/wp-json\/wp\/v2\/tags?post=12521"}],"curies":[{"name":"wp","href":"https:\/\/api.w.org\/{rel}","templated":true}]}}