{"id":12540,"date":"2021-11-19T15:22:09","date_gmt":"2021-11-19T15:22:09","guid":{"rendered":"http:\/\/www.pasadenahoy.com\/primero\/?p=12540"},"modified":"2021-11-19T15:22:11","modified_gmt":"2021-11-19T15:22:11","slug":"caltech-lamenta-el-fallecimiento-de-ed-brown","status":"publish","type":"post","link":"http:\/\/www.pasadenahoy.com\/primero\/la-comunidad\/caltech-lamenta-el-fallecimiento-de-ed-brown\/","title":{"rendered":"Caltech lamenta el fallecimiento de Ed Brown"},"content":{"rendered":"\n<figure class=\"wp-block-image alignnone size-large\"><figure class=\"alignnone\"><img loading=\"lazy\" width=\"700\" height=\"378\" src=\"http:\/\/www.pasadenahoy.com\/primero\/wp-content\/uploads\/2021\/11\/pic-4-11.jpg\" alt=\"\" class=\"wp-image-12541\" srcset=\"http:\/\/www.pasadenahoy.com\/primero\/wp-content\/uploads\/2021\/11\/pic-4-11.jpg 700w, http:\/\/www.pasadenahoy.com\/primero\/wp-content\/uploads\/2021\/11\/pic-4-11-300x162.jpg 300w, http:\/\/www.pasadenahoy.com\/primero\/wp-content\/uploads\/2021\/11\/pic-4-11-241x130.jpg 241w, http:\/\/www.pasadenahoy.com\/primero\/wp-content\/uploads\/2021\/11\/pic-4-11-333x180.jpg 333w, http:\/\/www.pasadenahoy.com\/primero\/wp-content\/uploads\/2021\/11\/pic-4-11-360x194.jpg 360w\" sizes=\"100vw\" \/><figcaption><span class=\"caption-text\">Cr\u00e9dito de Ed Brown: Caltech<\/span><\/figcaption><\/figure><\/figure>\n\n\n\n<p>Ed Brown, gerente general de producciones de eventos en la Oficina de Comunicaciones Estrat\u00e9gicas, falleci\u00f3 el 9 de noviembre de 2021. Ten\u00eda 59 a\u00f1os.<\/p>\n\n\n\n<p>Brown se uni\u00f3 a Caltech en 2012 como dise\u00f1ador de iluminaci\u00f3n y t\u00e9cnico de escenario en los programas del campus, aportando al Instituto una amplia experiencia en artes teatrales, escritura de guiones de televisi\u00f3n y producci\u00f3n de eventos en vivo. Durante su tiempo en Caltech, trabaj\u00f3 detr\u00e1s de escena como t\u00e9cnico de escenario, gerente de eventos y, en \u00faltima instancia, como gerente de los auditorios Beckman y Ramo y la taquilla, para producir cientos de eventos y conferencias en el campus que destacaron la investigaci\u00f3n de la facultad; celebr\u00f3 las artes esc\u00e9nicas, el teatro y la m\u00fasica de c\u00e1mara; y comunidad cultivada entre los miembros del campus y m\u00e1s all\u00e1. Brown y el grupo de producci\u00f3n de eventos fueron fundamentales para el \u00e9xito de las ceremonias anuales de inauguraci\u00f3n y convocatoria del Instituto, incluidas las dos inauguraciones virtuales y las recientes celebraciones en persona que el Instituto organiz\u00f3 durante la pandemia para los estudiantes y sus familias.<\/p>\n\n\n\n<p>\u201cEd era una persona extraordinaria en un campus extraordinario\u201d, dice Diana Jergovic, vicepresidenta de implementaci\u00f3n de estrategias. \u201cTen\u00eda un dominio sin esfuerzo de su oficio, una \u00e9tica de trabajo incansable, una reserva ilimitada de bondad y una gran capacidad para la amistad. Aquellos que trabajaron de cerca con Ed lo extra\u00f1ar\u00e1n siempre &#8220;.<\/p>\n\n\n\n<p>Un colaborador de todo el campus, Brown ser\u00e1 recordado por su personalidad afable, sentido del humor, naturaleza trabajadora y capacidad para hacer amigos de compa\u00f1eros de trabajo. Expres\u00f3 su compromiso personal con la diversidad, la representaci\u00f3n y la accesibilidad, valores que mostr\u00f3 en su vida como aliado y participante en las protestas de Black Lives Matter y que aport\u00f3 a su trabajo en el campus en su enfoque de las instalaciones y la gesti\u00f3n de equipos.<\/p>\n\n\n\n<p>Brian Brophy, director de Artes Teatrales del Instituto de Tecnolog\u00eda de California (TACIT), se\u00f1al\u00f3 que Brown se desempe\u00f1\u00f3 como dise\u00f1ador de iluminaci\u00f3n para casi todos los espect\u00e1culos de TACIT desde 2010. \u201cA trav\u00e9s de la colorida mezcla de luces, Ed transport\u00f3 a la gente a otros mundos y realz\u00f3 nuestra imaginaci\u00f3n con las herramientas de su oficio: luces y sombras \u201d, dice Brophy.\u201c La gente confiaba en Ed y sab\u00eda que pod\u00edan obtener respuestas directas con un lado dulce y astuto de sarcasmo. Ten\u00eda un gran coraz\u00f3n y un ingenio r\u00e1pido y siempre encontraba formas de resolver conflictos de una manera suave &#8220;.<\/p>\n\n\n\n<p>Antes de llegar a Caltech, Brown trabaj\u00f3 durante casi una d\u00e9cada en la Universidad de Arizona, apoyando su programa UApresents. Tambi\u00e9n trabaj\u00f3 durante varios a\u00f1os como redactor de varios programas de televisi\u00f3n de los estudios ABC y CBS.<\/p>\n\n\n\n<p>A Brown le sobreviven su hijo adulto, Noah, a quien describi\u00f3 como su &#8220;mayor logro en la vida&#8221;; su padre, Phil Brown; su hermana, Mary Brown; y su ex esposa, Tamera Brown.<\/p>\n\n\n\n<p>La celebraci\u00f3n de la vida est\u00e1 prevista para el domingo 21 de noviembre de 10:30 a.m. a 11:30 a.m. en el Ateneo.<\/p>\n","protected":false},"excerpt":{"rendered":"<p>Ed Brown, gerente general de producciones de eventos en la Oficina de Comunicaciones Estrat\u00e9gicas, falleci\u00f3 el 9 de noviembre de 2021. Ten\u00eda 59 a\u00f1os. Brown se uni\u00f3 a Caltech en 2012 como dise\u00f1ador de iluminaci\u00f3n y t\u00e9cnico de escenario en los programas del campus, aportando al Instituto una amplia experiencia en artes teatrales, escritura de guiones de televisi\u00f3n y producci\u00f3n de eventos en vivo. Durante su tiempo en Caltech, trabaj\u00f3 detr\u00e1s de escena como t\u00e9cnico de escenario, gerente de eventos [&hellip;]<\/p>\n","protected":false},"author":4,"featured_media":0,"comment_status":"open","ping_status":"closed","sticky":false,"template":"","format":"standard","meta":[],"categories":[4],"tags":[],"acf":[],"_links":{"self":[{"href":"http:\/\/www.pasadenahoy.com\/primero\/wp-json\/wp\/v2\/posts\/12540"}],"collection":[{"href":"http:\/\/www.pasadenahoy.com\/primero\/wp-json\/wp\/v2\/posts"}],"about":[{"href":"http:\/\/www.pasadenahoy.com\/primero\/wp-json\/wp\/v2\/types\/post"}],"author":[{"embeddable":true,"href":"http:\/\/www.pasadenahoy.com\/primero\/wp-json\/wp\/v2\/users\/4"}],"replies":[{"embeddable":true,"href":"http:\/\/www.pasadenahoy.com\/primero\/wp-json\/wp\/v2\/comments?post=12540"}],"version-history":[{"count":2,"href":"http:\/\/www.pasadenahoy.com\/primero\/wp-json\/wp\/v2\/posts\/12540\/revisions"}],"predecessor-version":[{"id":12543,"href":"http:\/\/www.pasadenahoy.com\/primero\/wp-json\/wp\/v2\/posts\/12540\/revisions\/12543"}],"wp:attachment":[{"href":"http:\/\/www.pasadenahoy.com\/primero\/wp-json\/wp\/v2\/media?parent=12540"}],"wp:term":[{"taxonomy":"category","embeddable":true,"href":"http:\/\/www.pasadenahoy.com\/primero\/wp-json\/wp\/v2\/categories?post=12540"},{"taxonomy":"post_tag","embeddable":true,"href":"http:\/\/www.pasadenahoy.com\/primero\/wp-json\/wp\/v2\/tags?post=12540"}],"curies":[{"name":"wp","href":"https:\/\/api.w.org\/{rel}","templated":true}]}}