{"id":12544,"date":"2021-11-19T15:29:03","date_gmt":"2021-11-19T15:29:03","guid":{"rendered":"http:\/\/www.pasadenahoy.com\/primero\/?p=12544"},"modified":"2021-11-19T15:29:05","modified_gmt":"2021-11-19T15:29:05","slug":"se-extendio-el-pedido-de-no-quema-hasta-el-viernes-para-muchas-partes-de-southland","status":"publish","type":"post","link":"http:\/\/www.pasadenahoy.com\/primero\/la-comunidad\/se-extendio-el-pedido-de-no-quema-hasta-el-viernes-para-muchas-partes-de-southland\/","title":{"rendered":"Se extendi\u00f3 el pedido de no quema hasta el viernes para muchas partes de Southland"},"content":{"rendered":"\n<figure class=\"wp-block-image alignnone size-large\"><figure class=\"alignnone\"><img loading=\"lazy\" width=\"700\" height=\"379\" src=\"http:\/\/www.pasadenahoy.com\/primero\/wp-content\/uploads\/2021\/11\/pic5-2.jpg\" alt=\"\" class=\"wp-image-12545\" srcset=\"http:\/\/www.pasadenahoy.com\/primero\/wp-content\/uploads\/2021\/11\/pic5-2.jpg 700w, http:\/\/www.pasadenahoy.com\/primero\/wp-content\/uploads\/2021\/11\/pic5-2-300x162.jpg 300w, http:\/\/www.pasadenahoy.com\/primero\/wp-content\/uploads\/2021\/11\/pic5-2-240x130.jpg 240w, http:\/\/www.pasadenahoy.com\/primero\/wp-content\/uploads\/2021\/11\/pic5-2-332x180.jpg 332w, http:\/\/www.pasadenahoy.com\/primero\/wp-content\/uploads\/2021\/11\/pic5-2-360x195.jpg 360w\" sizes=\"100vw\" \/><\/figure><\/figure>\n\n\n\n<p>El Distrito de Gesti\u00f3n de la Calidad del Aire de la Costa Sur extendi\u00f3 el jueves una prohibici\u00f3n obligatoria sobre la quema de madera en interiores y exteriores en gran parte de Southland hasta el viernes por la noche debido a un pron\u00f3stico de alta contaminaci\u00f3n del aire en el \u00e1rea.<\/p>\n\n\n\n<p>La prohibici\u00f3n de quemar le\u00f1a residencial ahora se extiende hasta las 11:59 p.m. El viernes para todos aquellos en la Cuenca A\u00e9rea de la Costa Sur, incluidas las partes no des\u00e9rticas de los condados de Los \u00c1ngeles, Riverside y San Bernardino y todo el condado de Orange.<\/p>\n\n\n\n<p>La prohibici\u00f3n original hab\u00eda estado en vigor hasta las 11:59 p.m. Jueves.<\/p>\n\n\n\n<p>La orden no se aplica a las comunidades monta\u00f1osas por encima de los 3000 pies o al desierto alto. Los hogares que dependen de la madera como \u00fanica fuente de calor, los hogares de bajos ingresos y los que no tienen servicio de gas natural tambi\u00e9n est\u00e1n exentos del requisito.<\/p>\n\n\n\n<p>La regla de no quemar proh\u00edbe quemar madera, as\u00ed como troncos de fuego manufacturados, como los hechos de cera o papel.<\/p>\n\n\n\n<p>Las chimeneas de gas y otras que no sean de le\u00f1a no est\u00e1n restringidas, dijo la SCAQMD.<\/p>\n\n\n\n<p>Las part\u00edculas finas del humo de le\u00f1a, tambi\u00e9n conocidas como part\u00edculas o PM2.5, pueden penetrar profundamente en los pulmones y causar problemas respiratorios como el asma.<\/p>\n\n\n\n<p>Los residentes pueden recibir notificaciones de d\u00edas sin quema al suscribirse a Air Alerts por correo electr\u00f3nico o mensaje de texto en <a href=\"http:\/\/www.airalerts.org\/\">www.AirAlerts.org.<\/a><\/p>\n","protected":false},"excerpt":{"rendered":"<p>El Distrito de Gesti\u00f3n de la Calidad del Aire de la Costa Sur extendi\u00f3 el jueves una prohibici\u00f3n obligatoria sobre la quema de madera en interiores y exteriores en gran parte de Southland hasta el viernes por la noche debido a un pron\u00f3stico de alta contaminaci\u00f3n del aire en el \u00e1rea. La prohibici\u00f3n de quemar le\u00f1a residencial ahora se extiende hasta las 11:59 p.m. El viernes para todos aquellos en la Cuenca A\u00e9rea de la Costa Sur, incluidas las partes [&hellip;]<\/p>\n","protected":false},"author":4,"featured_media":0,"comment_status":"open","ping_status":"closed","sticky":false,"template":"","format":"standard","meta":[],"categories":[4],"tags":[],"acf":[],"_links":{"self":[{"href":"http:\/\/www.pasadenahoy.com\/primero\/wp-json\/wp\/v2\/posts\/12544"}],"collection":[{"href":"http:\/\/www.pasadenahoy.com\/primero\/wp-json\/wp\/v2\/posts"}],"about":[{"href":"http:\/\/www.pasadenahoy.com\/primero\/wp-json\/wp\/v2\/types\/post"}],"author":[{"embeddable":true,"href":"http:\/\/www.pasadenahoy.com\/primero\/wp-json\/wp\/v2\/users\/4"}],"replies":[{"embeddable":true,"href":"http:\/\/www.pasadenahoy.com\/primero\/wp-json\/wp\/v2\/comments?post=12544"}],"version-history":[{"count":2,"href":"http:\/\/www.pasadenahoy.com\/primero\/wp-json\/wp\/v2\/posts\/12544\/revisions"}],"predecessor-version":[{"id":12547,"href":"http:\/\/www.pasadenahoy.com\/primero\/wp-json\/wp\/v2\/posts\/12544\/revisions\/12547"}],"wp:attachment":[{"href":"http:\/\/www.pasadenahoy.com\/primero\/wp-json\/wp\/v2\/media?parent=12544"}],"wp:term":[{"taxonomy":"category","embeddable":true,"href":"http:\/\/www.pasadenahoy.com\/primero\/wp-json\/wp\/v2\/categories?post=12544"},{"taxonomy":"post_tag","embeddable":true,"href":"http:\/\/www.pasadenahoy.com\/primero\/wp-json\/wp\/v2\/tags?post=12544"}],"curies":[{"name":"wp","href":"https:\/\/api.w.org\/{rel}","templated":true}]}}