{"id":12559,"date":"2021-11-22T15:19:24","date_gmt":"2021-11-22T15:19:24","guid":{"rendered":"http:\/\/www.pasadenahoy.com\/primero\/?p=12559"},"modified":"2021-11-22T15:19:26","modified_gmt":"2021-11-22T15:19:26","slug":"el-jefe-de-policia-actualiza-a-la-ciudad-sobre-la-muerte-a-tiros-de-un-nino-de-13-anos-atraparemos-a-estos-criminales-y-los-atraparemos-rapidamente","status":"publish","type":"post","link":"http:\/\/www.pasadenahoy.com\/primero\/la-comunidad\/el-jefe-de-policia-actualiza-a-la-ciudad-sobre-la-muerte-a-tiros-de-un-nino-de-13-anos-atraparemos-a-estos-criminales-y-los-atraparemos-rapidamente\/","title":{"rendered":"El jefe de polic\u00eda actualiza a la ciudad sobre la muerte a tiros de un ni\u00f1o de 13 a\u00f1os: &#8220;Atraparemos a estos criminales y los atraparemos r\u00e1pidamente"},"content":{"rendered":"\n<figure class=\"wp-block-image alignnone size-large\"><figure class=\"alignnone\"><img loading=\"lazy\" width=\"700\" height=\"378\" src=\"http:\/\/www.pasadenahoy.com\/primero\/wp-content\/uploads\/2021\/11\/pic-2-12.jpg\" alt=\"\" class=\"wp-image-12560\" srcset=\"http:\/\/www.pasadenahoy.com\/primero\/wp-content\/uploads\/2021\/11\/pic-2-12.jpg 700w, http:\/\/www.pasadenahoy.com\/primero\/wp-content\/uploads\/2021\/11\/pic-2-12-300x162.jpg 300w, http:\/\/www.pasadenahoy.com\/primero\/wp-content\/uploads\/2021\/11\/pic-2-12-241x130.jpg 241w, http:\/\/www.pasadenahoy.com\/primero\/wp-content\/uploads\/2021\/11\/pic-2-12-333x180.jpg 333w, http:\/\/www.pasadenahoy.com\/primero\/wp-content\/uploads\/2021\/11\/pic-2-12-360x194.jpg 360w\" sizes=\"100vw\" \/><figcaption><span class=\"caption-text\">El jefe de polic\u00eda de Pasadena, John P\u00e9rez, inform\u00f3 a los reporteros en los escalones del Ayuntamiento el domingo por la ma\u00f1ana sobre la muerte a tiros de un ni\u00f1o de Pasadena de 13 a\u00f1os por una herida mortal de una bala perdida que alcanz\u00f3 al ni\u00f1o mientras jugaba un videojuego en su habitaci\u00f3n. el s\u00e1bado por la noche. [Foto de Eddie Rivera]<\/span><\/figcaption><\/figure><\/figure>\n\n\n\n<p>El jefe de polic\u00eda de Pasadena, John P\u00e9rez, se reuni\u00f3 con los reporteros en los escalones del Ayuntamiento el domingo por la ma\u00f1ana para actualizar a una comunidad conmocionada y afligida sobre la muerte de un ni\u00f1o de 13 a\u00f1os que estaba en su casa en su habitaci\u00f3n el s\u00e1bado por la noche cuando fue asesinado por un callejero. bala.<br>El ni\u00f1o no identificado estaba jugando a un videojuego y otros miembros de su familia estaban en su casa en la cuadra 900 de N. Raymond Ave. cuando el tiroteo ocurri\u00f3 alrededor de las 6:12 p.m., dijo el teniente William Grisafe.<\/p>\n\n\n\n<p>La bala vino de alg\u00fan lugar fuera de la casa y golpe\u00f3 al ni\u00f1o, dijo Grisafe.<\/p>\n\n\n\n<p>Se realizaron varios disparos, pero la polic\u00eda no sab\u00eda si el tirador dispar\u00f3 desde un veh\u00edculo o estaba a pie.<\/p>\n\n\n\n<p>El jefe P\u00e9rez dijo que los oficiales en el \u00e1rea respondieron en menos de un minuto y usaron resucitaci\u00f3n cardiopulmonar, pero el ni\u00f1o muri\u00f3 poco despu\u00e9s en un hospital local.<\/p>\n\n\n\n<p>El ni\u00f1o fue identificado por miembros de la familia como Iran Moreno-Balvaneda, inform\u00f3 KABC7.<\/p>\n\n\n\n<p>\u201cCreemos que estas rondas no estaban destinadas a nadie dentro de esa casa, pero necesitamos m\u00e1s para confirmarlo. Hoy llevaremos a cabo actividades de divulgaci\u00f3n con los residentes y la familia, as\u00ed como con el distrito escolar \u201d, dijo P\u00e9rez.<\/p>\n\n\n\n<p>&#8220;No sabemos qui\u00e9n hizo esto todav\u00eda, pero capturaremos a estos criminales y los capturaremos r\u00e1pidamente&#8221;.<\/p>\n\n\n\n<p>El concejal de la ciudad de Pasadena, John J. Kennedy, implor\u00f3 al tirador que se presentara.<\/p>\n\n\n\n<p>\u201cA la persona que pens\u00f3 tan poco en todos nosotros para disparar un arma en nuestro vecindario y quitarle esta vida joven: La consecuencia de su acci\u00f3n irreflexiva es el dolor y el sufrimiento m\u00e1s all\u00e1 de las palabras. Entr\u00e9gate &#8220;.<\/p>\n\n\n\n<p>Kennedy tambi\u00e9n inst\u00f3 a cualquier persona que estuviera con o conozca al tirador a que los entregue.<\/p>\n\n\n\n<p>P\u00e9rez dijo que la polic\u00eda estaba estudiando detenidamente las im\u00e1genes de vigilancia de las casas del vecindario.<\/p>\n\n\n\n<p>&#8220;Estamos viendo todos los videos disponibles que tenemos&#8221;, dijo el domingo el jefe de polic\u00eda de Pasadena, John P\u00e9rez, en una conferencia de prensa matutina en el Ayuntamiento. \u201cHay tantas cosas que tenemos que mirar, porque hay horas y horas de eso. \u2026 No solo miramos el momento en que ocurri\u00f3. Pasamos del antes y el despu\u00e9s y sacamos tanto de tantos lugares que lleva mucho tiempo. As\u00ed que todav\u00eda tenemos que volver hoy y tocar puertas y tratar de encontrar m\u00e1s &#8220;.<\/p>\n\n\n\n<p>\u201cEstaba haciendo lo que hacen los ni\u00f1os de 13 a\u00f1os\u201d, dijo P\u00e9rez sobre la joven v\u00edctima. \u201cEstaba en su habitaci\u00f3n jugando a un videojuego. Sus hermanos y hermanas y sus padres tambi\u00e9n estaban en la casa. Era un estudiante sobresaliente en una escuela local y pasa mucho tiempo en su habitaci\u00f3n, estudiando. Y hoy no est\u00e1 all\u00ed &#8220;.<\/p>\n\n\n\n<p>\u201cEscuchamos palabras como &#8216;tragedia&#8217; y &#8216;sin sentido&#8217;, pero eso me pasa de moda. Esto solo necesita detenerse. Necesitamos encarcelar a las personas por hacer esto, y debemos unir a nuestra comunidad, y debemos unir a todos para asegurarnos de resolver este tipo de incidentes &#8220;.<\/p>\n\n\n\n<p>\u201cTenemos que preguntarnos, &#8216;\u00bfQu\u00e9 queremos hacer al respecto como comunidad?&#8217; Esta violencia armada debe detenerse. La comunidad ha sido un gran apoyo con este incidente y han estado ah\u00ed con nosotros. Estamos todos aqu\u00ed junto con esto &#8220;.<\/p>\n\n\n\n<p>\u201cEsto solo tiene que terminar\u201d, dijo P\u00e9rez.<\/p>\n\n\n\n<p>En la conferencia de prensa del domingo por la ma\u00f1ana, la polic\u00eda no ten\u00eda ninguna informaci\u00f3n sobre el sospechoso. Se desconoce el motivo del tiroteo.<\/p>\n\n\n\n<p>\u201cLo que ocurri\u00f3 esta noche es horrible e inimaginable\u201d, dijo el alcalde V\u00edctor Gordo el s\u00e1bado por la noche. \u201cMi coraz\u00f3n est\u00e1 con la familia de este joven. \u00a1Pasadena est\u00e1 sufriendo esta noche! &#8220;<\/p>\n\n\n\n<p>Cualquier persona con informaci\u00f3n sobre este caso puede llamar a la Polic\u00eda de Pasadena al (626) &#8211; 744-4241 o reportar informaci\u00f3n de forma an\u00f3nima llamando a \u201cCrime Stoppers\u201d marcando (800) 222-TIPS (8477), use su tel\u00e9fono inteligente descargando el \u201cP3 Consejos \u201dAplicaci\u00f3n m\u00f3vil en Google Play o Apple App Store o mediante el sitio web <a href=\"http:\/\/lacrimestoppers.org.\">http:\/\/lacrimestoppers.org.<\/a><\/p>\n","protected":false},"excerpt":{"rendered":"<p>El jefe de polic\u00eda de Pasadena, John P\u00e9rez, se reuni\u00f3 con los reporteros en los escalones del Ayuntamiento el domingo por la ma\u00f1ana para actualizar a una comunidad conmocionada y afligida sobre la muerte de un ni\u00f1o de 13 a\u00f1os que estaba en su casa en su habitaci\u00f3n el s\u00e1bado por la noche cuando fue asesinado por un callejero. bala.El ni\u00f1o no identificado estaba jugando a un videojuego y otros miembros de su familia estaban en su casa en la [&hellip;]<\/p>\n","protected":false},"author":4,"featured_media":12560,"comment_status":"open","ping_status":"closed","sticky":false,"template":"","format":"standard","meta":[],"categories":[4],"tags":[],"acf":[],"_links":{"self":[{"href":"http:\/\/www.pasadenahoy.com\/primero\/wp-json\/wp\/v2\/posts\/12559"}],"collection":[{"href":"http:\/\/www.pasadenahoy.com\/primero\/wp-json\/wp\/v2\/posts"}],"about":[{"href":"http:\/\/www.pasadenahoy.com\/primero\/wp-json\/wp\/v2\/types\/post"}],"author":[{"embeddable":true,"href":"http:\/\/www.pasadenahoy.com\/primero\/wp-json\/wp\/v2\/users\/4"}],"replies":[{"embeddable":true,"href":"http:\/\/www.pasadenahoy.com\/primero\/wp-json\/wp\/v2\/comments?post=12559"}],"version-history":[{"count":2,"href":"http:\/\/www.pasadenahoy.com\/primero\/wp-json\/wp\/v2\/posts\/12559\/revisions"}],"predecessor-version":[{"id":12562,"href":"http:\/\/www.pasadenahoy.com\/primero\/wp-json\/wp\/v2\/posts\/12559\/revisions\/12562"}],"wp:featuredmedia":[{"embeddable":true,"href":"http:\/\/www.pasadenahoy.com\/primero\/wp-json\/wp\/v2\/media\/12560"}],"wp:attachment":[{"href":"http:\/\/www.pasadenahoy.com\/primero\/wp-json\/wp\/v2\/media?parent=12559"}],"wp:term":[{"taxonomy":"category","embeddable":true,"href":"http:\/\/www.pasadenahoy.com\/primero\/wp-json\/wp\/v2\/categories?post=12559"},{"taxonomy":"post_tag","embeddable":true,"href":"http:\/\/www.pasadenahoy.com\/primero\/wp-json\/wp\/v2\/tags?post=12559"}],"curies":[{"name":"wp","href":"https:\/\/api.w.org\/{rel}","templated":true}]}}