{"id":12563,"date":"2021-11-22T15:23:20","date_gmt":"2021-11-22T15:23:20","guid":{"rendered":"http:\/\/www.pasadenahoy.com\/primero\/?p=12563"},"modified":"2021-11-22T15:28:38","modified_gmt":"2021-11-22T15:28:38","slug":"pasadena-unified-board-member-tina-fredericks-withdraws-lawsuit-against-school-board","status":"publish","type":"post","link":"http:\/\/www.pasadenahoy.com\/primero\/la-comunidad\/pasadena-unified-board-member-tina-fredericks-withdraws-lawsuit-against-school-board\/","title":{"rendered":"La miembro de la Junta Unificada de Pasadena, Tina Fredericks, retira la demanda contra la Junta Escolar"},"content":{"rendered":"\n<figure class=\"wp-block-image alignnone size-large\"><figure class=\"alignnone\"><img loading=\"lazy\" width=\"700\" height=\"378\" src=\"http:\/\/www.pasadenahoy.com\/primero\/wp-content\/uploads\/2021\/11\/pic-3-9.jpg\" alt=\"\" class=\"wp-image-12564\" srcset=\"http:\/\/www.pasadenahoy.com\/primero\/wp-content\/uploads\/2021\/11\/pic-3-9.jpg 700w, http:\/\/www.pasadenahoy.com\/primero\/wp-content\/uploads\/2021\/11\/pic-3-9-300x162.jpg 300w, http:\/\/www.pasadenahoy.com\/primero\/wp-content\/uploads\/2021\/11\/pic-3-9-241x130.jpg 241w, http:\/\/www.pasadenahoy.com\/primero\/wp-content\/uploads\/2021\/11\/pic-3-9-333x180.jpg 333w, http:\/\/www.pasadenahoy.com\/primero\/wp-content\/uploads\/2021\/11\/pic-3-9-360x194.jpg 360w\" sizes=\"100vw\" \/><\/figure><\/figure>\n\n\n\n<p>La miembro de la Junta del Distrito Escolar Unificado de Pasadena, Tina Fredericks, retir\u00f3 el viernes su demanda que desaf\u00eda los protocolos de la Junta del PUSD por restringir inconstitucionalmente sus derechos constitucionales de libre expresi\u00f3n. El despido sigui\u00f3 al voto un\u00e1nime de la Junta Escolar el pasado jueves por la noche para cambiar los protocolos impugnados para que sean opcionales en lugar de obligatorios.<\/p>\n\n\n\n<p>Los cuatro Protocolos de la junta en cuesti\u00f3n requieren que los miembros de la junta presenten los art\u00edculos de opini\u00f3n al superintendente y al presidente de la junta antes de su publicaci\u00f3n, proh\u00edben que los miembros de la junta colaboren en los art\u00edculos de opini\u00f3n sin la aprobaci\u00f3n de la junta en pleno y restringen lo que los miembros de la junta pueden decir en los art\u00edculos de opini\u00f3n sobre otros miembros de la Junta.<\/p>\n\n\n\n<p>\u201cLo que est\u00e1 en juego es el derecho de todos los miembros de la junta a comunicarse con el p\u00fablico sobre temas importantes sin restricciones\u201d, dijo Fredericks en el momento en que present\u00f3 la demanda. &#8220;Si mis derechos pueden ser restringidos hoy, entonces los derechos de todos los miembros de la Junta pueden ser restringidos ma\u00f1ana&#8221;.<\/p>\n\n\n\n<p>\u201cTengo que proteger los derechos expresivos externos de todos los miembros de la junta\u201d, dijo Fredericks. &#8220;La controversia ha surgido porque escrib\u00ed art\u00edculos de opini\u00f3n apoyando un mandato de vacuna COVID sin aclararlos con el superintendente y el presidente, quienes se han negado a apoyar un mandato de vacuna&#8221;.<\/p>\n\n\n\n<p>Fredericks contrat\u00f3 a los abogados de derechos civiles Dale Gronemeier y Elbie J. Hickambottom, quienes exigieron que la junta rescindiera sus restricciones previas a la publicaci\u00f3n sobre las actividades expresivas externas de los miembros debido a que violaban la libertad de expresi\u00f3n, la libre petici\u00f3n y los derechos constitucionales de libertad de prensa de Fredericks.<\/p>\n\n\n\n<p>Fredericks y sus abogados extendieron dos veces el plazo dado a la junta para rescindir los protocolos. Finalmente, presentaron una demanda para Fredericks el 20 de octubre en el Tribunal Superior de Los \u00c1ngeles.<\/p>\n\n\n\n<p>El jueves, la junta escolar enmend\u00f3 los protocolos durante su reuni\u00f3n regular.<\/p>\n\n\n\n<p>&#8220;La Junta en la reuni\u00f3n del jueves pasado hizo que los protocolos fueran opcionales y, por lo tanto, me concedi\u00f3 todo el alivio que pude en la corte&#8221;, dijo Fredericks el domingo. \u201cMis abogados, que manejaron el caso como un caso pro bono para m\u00ed, probablemente podr\u00edan haber obtenido decenas de miles de d\u00f3lares en honorarios de abogados, pero han acordado renunciar a buscarlos. Como resultado, no hubo ning\u00fan costo para PUSD. Me complace que la junta haya eliminado tard\u00edamente estas restricciones inconstitucionales, protegiendo as\u00ed los derechos expresivos protegidos constitucionalmente de todos los miembros de la junta presentes y futuros del PUSD &#8220;.<\/p>\n","protected":false},"excerpt":{"rendered":"<p>La miembro de la Junta del Distrito Escolar Unificado de Pasadena, Tina Fredericks, retir\u00f3 el viernes su demanda que desaf\u00eda los protocolos de la Junta del PUSD por restringir inconstitucionalmente sus derechos constitucionales de libre expresi\u00f3n. El despido sigui\u00f3 al voto un\u00e1nime de la Junta Escolar el pasado jueves por la noche para cambiar los protocolos impugnados para que sean opcionales en lugar de obligatorios. Los cuatro Protocolos de la junta en cuesti\u00f3n requieren que los miembros de la junta [&hellip;]<\/p>\n","protected":false},"author":4,"featured_media":12564,"comment_status":"open","ping_status":"closed","sticky":false,"template":"","format":"standard","meta":[],"categories":[4],"tags":[],"acf":[],"_links":{"self":[{"href":"http:\/\/www.pasadenahoy.com\/primero\/wp-json\/wp\/v2\/posts\/12563"}],"collection":[{"href":"http:\/\/www.pasadenahoy.com\/primero\/wp-json\/wp\/v2\/posts"}],"about":[{"href":"http:\/\/www.pasadenahoy.com\/primero\/wp-json\/wp\/v2\/types\/post"}],"author":[{"embeddable":true,"href":"http:\/\/www.pasadenahoy.com\/primero\/wp-json\/wp\/v2\/users\/4"}],"replies":[{"embeddable":true,"href":"http:\/\/www.pasadenahoy.com\/primero\/wp-json\/wp\/v2\/comments?post=12563"}],"version-history":[{"count":4,"href":"http:\/\/www.pasadenahoy.com\/primero\/wp-json\/wp\/v2\/posts\/12563\/revisions"}],"predecessor-version":[{"id":12574,"href":"http:\/\/www.pasadenahoy.com\/primero\/wp-json\/wp\/v2\/posts\/12563\/revisions\/12574"}],"wp:featuredmedia":[{"embeddable":true,"href":"http:\/\/www.pasadenahoy.com\/primero\/wp-json\/wp\/v2\/media\/12564"}],"wp:attachment":[{"href":"http:\/\/www.pasadenahoy.com\/primero\/wp-json\/wp\/v2\/media?parent=12563"}],"wp:term":[{"taxonomy":"category","embeddable":true,"href":"http:\/\/www.pasadenahoy.com\/primero\/wp-json\/wp\/v2\/categories?post=12563"},{"taxonomy":"post_tag","embeddable":true,"href":"http:\/\/www.pasadenahoy.com\/primero\/wp-json\/wp\/v2\/tags?post=12563"}],"curies":[{"name":"wp","href":"https:\/\/api.w.org\/{rel}","templated":true}]}}