{"id":12567,"date":"2021-11-22T15:26:06","date_gmt":"2021-11-22T15:26:06","guid":{"rendered":"http:\/\/www.pasadenahoy.com\/primero\/?p=12567"},"modified":"2021-11-22T15:26:08","modified_gmt":"2021-11-22T15:26:08","slug":"la-junta-de-apelaciones-de-zonificacion-niega-el-permiso-de-uso-de-wild-wash-express","status":"publish","type":"post","link":"http:\/\/www.pasadenahoy.com\/primero\/la-comunidad\/la-junta-de-apelaciones-de-zonificacion-niega-el-permiso-de-uso-de-wild-wash-express\/","title":{"rendered":"La Junta de Apelaciones de Zonificaci\u00f3n niega el permiso de uso de Wild Wash Express"},"content":{"rendered":"\n<figure class=\"wp-block-image alignnone size-large\"><figure class=\"alignnone\"><img loading=\"lazy\" width=\"700\" height=\"378\" src=\"http:\/\/www.pasadenahoy.com\/primero\/wp-content\/uploads\/2021\/11\/pic-4-12.jpg\" alt=\"\" class=\"wp-image-12568\" srcset=\"http:\/\/www.pasadenahoy.com\/primero\/wp-content\/uploads\/2021\/11\/pic-4-12.jpg 700w, http:\/\/www.pasadenahoy.com\/primero\/wp-content\/uploads\/2021\/11\/pic-4-12-300x162.jpg 300w, http:\/\/www.pasadenahoy.com\/primero\/wp-content\/uploads\/2021\/11\/pic-4-12-241x130.jpg 241w, http:\/\/www.pasadenahoy.com\/primero\/wp-content\/uploads\/2021\/11\/pic-4-12-333x180.jpg 333w, http:\/\/www.pasadenahoy.com\/primero\/wp-content\/uploads\/2021\/11\/pic-4-12-360x194.jpg 360w\" sizes=\"100vw\" \/><\/figure><\/figure>\n\n\n\n<p>La Junta de Apelaciones de Zonificaci\u00f3n deneg\u00f3 un Permiso de Uso Condicional (CUP) para un lavado de autos propuesto en Colorado Boulevard la semana pasada.<\/p>\n\n\n\n<p>En su reuni\u00f3n del jueves, la junta aprob\u00f3 por unanimidad la recomendaci\u00f3n del personal de la ciudad de revocar la decisi\u00f3n del funcionario de audiencias de la ciudad de aprobar el CUP para el Wild Wash Express de autoservicio de 3,490 pies cuadrados.<\/p>\n\n\n\n<p>El proyecto incluy\u00f3 la construcci\u00f3n de un t\u00fanel de lavado de autos de 3490 pies cuadrados con dos carriles para hacer cola, un estacionamiento con 30 aspiradoras de autoservicio y dos espacios de estacionamiento para empleados.<\/p>\n\n\n\n<p>El 18 de noviembre de 2020, el funcionario de audiencias aprob\u00f3 el CUP para el proyecto bas\u00e1ndose en las recomendaciones del personal de la ciudad para aprobar el mismo, ya que concluy\u00f3 que se podr\u00edan realizar los hallazgos necesarios para aprobar el CUP.<\/p>\n\n\n\n<p>El vicealcalde Andy Wilson cuestion\u00f3 la aprobaci\u00f3n del oficial de audiencias y solicit\u00f3 una convocatoria para revisar el proyecto debido a las preocupaciones sobre el tr\u00e1fico y el ruido del p\u00fablico. El Ayuntamiento consider\u00f3 la convocatoria y decidi\u00f3 devolver el art\u00edculo a la Junta de Apelaciones de Zonificaci\u00f3n.<\/p>\n\n\n\n<p>Luego de una revisi\u00f3n del proyecto, el personal de la ciudad cambi\u00f3 su posici\u00f3n y recomend\u00f3 que la decisi\u00f3n del oficial de audiencias fuera revocada en base al n\u00famero estimado de viajes vehiculares para el nuevo uso, las caracter\u00edsticas operativas al aire libre del uso y la proximidad del proyecto al residencial. usos, que el personal cree que no se ajustan al Plan General de la ciudad y al C\u00f3digo de Zonificaci\u00f3n.<\/p>\n\n\n\n<p>Al votar en contra del permiso de uso para el lavado de autos propuesto, los comisionados coincidieron con los hallazgos del personal de la ciudad de que la construcci\u00f3n del proyecto es inconsistente con las pol\u00edticas del Plan General relacionadas con la protecci\u00f3n de \u00e1reas residenciales.<\/p>\n\n\n\n<p>Espec\u00edficamente, acordaron con el personal de la ciudad que el proyecto, con actividades al aire libre orientadas a los veh\u00edculos y un anticipado de 505 veh\u00edculos diarios, es incompatible con el vecindario residencial contiguo inmediatamente al sur.<\/p>\n\n\n\n<p>Durante la reuni\u00f3n, el comisionado Jason Lyon cit\u00f3 la visi\u00f3n del Plan General para el este de Colorado, que es transformar el \u00e1rea de estar orientada a los autom\u00f3viles a estar orientada a los peatones.<\/p>\n\n\n\n<p>\u201cEsta es la visi\u00f3n para el \u00e1rea y para m\u00ed, el uso propuesto simplemente no la cumple\u201d, dijo Lyon. &#8220;Nada de eso habla del pueblo o mejora la visi\u00f3n del \u00e1rea o invita a caminar&#8221;.<\/p>\n\n\n\n<p>\u201cEstoy de acuerdo con el personal y estoy de acuerdo con mis compa\u00f1eros comisionados. Este proyecto no es consistente en el sentido de que no es consistente con el Plan General 2015 y la visi\u00f3n del \u00e1rea \u201d, dijo la comisionada Carol Hunt Hernandez.<\/p>\n\n\n\n<p>Algunos miembros de la comunidad que hablaron durante la reuni\u00f3n expresaron su apoyo al proyecto mientras que algunos expresaron su oposici\u00f3n. Las principales preocupaciones planteadas por el p\u00fablico fueron sobre el ruido, el tr\u00e1fico a lo largo de la Avenida San Marino y la proximidad del sitio a otros lavaderos de autom\u00f3viles.<\/p>\n\n\n\n<p>\u201cHay una gran preocupaci\u00f3n por el tr\u00e1fico, hay una gran preocupaci\u00f3n por la calidad del aire\u201d, dijo Christi Franklin, residente de San Marino Avenue.<\/p>\n\n\n\n<p>Ella continu\u00f3: \u201cHay toneladas de espacios en East Colorado Boulevard. \u00bfPor qu\u00e9 tomar\u00eda uno aqu\u00ed mismo al final de una calle residencial cuando, si baja por East Colorado Boulevard, hay muchas propiedades vac\u00edas? As\u00ed que no entiendo por qu\u00e9 somos nosotros los que hemos sido objetivo de esto &#8220;.<\/p>\n\n\n\n<p>\u201cNadie est\u00e1 interesado en otro lavado de autos\u201d, dijo Elizabeth Hammond, otra residente del \u00e1rea. \u201cVivimos en una zona residencial. Este no es el lugar para un lavado de autos &#8220;.<\/p>\n\n\n\n<p>Keith Hart, un residente de Santa Paula Avenue expres\u00f3 su apoyo al proyecto.<\/p>\n\n\n\n<p>\u201cEstoy a favor del nuevo t\u00fanel de lavado. He estado en su otro sitio en Filmore en Foothill Boulevard y realmente disfrut\u00e9 su lavado de autos sobre los lavados de autos cerca de m\u00ed \u201d, dijo.<\/p>\n\n\n\n<p>La decisi\u00f3n de la junta se puede apelar ante el consejo de la ciudad, seg\u00fan el personal de la ciudad.<\/p>\n","protected":false},"excerpt":{"rendered":"<p>La Junta de Apelaciones de Zonificaci\u00f3n deneg\u00f3 un Permiso de Uso Condicional (CUP) para un lavado de autos propuesto en Colorado Boulevard la semana pasada. En su reuni\u00f3n del jueves, la junta aprob\u00f3 por unanimidad la recomendaci\u00f3n del personal de la ciudad de revocar la decisi\u00f3n del funcionario de audiencias de la ciudad de aprobar el CUP para el Wild Wash Express de autoservicio de 3,490 pies cuadrados. El proyecto incluy\u00f3 la construcci\u00f3n de un t\u00fanel de lavado de autos [&hellip;]<\/p>\n","protected":false},"author":4,"featured_media":0,"comment_status":"open","ping_status":"closed","sticky":false,"template":"","format":"standard","meta":[],"categories":[4],"tags":[],"acf":[],"_links":{"self":[{"href":"http:\/\/www.pasadenahoy.com\/primero\/wp-json\/wp\/v2\/posts\/12567"}],"collection":[{"href":"http:\/\/www.pasadenahoy.com\/primero\/wp-json\/wp\/v2\/posts"}],"about":[{"href":"http:\/\/www.pasadenahoy.com\/primero\/wp-json\/wp\/v2\/types\/post"}],"author":[{"embeddable":true,"href":"http:\/\/www.pasadenahoy.com\/primero\/wp-json\/wp\/v2\/users\/4"}],"replies":[{"embeddable":true,"href":"http:\/\/www.pasadenahoy.com\/primero\/wp-json\/wp\/v2\/comments?post=12567"}],"version-history":[{"count":2,"href":"http:\/\/www.pasadenahoy.com\/primero\/wp-json\/wp\/v2\/posts\/12567\/revisions"}],"predecessor-version":[{"id":12570,"href":"http:\/\/www.pasadenahoy.com\/primero\/wp-json\/wp\/v2\/posts\/12567\/revisions\/12570"}],"wp:attachment":[{"href":"http:\/\/www.pasadenahoy.com\/primero\/wp-json\/wp\/v2\/media?parent=12567"}],"wp:term":[{"taxonomy":"category","embeddable":true,"href":"http:\/\/www.pasadenahoy.com\/primero\/wp-json\/wp\/v2\/categories?post=12567"},{"taxonomy":"post_tag","embeddable":true,"href":"http:\/\/www.pasadenahoy.com\/primero\/wp-json\/wp\/v2\/tags?post=12567"}],"curies":[{"name":"wp","href":"https:\/\/api.w.org\/{rel}","templated":true}]}}