{"id":12579,"date":"2021-11-22T15:36:05","date_gmt":"2021-11-22T15:36:05","guid":{"rendered":"http:\/\/www.pasadenahoy.com\/primero\/?p=12579"},"modified":"2021-11-22T15:36:08","modified_gmt":"2021-11-22T15:36:08","slug":"la-audiencia-publica-sobre-las-recomendaciones-del-grupo-de-trabajo-de-redistribucion-de-distritos-continua-el-lunes","status":"publish","type":"post","link":"http:\/\/www.pasadenahoy.com\/primero\/el-gobierno-local\/la-audiencia-publica-sobre-las-recomendaciones-del-grupo-de-trabajo-de-redistribucion-de-distritos-continua-el-lunes\/","title":{"rendered":"La audiencia p\u00fablica sobre las recomendaciones del grupo de trabajo de redistribuci\u00f3n de distritos contin\u00faa el lunes"},"content":{"rendered":"\n<figure class=\"wp-block-image alignnone size-large\"><figure class=\"alignnone\"><img loading=\"lazy\" width=\"700\" height=\"378\" src=\"http:\/\/www.pasadenahoy.com\/primero\/wp-content\/uploads\/2021\/11\/pic-6-10.jpg\" alt=\"\" class=\"wp-image-12580\" srcset=\"http:\/\/www.pasadenahoy.com\/primero\/wp-content\/uploads\/2021\/11\/pic-6-10.jpg 700w, http:\/\/www.pasadenahoy.com\/primero\/wp-content\/uploads\/2021\/11\/pic-6-10-300x162.jpg 300w, http:\/\/www.pasadenahoy.com\/primero\/wp-content\/uploads\/2021\/11\/pic-6-10-241x130.jpg 241w, http:\/\/www.pasadenahoy.com\/primero\/wp-content\/uploads\/2021\/11\/pic-6-10-333x180.jpg 333w, http:\/\/www.pasadenahoy.com\/primero\/wp-content\/uploads\/2021\/11\/pic-6-10-360x194.jpg 360w\" sizes=\"100vw\" \/><\/figure><\/figure>\n\n\n\n<p>Est\u00e1 previsto que el Concejo Municipal contin\u00fae su audiencia p\u00fablica el lunes sobre el informe final y la recomendaci\u00f3n del Grupo de Trabajo de Redistribuci\u00f3n de Distritos.<\/p>\n\n\n\n<p>El grupo de trabajo est\u00e1 recomendando cambios leves en los l\u00edmites de votaci\u00f3n que resultar\u00edan en el traslado de 2.610 residentes de Pasadena de su distrito actual del Concejo Municipal a uno diferente.<\/p>\n\n\n\n<p>Solo tres distritos se ver\u00edan afectados por la reorganizaci\u00f3n.<\/p>\n\n\n\n<p>En total, 1,625 residentes del Distrito 6 se convertir\u00edan en votantes del Distrito 7 y 985 votantes del Distrito 7 se trasladar\u00edan al Distrito 2.<\/p>\n\n\n\n<p>Debido a los cambios, 693 personas tendr\u00e1n que esperar hasta el ciclo de votaci\u00f3n de 2024 antes de poder votar en las pr\u00f3ximas elecciones al Concejo Municipal.<\/p>\n\n\n\n<p>El cambio en las filas de votaci\u00f3n tambi\u00e9n permitir\u00eda que el Distrito 2 se convierta en el segundo distrito del consejo que represente a los residentes al norte y al sur de Colorado Boulevard.<\/p>\n\n\n\n<p>Tradicionalmente, cada distrito del consejo representa parte de Colorado Boulevard.<\/p>\n\n\n\n<p>&#8220;El plan recomendado equilibra las poblaciones del distrito mediante una rotaci\u00f3n en sentido antihorario&#8221;, seg\u00fan un informe del personal en la agenda del Concejo Municipal del lunes. &#8220;El Distrito 6 cede la poblaci\u00f3n al Distrito 7 y el Distrito 7 cede la poblaci\u00f3n al Distrito 2&#8221;.<\/p>\n\n\n\n<p>La recomendaci\u00f3n tambi\u00e9n incluye un pron\u00f3stico de cambios importantes en los pr\u00f3ximos 10 a\u00f1os debido a una serie de factores y pidi\u00f3 a los funcionarios electos que conversen con sus electores sobre los impactos de esos cambios antes en el pr\u00f3ximo ciclo de redistribuci\u00f3n de distritos.<\/p>\n\n\n\n<p>\u201cObservando la posibilidad de cambios importantes en la ciudad para el pr\u00f3ximo ciclo de redistribuci\u00f3n de distritos, incluida la adquisici\u00f3n y el desarrollo del tal\u00f3n de la autopista 710, el aumento de viviendas creadas por el proyecto Parsons y las nuevas leyes estatales, teniendo en cuenta los recientes recuentos insuficientes en las poblaciones del noroeste de Pasadena, y El sentimiento creciente por la consolidaci\u00f3n de la representaci\u00f3n del Concejo Municipal en el \u00e1rea del Centro \/ Distrito Central, se recomienda encarecidamente que el Concejo Municipal trabaje para comprender los impactos significativos que estos factores tendr\u00e1n en el pr\u00f3ximo ciclo de redistribuci\u00f3n de distritos, y comience la discusi\u00f3n comunitaria y la comprensi\u00f3n de estos impactos antes y antes del trabajo del pr\u00f3ximo Grupo de Trabajo de Redistribuci\u00f3n de Distritos \u201d, afirma el informe.<\/p>\n\n\n\n<p>Cada 10 a\u00f1os, la ciudad de Pasadena utiliza datos del censo decenal para ajustar los l\u00edmites de los distritos del Concejo Municipal para igualar la poblaci\u00f3n entre los siete distritos de la ciudad.<\/p>\n\n\n\n<p>Seg\u00fan esos datos, los residentes blancos todav\u00eda constituyen la mayor\u00eda de la poblaci\u00f3n de la ciudad con un 36,7%. Los residentes latinos constituyen el 33% de la poblaci\u00f3n de la ciudad, seguidos por los residentes asi\u00e1ticos con un 16.9% y los residentes afroamericanos con un 8.5%.<\/p>\n\n\n\n<p>Los residentes latinos constituyen la mayor\u00eda de la poblaci\u00f3n en los distritos 1, 3 y 5 del Concejo Municipal, con 49,7%, 48,1% y 51,4%, respectivamente.<\/p>\n\n\n\n<p>El grupo de trabajo adopt\u00f3 un mapa de desviaci\u00f3n del 10%.<\/p>\n\n\n\n<p>Seg\u00fan redistrictingonline.org, un recurso educativo no partidista que busca educar, informar y compartir recursos relacionados con la redistribuci\u00f3n de distritos.<\/p>\n\n\n\n<p>\u201cEl est\u00e1ndar de poblaci\u00f3n igual o &#8216;una persona, un voto&#8217; requiere la igualdad de la poblaci\u00f3n general entre distritos, pero no existe un n\u00famero o porcentaje preciso que defina la constitucionalidad.<\/p>\n\n\n\n<p>En cambio, la Corte Suprema interpreta este requisito constitucional para los distritos del Congreso en el sentido de &#8220;estricta igualdad&#8221;, y para los mapas legislativos y otros mapas locales, los distritos solo deben ser &#8220;sustancialmente iguales&#8221;. En la pr\u00e1ctica, ha surgido un est\u00e1ndar claro para los mapas legislativos y locales en el que los tribunales consideran que las desviaciones totales superiores al 10% son constitucionalmente sospechosas &#8220;.<\/p>\n","protected":false},"excerpt":{"rendered":"<p>Est\u00e1 previsto que el Concejo Municipal contin\u00fae su audiencia p\u00fablica el lunes sobre el informe final y la recomendaci\u00f3n del Grupo de Trabajo de Redistribuci\u00f3n de Distritos. El grupo de trabajo est\u00e1 recomendando cambios leves en los l\u00edmites de votaci\u00f3n que resultar\u00edan en el traslado de 2.610 residentes de Pasadena de su distrito actual del Concejo Municipal a uno diferente. Solo tres distritos se ver\u00edan afectados por la reorganizaci\u00f3n. En total, 1,625 residentes del Distrito 6 se convertir\u00edan en votantes [&hellip;]<\/p>\n","protected":false},"author":4,"featured_media":0,"comment_status":"open","ping_status":"closed","sticky":false,"template":"","format":"standard","meta":[],"categories":[6],"tags":[],"acf":[],"_links":{"self":[{"href":"http:\/\/www.pasadenahoy.com\/primero\/wp-json\/wp\/v2\/posts\/12579"}],"collection":[{"href":"http:\/\/www.pasadenahoy.com\/primero\/wp-json\/wp\/v2\/posts"}],"about":[{"href":"http:\/\/www.pasadenahoy.com\/primero\/wp-json\/wp\/v2\/types\/post"}],"author":[{"embeddable":true,"href":"http:\/\/www.pasadenahoy.com\/primero\/wp-json\/wp\/v2\/users\/4"}],"replies":[{"embeddable":true,"href":"http:\/\/www.pasadenahoy.com\/primero\/wp-json\/wp\/v2\/comments?post=12579"}],"version-history":[{"count":2,"href":"http:\/\/www.pasadenahoy.com\/primero\/wp-json\/wp\/v2\/posts\/12579\/revisions"}],"predecessor-version":[{"id":12582,"href":"http:\/\/www.pasadenahoy.com\/primero\/wp-json\/wp\/v2\/posts\/12579\/revisions\/12582"}],"wp:attachment":[{"href":"http:\/\/www.pasadenahoy.com\/primero\/wp-json\/wp\/v2\/media?parent=12579"}],"wp:term":[{"taxonomy":"category","embeddable":true,"href":"http:\/\/www.pasadenahoy.com\/primero\/wp-json\/wp\/v2\/categories?post=12579"},{"taxonomy":"post_tag","embeddable":true,"href":"http:\/\/www.pasadenahoy.com\/primero\/wp-json\/wp\/v2\/tags?post=12579"}],"curies":[{"name":"wp","href":"https:\/\/api.w.org\/{rel}","templated":true}]}}