{"id":12587,"date":"2021-11-22T15:45:01","date_gmt":"2021-11-22T15:45:01","guid":{"rendered":"http:\/\/www.pasadenahoy.com\/primero\/?p=12587"},"modified":"2021-11-22T15:45:04","modified_gmt":"2021-11-22T15:45:04","slug":"bullpen-del-lunes-por-la-manana-cuando-surgira-la-violencia-armada-en-el-consejo","status":"publish","type":"post","link":"http:\/\/www.pasadenahoy.com\/primero\/la-comunidad\/bullpen-del-lunes-por-la-manana-cuando-surgira-la-violencia-armada-en-el-consejo\/","title":{"rendered":"Bullpen del lunes por la ma\u00f1ana: \u00bfCu\u00e1ndo surgir\u00e1 la violencia armada en el Consejo?"},"content":{"rendered":"\n<figure class=\"wp-block-image alignnone size-large\"><figure class=\"alignnone\"><img loading=\"lazy\" width=\"700\" height=\"378\" src=\"http:\/\/www.pasadenahoy.com\/primero\/wp-content\/uploads\/2021\/11\/pic-8-2.jpg\" alt=\"\" class=\"wp-image-12588\" srcset=\"http:\/\/www.pasadenahoy.com\/primero\/wp-content\/uploads\/2021\/11\/pic-8-2.jpg 700w, http:\/\/www.pasadenahoy.com\/primero\/wp-content\/uploads\/2021\/11\/pic-8-2-300x162.jpg 300w, http:\/\/www.pasadenahoy.com\/primero\/wp-content\/uploads\/2021\/11\/pic-8-2-241x130.jpg 241w, http:\/\/www.pasadenahoy.com\/primero\/wp-content\/uploads\/2021\/11\/pic-8-2-333x180.jpg 333w, http:\/\/www.pasadenahoy.com\/primero\/wp-content\/uploads\/2021\/11\/pic-8-2-360x194.jpg 360w\" sizes=\"100vw\" \/><\/figure><\/figure>\n\n\n\n<p>Esta semana no est\u00e1 sucediendo mucho con el gobierno de la ciudad debido a las vacaciones.<\/p>\n\n\n\n<p>Despu\u00e9s de dos semanas con agendas relativamente cortas, una de las cuales era solo un calendario de consentimiento, el Ayuntamiento tiene un calendario de consentimiento m\u00e1s largo esta semana.<\/p>\n\n\n\n<p>El tema grande y, quiz\u00e1s m\u00e1s relevante, en la agenda del lunes son las c\u00e1maras corporales (BWC).<\/p>\n\n\n\n<p>Ese art\u00edculo es una enmienda de contrato de $ 1,709,591 para el sistema de c\u00e1maras corporales de la ciudad.<\/p>\n\n\n\n<p>&#8220;La versi\u00f3n m\u00e1s nueva de las c\u00e1maras corporales tiene la capacidad de activarse autom\u00e1ticamente cuando se saca un arma de fuego de su funda, lo que asegurar\u00e1 que la c\u00e1mara corporal se active durante un incidente cr\u00edtico&#8221;, seg\u00fan un informe del personal de la ciudad.<\/p>\n\n\n\n<p>En el tiroteo m\u00e1s reciente en la ciudad en el que participaron agentes, uno de los agentes no encendi\u00f3 la c\u00e1mara que llevaba puesta.<\/p>\n\n\n\n<p>En ese incidente, la polic\u00eda dispar\u00f3 y mat\u00f3 a Anthony McClain despu\u00e9s de que McClain huyera durante una parada de tr\u00e1fico.<\/p>\n\n\n\n<p>La polic\u00eda afirma que McClain ten\u00eda un arma.<\/p>\n\n\n\n<p>De acuerdo con la pol\u00edtica policial, si la activaci\u00f3n inmediata de la BWC no es factible debido a un riesgo inminente para la seguridad del oficial o de otras personas, el oficial activar\u00e1 la BWC en la primera oportunidad disponible despu\u00e9s de que se haya abordado la amenaza inmediata.<\/p>\n\n\n\n<p>A fines de la semana pasada, la ciudad lleg\u00f3 a un acuerdo en nombre de los ni\u00f1os de McClain por $ 7.5 millones.<\/p>\n\n\n\n<p>El acuerdo y el art\u00edculo de la c\u00e1mara en el cuerpo deber\u00edan generar algunos comentarios el lunes, incluyendo las diatribas semanales de &#8220;despedir al administrador de la ciudad&#8221;, &#8220;despedir al jefe de polic\u00eda&#8221;.<\/p>\n\n\n\n<p>Sin embargo, el incidente que deber\u00eda recibir la mayor parte de los comentarios es la muerte a tiros del ni\u00f1o de 13 a\u00f1os en Raymond Avenue el s\u00e1bado por la noche.<\/p>\n\n\n\n<p>El ni\u00f1o no identificado estaba jugando a un videojuego y otros miembros de su familia estaban en su casa en la cuadra 900 de N. Raymond Ave. cuando el tiroteo ocurri\u00f3 alrededor de las 6:12 p.m., dijo el teniente William Grisafe.<\/p>\n\n\n\n<p>La bala provino de alg\u00fan lugar fuera de la casa y la bala perdida entr\u00f3 por una ventana y golpe\u00f3 al ni\u00f1o, seg\u00fan el Comandante. Mark Goodman.<\/p>\n\n\n\n<p>Los oficiales le realizaron reanimaci\u00f3n cardiopulmonar al ni\u00f1o y los param\u00e9dicos lo llevaron r\u00e1pidamente a un hospital, donde fue declarado muerto.<\/p>\n\n\n\n<p>Se desconoce el objetivo del tiroteo, pero no parece ser el ni\u00f1o, seg\u00fan Goodman.<\/p>\n\n\n\n<p>Los investigadores no tienen informaci\u00f3n sobre el sospechoso y est\u00e1n pidiendo al p\u00fablico que presente informaci\u00f3n.<\/p>\n\n\n\n<p>Me tengo que preguntar: \u00bfqui\u00e9n va a marchar por este ni\u00f1o? \u00bfQui\u00e9n va a llamar al Ayuntamiento y exigir que la ciudad se una y haga algo por la proliferaci\u00f3n de armas en la calle?<\/p>\n\n\n\n<p>A fines del mes pasado, Jamal Dion Patterson muri\u00f3 en un hospital luego de ser herido de muerte en un tiroteo en la cuadra 1000 de Summit Avenue, seg\u00fan la portavoz del Departamento de M\u00e9dicos Forenses-Forenses del Condado de Los \u00c1ngeles, Sarah Ardalani.<\/p>\n\n\n\n<p>Ning\u00fan guerrero de la justicia racial gritaba sobre eso tampoco.<\/p>\n\n\n\n<p>La violencia con armas de fuego entre los j\u00f3venes es el mayor problema en Pasadena. S\u00ed, la polic\u00eda saca cientos de armas de las calles cada a\u00f1o, pero solo hace falta una.<\/p>\n\n\n\n<p>El s\u00e1bado, ese estaba en uso y ahora un ni\u00f1o de 13 a\u00f1os no crecer\u00e1.<\/p>\n\n\n\n<p>Los 20 minutos para comentarios p\u00fablicos sobre asuntos que no est\u00e1n en la agenda no son solo para pedir disculpas, pedir el despido de empleados de la ciudad o viviendas en propiedad de la iglesia.<\/p>\n\n\n\n<p>La proliferaci\u00f3n de armas no est\u00e1 en la agenda, pero deber\u00eda estarlo.<\/p>\n\n\n\n<p>Esperamos que todos puedan actuar como si tuvieran algo de sentido com\u00fan cuando llamen.<\/p>\n\n\n\n<p>La comisi\u00f3n de dise\u00f1o se re\u00fane a las 4:30 p.m. el jueves. El gran elemento aqu\u00ed es el nuevo edificio de oficinas m\u00e9dicas de cuatro pisos con estacionamiento subterr\u00e1neo en 590 S. Fair Oaks Avenue. El art\u00edculo est\u00e1 listo para revisi\u00f3n de dise\u00f1o final.<\/p>\n\n\n\n<p>El otro art\u00edculo es un nuevo desarrollo multifamiliar de 13 unidades de dos a tres pisos con estacionamiento a nivel. Eso tambi\u00e9n est\u00e1 disponible para la revisi\u00f3n final del dise\u00f1o.<\/p>\n\n\n\n<p>El Comit\u00e9 de Finanzas se re\u00fane el lunes justo antes del Ayuntamiento. Todos los elementos est\u00e1n en el calendario de consentimiento. No me gustan las reuniones del comit\u00e9 de los lunes. Es dif\u00edcil dar un escrutinio a los elementos que pasan de un comit\u00e9 a otro en una hora y media.<\/p>\n","protected":false},"excerpt":{"rendered":"<p>Esta semana no est\u00e1 sucediendo mucho con el gobierno de la ciudad debido a las vacaciones. Despu\u00e9s de dos semanas con agendas relativamente cortas, una de las cuales era solo un calendario de consentimiento, el Ayuntamiento tiene un calendario de consentimiento m\u00e1s largo esta semana. El tema grande y, quiz\u00e1s m\u00e1s relevante, en la agenda del lunes son las c\u00e1maras corporales (BWC). Ese art\u00edculo es una enmienda de contrato de $ 1,709,591 para el sistema de c\u00e1maras corporales de la [&hellip;]<\/p>\n","protected":false},"author":4,"featured_media":0,"comment_status":"open","ping_status":"closed","sticky":false,"template":"","format":"standard","meta":[],"categories":[4],"tags":[],"acf":[],"_links":{"self":[{"href":"http:\/\/www.pasadenahoy.com\/primero\/wp-json\/wp\/v2\/posts\/12587"}],"collection":[{"href":"http:\/\/www.pasadenahoy.com\/primero\/wp-json\/wp\/v2\/posts"}],"about":[{"href":"http:\/\/www.pasadenahoy.com\/primero\/wp-json\/wp\/v2\/types\/post"}],"author":[{"embeddable":true,"href":"http:\/\/www.pasadenahoy.com\/primero\/wp-json\/wp\/v2\/users\/4"}],"replies":[{"embeddable":true,"href":"http:\/\/www.pasadenahoy.com\/primero\/wp-json\/wp\/v2\/comments?post=12587"}],"version-history":[{"count":2,"href":"http:\/\/www.pasadenahoy.com\/primero\/wp-json\/wp\/v2\/posts\/12587\/revisions"}],"predecessor-version":[{"id":12590,"href":"http:\/\/www.pasadenahoy.com\/primero\/wp-json\/wp\/v2\/posts\/12587\/revisions\/12590"}],"wp:attachment":[{"href":"http:\/\/www.pasadenahoy.com\/primero\/wp-json\/wp\/v2\/media?parent=12587"}],"wp:term":[{"taxonomy":"category","embeddable":true,"href":"http:\/\/www.pasadenahoy.com\/primero\/wp-json\/wp\/v2\/categories?post=12587"},{"taxonomy":"post_tag","embeddable":true,"href":"http:\/\/www.pasadenahoy.com\/primero\/wp-json\/wp\/v2\/tags?post=12587"}],"curies":[{"name":"wp","href":"https:\/\/api.w.org\/{rel}","templated":true}]}}