{"id":12591,"date":"2021-11-22T15:48:26","date_gmt":"2021-11-22T15:48:26","guid":{"rendered":"http:\/\/www.pasadenahoy.com\/primero\/?p=12591"},"modified":"2021-11-22T15:48:28","modified_gmt":"2021-11-22T15:48:28","slug":"la-semana-festiva-comienza-soleada-calida-y-seca-vigilancia-contra-incendios-activada","status":"publish","type":"post","link":"http:\/\/www.pasadenahoy.com\/primero\/la-comunidad\/la-semana-festiva-comienza-soleada-calida-y-seca-vigilancia-contra-incendios-activada\/","title":{"rendered":"La semana festiva comienza soleada, c\u00e1lida y seca; Vigilancia contra incendios activada"},"content":{"rendered":"\n<figure class=\"wp-block-image alignnone size-large\"><figure class=\"alignnone\"><img loading=\"lazy\" width=\"700\" height=\"378\" src=\"http:\/\/www.pasadenahoy.com\/primero\/wp-content\/uploads\/2021\/11\/pic-9-1.jpg\" alt=\"\" class=\"wp-image-12592\" srcset=\"http:\/\/www.pasadenahoy.com\/primero\/wp-content\/uploads\/2021\/11\/pic-9-1.jpg 700w, http:\/\/www.pasadenahoy.com\/primero\/wp-content\/uploads\/2021\/11\/pic-9-1-300x162.jpg 300w, http:\/\/www.pasadenahoy.com\/primero\/wp-content\/uploads\/2021\/11\/pic-9-1-241x130.jpg 241w, http:\/\/www.pasadenahoy.com\/primero\/wp-content\/uploads\/2021\/11\/pic-9-1-333x180.jpg 333w, http:\/\/www.pasadenahoy.com\/primero\/wp-content\/uploads\/2021\/11\/pic-9-1-360x194.jpg 360w\" sizes=\"100vw\" \/><\/figure><\/figure>\n\n\n\n<p>Se est\u00e1 formando un d\u00eda m\u00e1s c\u00e1lido en el \u00e1rea de Pasadena a medida que la masa de aire entrante se estanc\u00f3 y las temperaturas pronosticadas para el lunes fueron m\u00e1s altas que la predicci\u00f3n anterior, seg\u00fan el Servicio Meteorol\u00f3gico Nacional.<\/p>\n\n\n\n<p>Ese calor junto con los vientos (que apenas se notar\u00e1n en Pasadena) y una humedad muy baja llevaron a los meteor\u00f3logos a activar una vigilancia de incendios en todo el condado de Los \u00c1ngeles hasta las 3 p.m. Lunes.<\/p>\n\n\n\n<p>Se predijo que la humedad relativa oscilar\u00eda entre el 15 y el 20 por ciento a media ma\u00f1ana y bajar\u00eda del 7 al 15 por ciento el lunes por la tarde y la noche.<\/p>\n\n\n\n<p>Aqu\u00ed hay una vista detallada del pron\u00f3stico del Servicio Meteorol\u00f3gico Nacional de esta semana:<\/p>\n\n\n\n<p>Lunes: Soleado, la m\u00e1xima alrededor de 86. Viento del este noreste de 5 a 10 mph y luego llegar\u00e1 del sur suroeste.<\/p>\n\n\n\n<p>Por la Noche: Mayormente nublado, la m\u00ednima alrededor de 50. Viento del oeste noroeste alrededor de 5 mph y se pondr\u00e1 en calma por la noche.<\/p>\n\n\n\n<p>Martes: Mayormente soleado, la m\u00e1xima alrededor de 72. Viento del sur suroeste alrededor de 5 mph.<\/p>\n\n\n\n<p>Mar. por la Noche: Medio nublado, la m\u00ednima alrededor de 47. Viento del sur sureste alrededor de 5 mph.<\/p>\n\n\n\n<p>Mi\u00e9rcoles: Soleado, la m\u00e1xima alrededor de 71.<\/p>\n\n\n\n<p>Mi\u00e9. Por la Noche: Mayormente despejado, la m\u00ednima alrededor de 47.<\/p>\n\n\n\n<p>D\u00eda de Acci\u00f3n de Gracias: Soleado, la m\u00e1xima alrededor de 79.<\/p>\n\n\n\n<p>Jue. Por la Noche: Mayormente despejado, la m\u00ednima alrededor de 48.<\/p>\n\n\n\n<p>Viernes: Soleado, la m\u00e1xima alrededor de 81.<\/p>\n\n\n\n<p>Por la Noche: Mayormente despejado, la m\u00ednima alrededor de 48.<\/p>\n\n\n\n<p>S\u00e1bado: Soleado, la m\u00e1xima alrededor de 81.<\/p>\n\n\n\n<p>S\u00e1b. Por la Noche: Mayormente despejado, la m\u00ednima alrededor de 50.<\/p>\n\n\n\n<p>Domingo: Soleado, la m\u00e1xima alrededor de 77.<\/p>\n","protected":false},"excerpt":{"rendered":"<p>Se est\u00e1 formando un d\u00eda m\u00e1s c\u00e1lido en el \u00e1rea de Pasadena a medida que la masa de aire entrante se estanc\u00f3 y las temperaturas pronosticadas para el lunes fueron m\u00e1s altas que la predicci\u00f3n anterior, seg\u00fan el Servicio Meteorol\u00f3gico Nacional. Ese calor junto con los vientos (que apenas se notar\u00e1n en Pasadena) y una humedad muy baja llevaron a los meteor\u00f3logos a activar una vigilancia de incendios en todo el condado de Los \u00c1ngeles hasta las 3 p.m. Lunes. [&hellip;]<\/p>\n","protected":false},"author":4,"featured_media":0,"comment_status":"open","ping_status":"closed","sticky":false,"template":"","format":"standard","meta":[],"categories":[4],"tags":[],"acf":[],"_links":{"self":[{"href":"http:\/\/www.pasadenahoy.com\/primero\/wp-json\/wp\/v2\/posts\/12591"}],"collection":[{"href":"http:\/\/www.pasadenahoy.com\/primero\/wp-json\/wp\/v2\/posts"}],"about":[{"href":"http:\/\/www.pasadenahoy.com\/primero\/wp-json\/wp\/v2\/types\/post"}],"author":[{"embeddable":true,"href":"http:\/\/www.pasadenahoy.com\/primero\/wp-json\/wp\/v2\/users\/4"}],"replies":[{"embeddable":true,"href":"http:\/\/www.pasadenahoy.com\/primero\/wp-json\/wp\/v2\/comments?post=12591"}],"version-history":[{"count":2,"href":"http:\/\/www.pasadenahoy.com\/primero\/wp-json\/wp\/v2\/posts\/12591\/revisions"}],"predecessor-version":[{"id":12594,"href":"http:\/\/www.pasadenahoy.com\/primero\/wp-json\/wp\/v2\/posts\/12591\/revisions\/12594"}],"wp:attachment":[{"href":"http:\/\/www.pasadenahoy.com\/primero\/wp-json\/wp\/v2\/media?parent=12591"}],"wp:term":[{"taxonomy":"category","embeddable":true,"href":"http:\/\/www.pasadenahoy.com\/primero\/wp-json\/wp\/v2\/categories?post=12591"},{"taxonomy":"post_tag","embeddable":true,"href":"http:\/\/www.pasadenahoy.com\/primero\/wp-json\/wp\/v2\/tags?post=12591"}],"curies":[{"name":"wp","href":"https:\/\/api.w.org\/{rel}","templated":true}]}}