{"id":12602,"date":"2021-11-23T15:23:34","date_gmt":"2021-11-23T15:23:34","guid":{"rendered":"http:\/\/www.pasadenahoy.com\/primero\/?p=12602"},"modified":"2021-11-23T15:23:37","modified_gmt":"2021-11-23T15:23:37","slug":"debemos-hacer-las-cosas-de-manera-diferente-dice-el-alcalde-gordo-pide-mas-recursos-para-las-fuerzas-del-orden-despues-de-la-tragedia-del-tiroteo-del-sabado","status":"publish","type":"post","link":"http:\/\/www.pasadenahoy.com\/primero\/el-gobierno-local\/debemos-hacer-las-cosas-de-manera-diferente-dice-el-alcalde-gordo-pide-mas-recursos-para-las-fuerzas-del-orden-despues-de-la-tragedia-del-tiroteo-del-sabado\/","title":{"rendered":"Debemos hacer las cosas de manera diferente&#8221;, dice el alcalde Gordo; Pide m\u00e1s recursos para las fuerzas del orden despu\u00e9s de la tragedia del tiroteo del s\u00e1bado"},"content":{"rendered":"\n<figure class=\"wp-block-embed-vimeo wp-block-embed is-type-video is-provider-vimeo wp-embed-aspect-16-9 wp-has-aspect-ratio\"><div class=\"wp-block-embed__wrapper\">\n<iframe loading=\"lazy\" title=\"Pasadena City Council Press Conference About Shooting of Iran Moreno\" src=\"https:\/\/player.vimeo.com\/video\/649010869?h=20ea4e9e88&amp;dnt=1&amp;app_id=122963\" width=\"740\" height=\"416\" frameborder=\"0\" allow=\"autoplay; fullscreen; picture-in-picture\" allowfullscreen><\/iframe>\n<\/div><\/figure>\n\n\n\n<p>Despu\u00e9s de cancelar la reuni\u00f3n del Concejo Municipal del lunes debido a la falta de qu\u00f3rum, el alcalde V\u00edctor Gordo, la subdirectora Cheryl Moody y varias reuniones del Concejo Municipal realizaron una conferencia de prensa para discutir la violencia armada en la ciudad, incluido un incidente que dej\u00f3 a un ni\u00f1o de 13 a\u00f1os. muerto.<\/p>\n\n\n\n<div class=\"wp-block-image alignright\"><figure class=\"alignright size-large\"><img loading=\"lazy\" width=\"360\" height=\"204\" src=\"http:\/\/www.pasadenahoy.com\/primero\/wp-content\/uploads\/2021\/11\/pic-1a.png\" alt=\"\" class=\"wp-image-12604\" srcset=\"http:\/\/www.pasadenahoy.com\/primero\/wp-content\/uploads\/2021\/11\/pic-1a.png 360w, http:\/\/www.pasadenahoy.com\/primero\/wp-content\/uploads\/2021\/11\/pic-1a-300x170.png 300w, http:\/\/www.pasadenahoy.com\/primero\/wp-content\/uploads\/2021\/11\/pic-1a-229x130.png 229w, http:\/\/www.pasadenahoy.com\/primero\/wp-content\/uploads\/2021\/11\/pic-1a-318x180.png 318w\" sizes=\"100vw\" \/><figcaption><span class=\"caption-text\">Ir\u00e1n Moreno-Balvaneda. [GoFundMe]<\/span><\/figcaption><\/figure><\/div>\n\n\n\n<p><br>&#8220;Debemos hacer las cosas de manera diferente aqu\u00ed en Pasadena&#8221;, dijo Gordo en las escalinatas del Ayuntamiento como respuesta a la bala perdida que mat\u00f3 a tiros el s\u00e1bado por la noche a Iran Moreno-Balvaneda, un estudiante de 13 a\u00f1os que asist\u00eda a la escuela secundaria Blair, como se sent\u00f3 en su habitaci\u00f3n en la casa de su familia en North Raymond Avenue.<br>\u201cNo podemos seguir adoptando el mismo enfoque de seguridad p\u00fablica en esta ciudad o regi\u00f3n y esperar resultados diferentes\u201d, dijo Gordo, quien pidi\u00f3 que el departamento de polic\u00eda intensifique la aplicaci\u00f3n y el monitoreo de la actividad de las pandillas en la ciudad.<\/p>\n\n\n\n<p>El aumento de la violencia comenz\u00f3 a fines de octubre cuando seis tiroteos dejaron a cuatro personas heridas y un hombre muerto. Jamal Dion Patterson muri\u00f3 despu\u00e9s de que le dispararan fatalmente en la cuadra 1000 de Summit Avenue.<\/p>\n\n\n\n<p>A principios de este mes, alguien abri\u00f3 fuego en el Boys &amp; Girls Club en Fair Oaks Avenue mientras los ni\u00f1os jugaban adentro. Nadie sali\u00f3 herido.<\/p>\n\n\n\n<p>El lunes, el concejal John Kennedy pidi\u00f3 un nuevo programa de &#8220;exilio&#8221; para aquellos que usan un arma en un crimen e implor\u00f3 a todos los involucrados en el incidente del tiroteo del s\u00e1bado por la noche que se entreguen.<\/p>\n\n\n\n<p>El alcalde Gordo record\u00f3 que hace unos a\u00f1os, la Ciudad solicit\u00f3 m\u00e1s recursos para el departamento de polic\u00eda.<\/p>\n\n\n\n<p>\u201cDijimos: &#8216;Necesitamos m\u00e1s oficiales, necesitamos m\u00e1s recursos&#8217;, record\u00f3. &#8220;No debemos esperar que podamos desvincularnos de los pandilleros o cualquier persona que est\u00e9 disparando armas en esta ciudad, y permitirles que contin\u00faen haci\u00e9ndolo&#8221;.<\/p>\n\n\n\n<p>Gordo dijo que ahora estaba renovando su solicitud de que el departamento \u201cinvolucre mejor y m\u00e1s a fondo a cualquier individuo que est\u00e9 involucrado en alguna actividad criminal en la ciudad de Pasadena y en la regi\u00f3n. Este no es un problema aislado aqu\u00ed en Pasadena \u201d, dijo. \u201cEsto tiene que empezar aqu\u00ed mismo, ahora mismo. No podemos esperar a que otro ni\u00f1o sea lastimado, lastimado, como ocurri\u00f3 el pasado s\u00e1bado por la noche \u201d.<\/p>\n\n\n\n<p>Kennedy, un ex subjefe de polic\u00eda en Richmond, Virginia, record\u00f3 que la ciudad alguna vez tuvo un programa llamado &#8220;Proyecto Exilio&#8221;, que legalmente expulsaba de la ciudad a las personas que usaban un arma en la comisi\u00f3n de un crimen.<\/p>\n\n\n\n<p>&#8220;No merec\u00edan ser parte de la ciudad&#8221;, dijo. \u201cAlgunos pensaron que era una forma draconiana de vigilancia. No estoy seguro de que estemos all\u00ed en Pasadena, pero esto ciertamente me ha planteado la posibilidad de abogar por esa (pol\u00edtica), a pesar de las obvias preocupaciones que tendr\u00edan los defensores de las libertades civiles &#8220;.<\/p>\n\n\n\n<p>Alzando la voz y hablando con las personas involucradas en el tiroteo, Kennedy dijo: \u201cLa consecuencia de su acci\u00f3n irreflexiva es el dolor y el sufrimiento m\u00e1s all\u00e1 de las palabras. \u00a1Entr\u00e9gate! \u00a1A cualquiera que estuviera con \u00e9l, entr\u00e9guese! \u00a1A cualquiera que sepa qui\u00e9n hizo esto, entr\u00e9guelo! &#8220;<\/p>\n\n\n\n<p>Kennedy continu\u00f3: \u201cNo importa si este hombre, presumiblemente un hombre, es negro, moreno o blanco. No importa si es un pandillero o un lobo solitario. No importa si es joven o viejo. \u00a1Entreguelo! &#8220;<\/p>\n\n\n\n<p>Despu\u00e9s de la conferencia de prensa, se llev\u00f3 a cabo una emotiva vigilia en el Centro Comunitario de Villa Parke. M\u00e1s de 200 residentes y vecinos cantaron y oraron, y sostuvieron velas y luces de tel\u00e9fonos celulares para honrar a la familia. Una vez m\u00e1s, el alcalde y los miembros del Ayuntamiento estuvieron presentes, junto con los l\u00edderes de la comunidad local, para recordar a Moreno.<\/p>\n\n\n\n<figure class=\"wp-block-embed-vimeo wp-block-embed is-type-video is-provider-vimeo wp-embed-aspect-16-9 wp-has-aspect-ratio\"><div class=\"wp-block-embed__wrapper\">\n<iframe loading=\"lazy\" title=\"Villa Parke Vigil for Iran Moreno\" src=\"https:\/\/player.vimeo.com\/video\/649017479?h=ad954d5937&amp;dnt=1&amp;app_id=122963\" width=\"740\" height=\"416\" frameborder=\"0\" allow=\"autoplay; fullscreen; picture-in-picture\" allowfullscreen><\/iframe>\n<\/div><\/figure>\n\n\n\n<p>El consejo cancel\u00f3 su reuni\u00f3n semanal del lunes para asistir a la vigilia.<\/p>\n\n\n\n<p>La pastora Mayra Macedo-Nolan, de la Coalici\u00f3n Comunitaria del Clero, dijo: \u201cHay mucha violencia all\u00e1 afuera, y todo est\u00e1 sucediendo al mismo tiempo, parece, pero esta noche, queremos honrar a Ir\u00e1n Moreno, queremos honrar a la familia, queremos estar juntos como comunidad para expresarnos o el dolor el uno por el otro, y para lamentar la horrible p\u00e9rdida de vidas que no deber\u00eda haber sucedido, y por eso estamos aqu\u00ed \u201d.<\/p>\n","protected":false},"excerpt":{"rendered":"<p>Despu\u00e9s de cancelar la reuni\u00f3n del Concejo Municipal del lunes debido a la falta de qu\u00f3rum, el alcalde V\u00edctor Gordo, la subdirectora Cheryl Moody y varias reuniones del Concejo Municipal realizaron una conferencia de prensa para discutir la violencia armada en la ciudad, incluido un incidente que dej\u00f3 a un ni\u00f1o de 13 a\u00f1os. muerto. &#8220;Debemos hacer las cosas de manera diferente aqu\u00ed en Pasadena&#8221;, dijo Gordo en las escalinatas del Ayuntamiento como respuesta a la bala perdida que mat\u00f3 [&hellip;]<\/p>\n","protected":false},"author":4,"featured_media":12603,"comment_status":"open","ping_status":"closed","sticky":false,"template":"","format":"standard","meta":[],"categories":[6],"tags":[],"acf":[],"_links":{"self":[{"href":"http:\/\/www.pasadenahoy.com\/primero\/wp-json\/wp\/v2\/posts\/12602"}],"collection":[{"href":"http:\/\/www.pasadenahoy.com\/primero\/wp-json\/wp\/v2\/posts"}],"about":[{"href":"http:\/\/www.pasadenahoy.com\/primero\/wp-json\/wp\/v2\/types\/post"}],"author":[{"embeddable":true,"href":"http:\/\/www.pasadenahoy.com\/primero\/wp-json\/wp\/v2\/users\/4"}],"replies":[{"embeddable":true,"href":"http:\/\/www.pasadenahoy.com\/primero\/wp-json\/wp\/v2\/comments?post=12602"}],"version-history":[{"count":2,"href":"http:\/\/www.pasadenahoy.com\/primero\/wp-json\/wp\/v2\/posts\/12602\/revisions"}],"predecessor-version":[{"id":12606,"href":"http:\/\/www.pasadenahoy.com\/primero\/wp-json\/wp\/v2\/posts\/12602\/revisions\/12606"}],"wp:featuredmedia":[{"embeddable":true,"href":"http:\/\/www.pasadenahoy.com\/primero\/wp-json\/wp\/v2\/media\/12603"}],"wp:attachment":[{"href":"http:\/\/www.pasadenahoy.com\/primero\/wp-json\/wp\/v2\/media?parent=12602"}],"wp:term":[{"taxonomy":"category","embeddable":true,"href":"http:\/\/www.pasadenahoy.com\/primero\/wp-json\/wp\/v2\/categories?post=12602"},{"taxonomy":"post_tag","embeddable":true,"href":"http:\/\/www.pasadenahoy.com\/primero\/wp-json\/wp\/v2\/tags?post=12602"}],"curies":[{"name":"wp","href":"https:\/\/api.w.org\/{rel}","templated":true}]}}