{"id":12615,"date":"2021-11-23T15:36:39","date_gmt":"2021-11-23T15:36:39","guid":{"rendered":"http:\/\/www.pasadenahoy.com\/primero\/?p=12615"},"modified":"2021-11-23T15:36:41","modified_gmt":"2021-11-23T15:36:41","slug":"orden-de-no-quemar-emitida-hasta-el-martes-por-la-noche-para-muchas-partes-de-southland","status":"publish","type":"post","link":"http:\/\/www.pasadenahoy.com\/primero\/la-comunidad\/orden-de-no-quemar-emitida-hasta-el-martes-por-la-noche-para-muchas-partes-de-southland\/","title":{"rendered":"Orden de no quemar emitida hasta el martes por la noche para muchas partes de Southland"},"content":{"rendered":"\n<figure class=\"wp-block-image alignnone size-large\"><figure class=\"alignnone\"><img loading=\"lazy\" width=\"700\" height=\"379\" src=\"http:\/\/www.pasadenahoy.com\/primero\/wp-content\/uploads\/2021\/11\/pic-4-13.jpg\" alt=\"\" class=\"wp-image-12616\" srcset=\"http:\/\/www.pasadenahoy.com\/primero\/wp-content\/uploads\/2021\/11\/pic-4-13.jpg 700w, http:\/\/www.pasadenahoy.com\/primero\/wp-content\/uploads\/2021\/11\/pic-4-13-300x162.jpg 300w, http:\/\/www.pasadenahoy.com\/primero\/wp-content\/uploads\/2021\/11\/pic-4-13-240x130.jpg 240w, http:\/\/www.pasadenahoy.com\/primero\/wp-content\/uploads\/2021\/11\/pic-4-13-332x180.jpg 332w, http:\/\/www.pasadenahoy.com\/primero\/wp-content\/uploads\/2021\/11\/pic-4-13-360x195.jpg 360w\" sizes=\"100vw\" \/><\/figure><\/figure>\n\n\n\n<p>El Distrito de Gesti\u00f3n de la Calidad del Aire de la Costa Sur ha emitido una prohibici\u00f3n obligatoria sobre la quema de madera en interiores y exteriores en gran parte de Southland hasta el martes por la noche debido a un pron\u00f3stico de alta contaminaci\u00f3n del aire en el \u00e1rea.<\/p>\n\n\n\n<p>La prohibici\u00f3n de quemar le\u00f1a residencial se extiende hasta las 11:59 p.m. para todos aquellos en la Cuenca A\u00e9rea de la Costa Sur, incluidos Pasadena y Altadena.<\/p>\n\n\n\n<p>La orden no se aplica a hogares de bajos ingresos y aquellos sin servicio de gas natural tambi\u00e9n est\u00e1n exentos del requisito.<\/p>\n\n\n\n<p>La regla de no quemar proh\u00edbe quemar madera, as\u00ed como troncos de fuego manufacturados, como los hechos de cera o papel.<\/p>\n\n\n\n<p>Las chimeneas de gas y otras que no sean de le\u00f1a no est\u00e1n restringidas, dijo la SCAQMD.<\/p>\n\n\n\n<p>Las part\u00edculas finas del humo de madera, tambi\u00e9n conocidas como part\u00edculas o PM2.5, pueden penetrar profundamente en los pulmones y causar problemas respiratorios como el asma.<\/p>\n\n\n\n<p>Los residentes pueden recibir notificaciones de d\u00edas sin quema al suscribirse a Air Alerts por correo electr\u00f3nico o mensaje de texto en <a href=\"http:\/\/www.airalerts.org\/\">www.AirAlerts.org.<\/a><\/p>\n","protected":false},"excerpt":{"rendered":"<p>El Distrito de Gesti\u00f3n de la Calidad del Aire de la Costa Sur ha emitido una prohibici\u00f3n obligatoria sobre la quema de madera en interiores y exteriores en gran parte de Southland hasta el martes por la noche debido a un pron\u00f3stico de alta contaminaci\u00f3n del aire en el \u00e1rea. La prohibici\u00f3n de quemar le\u00f1a residencial se extiende hasta las 11:59 p.m. para todos aquellos en la Cuenca A\u00e9rea de la Costa Sur, incluidos Pasadena y Altadena. La orden no [&hellip;]<\/p>\n","protected":false},"author":4,"featured_media":0,"comment_status":"open","ping_status":"closed","sticky":false,"template":"","format":"standard","meta":[],"categories":[4],"tags":[],"acf":[],"_links":{"self":[{"href":"http:\/\/www.pasadenahoy.com\/primero\/wp-json\/wp\/v2\/posts\/12615"}],"collection":[{"href":"http:\/\/www.pasadenahoy.com\/primero\/wp-json\/wp\/v2\/posts"}],"about":[{"href":"http:\/\/www.pasadenahoy.com\/primero\/wp-json\/wp\/v2\/types\/post"}],"author":[{"embeddable":true,"href":"http:\/\/www.pasadenahoy.com\/primero\/wp-json\/wp\/v2\/users\/4"}],"replies":[{"embeddable":true,"href":"http:\/\/www.pasadenahoy.com\/primero\/wp-json\/wp\/v2\/comments?post=12615"}],"version-history":[{"count":2,"href":"http:\/\/www.pasadenahoy.com\/primero\/wp-json\/wp\/v2\/posts\/12615\/revisions"}],"predecessor-version":[{"id":12618,"href":"http:\/\/www.pasadenahoy.com\/primero\/wp-json\/wp\/v2\/posts\/12615\/revisions\/12618"}],"wp:attachment":[{"href":"http:\/\/www.pasadenahoy.com\/primero\/wp-json\/wp\/v2\/media?parent=12615"}],"wp:term":[{"taxonomy":"category","embeddable":true,"href":"http:\/\/www.pasadenahoy.com\/primero\/wp-json\/wp\/v2\/categories?post=12615"},{"taxonomy":"post_tag","embeddable":true,"href":"http:\/\/www.pasadenahoy.com\/primero\/wp-json\/wp\/v2\/tags?post=12615"}],"curies":[{"name":"wp","href":"https:\/\/api.w.org\/{rel}","templated":true}]}}